{"id":2838,"date":"2022-01-12T10:35:48","date_gmt":"2022-01-12T13:35:48","guid":{"rendered":"https:\/\/noticiasnoface.com.br\/?p=2838"},"modified":"2022-01-12T10:37:07","modified_gmt":"2022-01-12T13:37:07","slug":"azevedo-parte-para-o-ataque-contra-demissoes-de-nao-vacinados","status":"publish","type":"post","link":"https:\/\/noticiasnoface.com.br\/index.php\/2022\/01\/12\/azevedo-parte-para-o-ataque-contra-demissoes-de-nao-vacinados\/","title":{"rendered":"Azevedo parte para o ataque contra demiss\u00f5es de n\u00e3o vacinados proposto pela governadora!"},"content":{"rendered":"\n<figure class=\"wp-block-image size-large\"><img data-opt-id=2005504595  fetchpriority=\"high\" decoding=\"async\" width=\"1280\" height=\"853\" src=\"https:\/\/mlbfrsat7ahr.i.optimole.com\/w:auto\/h:auto\/q:mauto\/ig:avif\/https:\/\/noticiasnoface.com.br\/wp-content\/uploads\/2022\/01\/img_4398.jpg\" alt=\"\" class=\"wp-image-2837\" srcset=\"https:\/\/mlbfrsat7ahr.i.optimole.com\/w:1280\/h:853\/q:mauto\/ig:avif\/https:\/\/noticiasnoface.com.br\/wp-content\/uploads\/2022\/01\/img_4398.jpg 1280w, https:\/\/mlbfrsat7ahr.i.optimole.com\/w:300\/h:200\/q:mauto\/ig:avif\/https:\/\/noticiasnoface.com.br\/wp-content\/uploads\/2022\/01\/img_4398.jpg 300w, https:\/\/mlbfrsat7ahr.i.optimole.com\/w:1024\/h:682\/q:mauto\/ig:avif\/https:\/\/noticiasnoface.com.br\/wp-content\/uploads\/2022\/01\/img_4398.jpg 1024w, https:\/\/mlbfrsat7ahr.i.optimole.com\/w:768\/h:512\/q:mauto\/ig:avif\/https:\/\/noticiasnoface.com.br\/wp-content\/uploads\/2022\/01\/img_4398.jpg 768w\" sizes=\"(max-width: 1000px) 100vw, 1000px\" \/><figcaption><em>Coronel Azevedo denuncia amea\u00e7a de demiss\u00e3o de trabalhadores pela Governadora F\u00e1tima Bezerra (PT)<\/em><br \/>A Governadora F\u00e1tima Bezerra do PT informou nesta ter\u00e7a-feira (11) que os \u00f3rg\u00e3os das administra\u00e7\u00f5es direta e indireta do Poder Executivo t\u00eam at\u00e9 o pr\u00f3ximo dia 20 de janeiro para encaminhar as informa\u00e7\u00f5es atualizadas do esquema vacinal contra a Covid-19 dos servidores p\u00fablicos, conforme exig\u00eancia do Decreto n\u00ba 31.022, de 26 de outubro de 2021, sob pena de demiss\u00e3o.<br \/>Para o Deputado Coronel Azevedo (PSC), \u201cisto \u00e9 um ato discricion\u00e1rio, uma amea\u00e7a de demiss\u00e3o dos servidores p\u00fablicos que n\u00e3o se submeterem a vontade pessoal da Governadora, j\u00e1 que \u00e9 decorrente de um decreto assinado pela petista, n\u00e3o \u00e9 lei aprovada no parlamento\u201d.<br \/>\u201cRealizei audi\u00eancia p\u00fablica na Assembleia Legislativa contra este tipo de discrimina\u00e7\u00e3o e amea\u00e7a. Apresentei projeto de Lei contra o passaporte sanit\u00e1rio. Estamos com assessoria jur\u00eddica a disposi\u00e7\u00e3o. N\u00e3o sou contra a vacina. Sou defensor do direito de decidir de cada um, frente aos riscos\/benef\u00edcios de cada op\u00e7\u00e3o\u201d, afirmou o parlamentar.<\/figcaption><\/figure>\n","protected":false},"excerpt":{"rendered":"","protected":false},"author":1,"featured_media":0,"comment_status":"open","ping_status":"open","sticky":false,"template":"","format":"standard","meta":{"site-sidebar-layout":"default","site-content-layout":"","ast-site-content-layout":"default","site-content-style":"default","site-sidebar-style":"default","ast-global-header-display":"","ast-banner-title-visibility":"","ast-main-header-display":"","ast-hfb-above-header-display":"","ast-hfb-below-header-display":"","ast-hfb-mobile-header-display":"","site-post-title":"","ast-breadcrumbs-content":"","ast-featured-img":"","footer-sml-layout":"","ast-disable-related-posts":"","theme-transparent-header-meta":"","adv-header-id-meta":"","stick-header-meta":"","header-above-stick-meta":"","header-main-stick-meta":"","header-below-stick-meta":"","astra-migrate-meta-layouts":"default","ast-page-background-enabled":"default","ast-page-background-meta":{"desktop":{"background-color":"var(--ast-global-color-4)","background-image":"","background-repeat":"repeat","background-position":"center center","background-size":"auto","background-attachment":"scroll","background-type":"","background-media":"","overlay-type":"","overlay-color":"","overlay-opacity":"","overlay-gradient":""},"tablet":{"background-color":"","background-image":"","background-repeat":"repeat","background-position":"center center","background-size":"auto","background-attachment":"scroll","background-type":"","background-media":"","overlay-type":"","overlay-color":"","overlay-opacity":"","overlay-gradient":""},"mobile":{"background-color":"","background-image":"","background-repeat":"repeat","background-position":"center center","background-size":"auto","background-attachment":"scroll","background-type":"","background-media":"","overlay-type":"","overlay-color":"","overlay-opacity":"","overlay-gradient":""}},"ast-content-background-meta":{"desktop":{"background-color":"var(--ast-global-color-5)","background-image":"","background-repeat":"repeat","background-position":"center center","background-size":"auto","background-attachment":"scroll","background-type":"","background-media":"","overlay-type":"","overlay-color":"","overlay-opacity":"","overlay-gradient":""},"tablet":{"background-color":"var(--ast-global-color-5)","background-image":"","background-repeat":"repeat","background-position":"center center","background-size":"auto","background-attachment":"scroll","background-type":"","background-media":"","overlay-type":"","overlay-color":"","overlay-opacity":"","overlay-gradient":""},"mobile":{"background-color":"var(--ast-global-color-5)","background-image":"","background-repeat":"repeat","background-position":"center center","background-size":"auto","background-attachment":"scroll","background-type":"","background-media":"","overlay-type":"","overlay-color":"","overlay-opacity":"","overlay-gradient":""}},"footnotes":""},"categories":[517],"tags":[],"class_list":["post-2838","post","type-post","status-publish","format-standard","hentry","category-aconteceu"],"_links":{"self":[{"href":"https:\/\/noticiasnoface.com.br\/index.php\/wp-json\/wp\/v2\/posts\/2838","targetHints":{"allow":["GET"]}}],"collection":[{"href":"https:\/\/noticiasnoface.com.br\/index.php\/wp-json\/wp\/v2\/posts"}],"about":[{"href":"https:\/\/noticiasnoface.com.br\/index.php\/wp-json\/wp\/v2\/types\/post"}],"author":[{"embeddable":true,"href":"https:\/\/noticiasnoface.com.br\/index.php\/wp-json\/wp\/v2\/users\/1"}],"replies":[{"embeddable":true,"href":"https:\/\/noticiasnoface.com.br\/index.php\/wp-json\/wp\/v2\/comments?post=2838"}],"version-history":[{"count":2,"href":"https:\/\/noticiasnoface.com.br\/index.php\/wp-json\/wp\/v2\/posts\/2838\/revisions"}],"predecessor-version":[{"id":2840,"href":"https:\/\/noticiasnoface.com.br\/index.php\/wp-json\/wp\/v2\/posts\/2838\/revisions\/2840"}],"wp:attachment":[{"href":"https:\/\/noticiasnoface.com.br\/index.php\/wp-json\/wp\/v2\/media?parent=2838"}],"wp:term":[{"taxonomy":"category","embeddable":true,"href":"https:\/\/noticiasnoface.com.br\/index.php\/wp-json\/wp\/v2\/categories?post=2838"},{"taxonomy":"post_tag","embeddable":true,"href":"https:\/\/noticiasnoface.com.br\/index.php\/wp-json\/wp\/v2\/tags?post=2838"}],"curies":[{"name":"wp","href":"https:\/\/api.w.org\/{rel}","templated":true}]}}