{"id":28381,"date":"2025-05-29T21:24:30","date_gmt":"2025-05-30T00:24:30","guid":{"rendered":"https:\/\/noticiasnoface.com.br\/?p=28381"},"modified":"2025-05-29T21:24:30","modified_gmt":"2025-05-30T00:24:30","slug":"vereador-eriko-jacome-amplia-acoes-na-zona-norte-com-visitas-e-articulacoes-junto-a-secretarias-e-liderancas","status":"publish","type":"post","link":"https:\/\/noticiasnoface.com.br\/index.php\/2025\/05\/29\/vereador-eriko-jacome-amplia-acoes-na-zona-norte-com-visitas-e-articulacoes-junto-a-secretarias-e-liderancas\/","title":{"rendered":"Vereador Eriko J\u00e1come amplia a\u00e7\u00f5es na Zona Norte com visitas e articula\u00e7\u00f5es junto a secretarias e lideran\u00e7as"},"content":{"rendered":"\n<figure class=\"wp-block-image size-large\"><img data-opt-id=1717789941  fetchpriority=\"high\" decoding=\"async\" width=\"1024\" height=\"813\" src=\"https:\/\/mlbfrsat7ahr.i.optimole.com\/w:1024\/h:813\/q:mauto\/ig:avif\/https:\/\/noticiasnoface.com.br\/wp-content\/uploads\/2025\/05\/9177454f-9339-4965-a148-96681108b1dd-1.jpg\" class=\"wp-image-28380\" srcset=\"https:\/\/mlbfrsat7ahr.i.optimole.com\/w:1024\/h:813\/q:mauto\/ig:avif\/https:\/\/noticiasnoface.com.br\/wp-content\/uploads\/2025\/05\/9177454f-9339-4965-a148-96681108b1dd-1.jpg 1024w, https:\/\/mlbfrsat7ahr.i.optimole.com\/w:300\/h:238\/q:mauto\/ig:avif\/https:\/\/noticiasnoface.com.br\/wp-content\/uploads\/2025\/05\/9177454f-9339-4965-a148-96681108b1dd-1.jpg 300w, https:\/\/mlbfrsat7ahr.i.optimole.com\/w:768\/h:609\/q:mauto\/ig:avif\/https:\/\/noticiasnoface.com.br\/wp-content\/uploads\/2025\/05\/9177454f-9339-4965-a148-96681108b1dd-1.jpg 768w, https:\/\/mlbfrsat7ahr.i.optimole.com\/w:1360\/h:1080\/q:mauto\/ig:avif\/https:\/\/noticiasnoface.com.br\/wp-content\/uploads\/2025\/05\/9177454f-9339-4965-a148-96681108b1dd-1.jpg 1536w, https:\/\/mlbfrsat7ahr.i.optimole.com\/w:1361\/h:1080\/q:mauto\/ig:avif\/https:\/\/noticiasnoface.com.br\/wp-content\/uploads\/2025\/05\/9177454f-9339-4965-a148-96681108b1dd-1.jpg 2000w\" sizes=\"(max-width: 1000px) 100vw, 1000px\" \/><\/figure>\n\n\n\n<p>O vereador Eriko J\u00e1come tem refor\u00e7ado seu compromisso com a Zona Norte de Natal, intensificando sua atua\u00e7\u00e3o em diversas frentes na regi\u00e3o. Com uma agenda cada vez mais movimentada, o parlamentar vem promovendo encontros com lideran\u00e7as comunit\u00e1rias e secret\u00e1rios municipais, com o objetivo de encaminhar solu\u00e7\u00f5es para demandas da popula\u00e7\u00e3o.<\/p>\n\n\n\n<p>Nos \u00faltimos dias, Eriko J\u00e1come tem visitado diversos bairros e conjuntos da Zona Norte, ouvindo de perto os moradores e organizando visitas t\u00e9cnicas com representantes da Prefeitura do Natal. A inten\u00e7\u00e3o \u00e9 acelerar a resolu\u00e7\u00e3o de problemas que impactam o dia a dia da popula\u00e7\u00e3o, como infraestrutura, mobilidade, seguran\u00e7a e saneamento.<\/p>\n\n\n\n<p>\u201cTenho visto de perto o quanto a Prefeitura do Natal tem trabalhado, e sei que posso contar com os secret\u00e1rios e as lideran\u00e7as comunit\u00e1rias para juntos visitarmos os bairros nas pr\u00f3ximas semanas e buscarmos solu\u00e7\u00f5es reais para as necessidades da popula\u00e7\u00e3o. Me coloco \u00e0 disposi\u00e7\u00e3o como chefe do Poder Legislativo. Devo muito \u00e0 Zona Norte de Natal, onde fui eleito com expressiva vota\u00e7\u00e3o, ficando em primeiro lugar nas \u00faltimas elei\u00e7\u00f5es. Tenho o compromisso, n\u00e3o s\u00f3 de querer, mas de intensificar cada vez mais nosso trabalho pelo desenvolvimento dessa \u00e1rea. Quero trabalhar muito por toda Natal, mas especialmente por essa regi\u00e3o que tanto confia no nosso mandato\u201d, afirmou o vereador.<\/p>\n\n\n\n<p>A expectativa \u00e9 que nas pr\u00f3ximas semanas novas visitas sejam realizadas com representantes das pastas respons\u00e1veis por obras, servi\u00e7os urbanos, sa\u00fade e assist\u00eancia social.<\/p>\n","protected":false},"excerpt":{"rendered":"<p>O vereador Eriko J\u00e1come tem refor\u00e7ado seu compromisso com a Zona Norte de Natal, intensificando sua atua\u00e7\u00e3o em diversas frentes [&hellip;]<\/p>\n","protected":false},"author":1,"featured_media":0,"comment_status":"closed","ping_status":"","sticky":false,"template":"","format":"image","meta":{"site-sidebar-layout":"default","site-content-layout":"","ast-site-content-layout":"default","site-content-style":"default","site-sidebar-style":"default","ast-global-header-display":"","ast-banner-title-visibility":"","ast-main-header-display":"","ast-hfb-above-header-display":"","ast-hfb-below-header-display":"","ast-hfb-mobile-header-display":"","site-post-title":"","ast-breadcrumbs-content":"","ast-featured-img":"","footer-sml-layout":"","ast-disable-related-posts":"","theme-transparent-header-meta":"","adv-header-id-meta":"","stick-header-meta":"","header-above-stick-meta":"","header-main-stick-meta":"","header-below-stick-meta":"","astra-migrate-meta-layouts":"default","ast-page-background-enabled":"default","ast-page-background-meta":{"desktop":{"background-color":"var(--ast-global-color-4)","background-image":"","background-repeat":"repeat","background-position":"center center","background-size":"auto","background-attachment":"scroll","background-type":"","background-media":"","overlay-type":"","overlay-color":"","overlay-opacity":"","overlay-gradient":""},"tablet":{"background-color":"","background-image":"","background-repeat":"repeat","background-position":"center center","background-size":"auto","background-attachment":"scroll","background-type":"","background-media":"","overlay-type":"","overlay-color":"","overlay-opacity":"","overlay-gradient":""},"mobile":{"background-color":"","background-image":"","background-repeat":"repeat","background-position":"center center","background-size":"auto","background-attachment":"scroll","background-type":"","background-media":"","overlay-type":"","overlay-color":"","overlay-opacity":"","overlay-gradient":""}},"ast-content-background-meta":{"desktop":{"background-color":"var(--ast-global-color-5)","background-image":"","background-repeat":"repeat","background-position":"center center","background-size":"auto","background-attachment":"scroll","background-type":"","background-media":"","overlay-type":"","overlay-color":"","overlay-opacity":"","overlay-gradient":""},"tablet":{"background-color":"var(--ast-global-color-5)","background-image":"","background-repeat":"repeat","background-position":"center center","background-size":"auto","background-attachment":"scroll","background-type":"","background-media":"","overlay-type":"","overlay-color":"","overlay-opacity":"","overlay-gradient":""},"mobile":{"background-color":"var(--ast-global-color-5)","background-image":"","background-repeat":"repeat","background-position":"center center","background-size":"auto","background-attachment":"scroll","background-type":"","background-media":"","overlay-type":"","overlay-color":"","overlay-opacity":"","overlay-gradient":""}},"footnotes":""},"categories":[3816],"tags":[],"class_list":["post-28381","post","type-post","status-publish","format-image","hentry","category-camara-municipal-de-natal","post_format-post-format-image"],"_links":{"self":[{"href":"https:\/\/noticiasnoface.com.br\/index.php\/wp-json\/wp\/v2\/posts\/28381","targetHints":{"allow":["GET"]}}],"collection":[{"href":"https:\/\/noticiasnoface.com.br\/index.php\/wp-json\/wp\/v2\/posts"}],"about":[{"href":"https:\/\/noticiasnoface.com.br\/index.php\/wp-json\/wp\/v2\/types\/post"}],"author":[{"embeddable":true,"href":"https:\/\/noticiasnoface.com.br\/index.php\/wp-json\/wp\/v2\/users\/1"}],"replies":[{"embeddable":true,"href":"https:\/\/noticiasnoface.com.br\/index.php\/wp-json\/wp\/v2\/comments?post=28381"}],"version-history":[{"count":1,"href":"https:\/\/noticiasnoface.com.br\/index.php\/wp-json\/wp\/v2\/posts\/28381\/revisions"}],"predecessor-version":[{"id":28382,"href":"https:\/\/noticiasnoface.com.br\/index.php\/wp-json\/wp\/v2\/posts\/28381\/revisions\/28382"}],"wp:attachment":[{"href":"https:\/\/noticiasnoface.com.br\/index.php\/wp-json\/wp\/v2\/media?parent=28381"}],"wp:term":[{"taxonomy":"category","embeddable":true,"href":"https:\/\/noticiasnoface.com.br\/index.php\/wp-json\/wp\/v2\/categories?post=28381"},{"taxonomy":"post_tag","embeddable":true,"href":"https:\/\/noticiasnoface.com.br\/index.php\/wp-json\/wp\/v2\/tags?post=28381"}],"curies":[{"name":"wp","href":"https:\/\/api.w.org\/{rel}","templated":true}]}}