{"id":28398,"date":"2025-05-30T21:21:25","date_gmt":"2025-05-31T00:21:25","guid":{"rendered":"https:\/\/noticiasnoface.com.br\/?p=28398"},"modified":"2025-05-30T21:22:06","modified_gmt":"2025-05-31T00:22:06","slug":"em-seminario-do-pl-no-ceara-rogerio-marinho-critica-roubo-de-aposentados-crime-hediondo","status":"publish","type":"post","link":"https:\/\/noticiasnoface.com.br\/index.php\/2025\/05\/30\/em-seminario-do-pl-no-ceara-rogerio-marinho-critica-roubo-de-aposentados-crime-hediondo\/","title":{"rendered":"Em Semin\u00e1rio do PL no Cear\u00e1, Rog\u00e9rio Marinho critica roubo de aposentados: &#8220;Crime hediondo&#8221;"},"content":{"rendered":"\n<figure class=\"wp-block-image size-large\"><img data-opt-id=498788217  fetchpriority=\"high\" decoding=\"async\" width=\"1024\" height=\"576\" src=\"https:\/\/mlbfrsat7ahr.i.optimole.com\/w:1024\/h:576\/q:mauto\/ig:avif\/https:\/\/noticiasnoface.com.br\/wp-content\/uploads\/2025\/05\/50d8f497-e688-4c9a-b35d-89e989394545-2-1.jpg\" alt=\"\" class=\"wp-image-28400\" srcset=\"https:\/\/mlbfrsat7ahr.i.optimole.com\/w:1024\/h:576\/q:mauto\/ig:avif\/https:\/\/noticiasnoface.com.br\/wp-content\/uploads\/2025\/05\/50d8f497-e688-4c9a-b35d-89e989394545-2-1.jpg 1024w, https:\/\/mlbfrsat7ahr.i.optimole.com\/w:300\/h:169\/q:mauto\/ig:avif\/https:\/\/noticiasnoface.com.br\/wp-content\/uploads\/2025\/05\/50d8f497-e688-4c9a-b35d-89e989394545-2-1.jpg 300w, https:\/\/mlbfrsat7ahr.i.optimole.com\/w:768\/h:432\/q:mauto\/ig:avif\/https:\/\/noticiasnoface.com.br\/wp-content\/uploads\/2025\/05\/50d8f497-e688-4c9a-b35d-89e989394545-2-1.jpg 768w, https:\/\/mlbfrsat7ahr.i.optimole.com\/w:1536\/h:864\/q:mauto\/ig:avif\/https:\/\/noticiasnoface.com.br\/wp-content\/uploads\/2025\/05\/50d8f497-e688-4c9a-b35d-89e989394545-2-1.jpg 1536w, https:\/\/mlbfrsat7ahr.i.optimole.com\/w:1600\/h:900\/q:mauto\/ig:avif\/https:\/\/noticiasnoface.com.br\/wp-content\/uploads\/2025\/05\/50d8f497-e688-4c9a-b35d-89e989394545-2-1.jpg 1600w\" sizes=\"(max-width: 1000px) 100vw, 1000px\" \/><\/figure>\n\n\n\n<figure class=\"wp-block-image size-large\"><img data-opt-id=1312166154  fetchpriority=\"high\" decoding=\"async\" src=\"file:\/\/\/private\/var\/mobile\/Containers\/Data\/Application\/2B5F0EFA-9CD2-46DC-A2DC-74FE2949AB0E\/tmp\/org.automattic.MediaImageServiceSymlinks\/thumbnail-daf5376c-349a-4fee-91c8-49d502a7c570-1600x900.jpeg\" alt=\"\" class=\"wp-image--97861805\"\/><\/figure>\n\n\n\n<p>Secret\u00e1rio-geral do Partido Liberal (PL), o senador Rog\u00e9rio Marinho participou nesta sexta-feira (30) do 2\u00ba Semin\u00e1rio de Comunica\u00e7\u00e3o da legenda, realizado em Fortaleza (CE). Em seu discurso, logo ap\u00f3s a abertura do evento pelo presidente da legenda, Valdemar Costa Neto, o parlamentar criticou o roubo de aposentados e destacou a import\u00e2ncia dos influenciadores digitais no debate em torno do assunto.<\/p>\n\n\n\n<p>&#8220;Descobrimos mais um crime hediondo da esquerda contra a popula\u00e7\u00e3o brasileira. Descobrimos que durante mais de 30 anos, est\u00e3o roubando dinheiro dos aposentados brasileiros&#8221;, disse o senador. Em seguida, Rog\u00e9rio Marinho enfatizou a import\u00e2ncia de cada brasileiro cobrar esclarecimentos em torno do esc\u00e2ndalo, mais um registrado em governos do PT.<\/p>\n\n\n\n<p>O parlamentar tamb\u00e9m ressaltou o trabalho organizacional que vem sendo realizado pelo PL, com destaque para a Academia Brasileira de Pol\u00edtica Conservadora, o Rota 22 e o pr\u00f3prio Semin\u00e1rio de Comunica\u00e7\u00e3o, que dever\u00e1 ter outra edi\u00e7\u00e3o em agosto, no Sudeste do pa\u00eds.<\/p>\n\n\n\n<p>O ex-presidente Jair Bolsonaro foi respons\u00e1vel pelo discurso de encerramento do Semin\u00e1rio em Fortaleza. Em seu pronunciamento, fez um alerta ao risco de censura que os brasileiros correm nas redes sociais, diante de medidas que est\u00e3o sendo debatidas pelo governo Lula e o Supremo Tribunal Federal (STF), a exemplo do julgamento marcado para quarta-feira (4), na Suprema Corte, que envolve a constitucionalidade do artigo 19, do Marco Civil da Internet, e pode regular as redes sociais no Brasil.<\/p>\n","protected":false},"excerpt":{"rendered":"<p>Secret\u00e1rio-geral do Partido Liberal (PL), o senador Rog\u00e9rio Marinho participou nesta sexta-feira (30) do 2\u00ba Semin\u00e1rio de Comunica\u00e7\u00e3o da legenda, [&hellip;]<\/p>\n","protected":false},"author":1,"featured_media":0,"comment_status":"closed","ping_status":"","sticky":false,"template":"","format":"image","meta":{"site-sidebar-layout":"default","site-content-layout":"","ast-site-content-layout":"default","site-content-style":"default","site-sidebar-style":"default","ast-global-header-display":"","ast-banner-title-visibility":"","ast-main-header-display":"","ast-hfb-above-header-display":"","ast-hfb-below-header-display":"","ast-hfb-mobile-header-display":"","site-post-title":"","ast-breadcrumbs-content":"","ast-featured-img":"","footer-sml-layout":"","ast-disable-related-posts":"","theme-transparent-header-meta":"","adv-header-id-meta":"","stick-header-meta":"","header-above-stick-meta":"","header-main-stick-meta":"","header-below-stick-meta":"","astra-migrate-meta-layouts":"default","ast-page-background-enabled":"default","ast-page-background-meta":{"desktop":{"background-color":"var(--ast-global-color-4)","background-image":"","background-repeat":"repeat","background-position":"center center","background-size":"auto","background-attachment":"scroll","background-type":"","background-media":"","overlay-type":"","overlay-color":"","overlay-opacity":"","overlay-gradient":""},"tablet":{"background-color":"","background-image":"","background-repeat":"repeat","background-position":"center center","background-size":"auto","background-attachment":"scroll","background-type":"","background-media":"","overlay-type":"","overlay-color":"","overlay-opacity":"","overlay-gradient":""},"mobile":{"background-color":"","background-image":"","background-repeat":"repeat","background-position":"center center","background-size":"auto","background-attachment":"scroll","background-type":"","background-media":"","overlay-type":"","overlay-color":"","overlay-opacity":"","overlay-gradient":""}},"ast-content-background-meta":{"desktop":{"background-color":"var(--ast-global-color-5)","background-image":"","background-repeat":"repeat","background-position":"center center","background-size":"auto","background-attachment":"scroll","background-type":"","background-media":"","overlay-type":"","overlay-color":"","overlay-opacity":"","overlay-gradient":""},"tablet":{"background-color":"var(--ast-global-color-5)","background-image":"","background-repeat":"repeat","background-position":"center center","background-size":"auto","background-attachment":"scroll","background-type":"","background-media":"","overlay-type":"","overlay-color":"","overlay-opacity":"","overlay-gradient":""},"mobile":{"background-color":"var(--ast-global-color-5)","background-image":"","background-repeat":"repeat","background-position":"center center","background-size":"auto","background-attachment":"scroll","background-type":"","background-media":"","overlay-type":"","overlay-color":"","overlay-opacity":"","overlay-gradient":""}},"footnotes":""},"categories":[517],"tags":[],"class_list":["post-28398","post","type-post","status-publish","format-image","hentry","category-aconteceu","post_format-post-format-image"],"_links":{"self":[{"href":"https:\/\/noticiasnoface.com.br\/index.php\/wp-json\/wp\/v2\/posts\/28398","targetHints":{"allow":["GET"]}}],"collection":[{"href":"https:\/\/noticiasnoface.com.br\/index.php\/wp-json\/wp\/v2\/posts"}],"about":[{"href":"https:\/\/noticiasnoface.com.br\/index.php\/wp-json\/wp\/v2\/types\/post"}],"author":[{"embeddable":true,"href":"https:\/\/noticiasnoface.com.br\/index.php\/wp-json\/wp\/v2\/users\/1"}],"replies":[{"embeddable":true,"href":"https:\/\/noticiasnoface.com.br\/index.php\/wp-json\/wp\/v2\/comments?post=28398"}],"version-history":[{"count":3,"href":"https:\/\/noticiasnoface.com.br\/index.php\/wp-json\/wp\/v2\/posts\/28398\/revisions"}],"predecessor-version":[{"id":28402,"href":"https:\/\/noticiasnoface.com.br\/index.php\/wp-json\/wp\/v2\/posts\/28398\/revisions\/28402"}],"wp:attachment":[{"href":"https:\/\/noticiasnoface.com.br\/index.php\/wp-json\/wp\/v2\/media?parent=28398"}],"wp:term":[{"taxonomy":"category","embeddable":true,"href":"https:\/\/noticiasnoface.com.br\/index.php\/wp-json\/wp\/v2\/categories?post=28398"},{"taxonomy":"post_tag","embeddable":true,"href":"https:\/\/noticiasnoface.com.br\/index.php\/wp-json\/wp\/v2\/tags?post=28398"}],"curies":[{"name":"wp","href":"https:\/\/api.w.org\/{rel}","templated":true}]}}