{"id":28403,"date":"2025-05-30T21:23:48","date_gmt":"2025-05-31T00:23:48","guid":{"rendered":"https:\/\/noticiasnoface.com.br\/?p=28403"},"modified":"2025-05-30T21:23:48","modified_gmt":"2025-05-31T00:23:48","slug":"sancao-de-trump-a-moraes-pode-provocar-ruptura-entre-brasil-e-eua-diz-nyt","status":"publish","type":"post","link":"https:\/\/noticiasnoface.com.br\/index.php\/2025\/05\/30\/sancao-de-trump-a-moraes-pode-provocar-ruptura-entre-brasil-e-eua-diz-nyt\/","title":{"rendered":"San\u00e7\u00e3o de Trump a Moraes pode provocar ruptura entre Brasil e EUA, diz NYT"},"content":{"rendered":"\n<p><\/p>\n\n\n\n<figure class=\"wp-block-image\"><img data-opt-id=787538888  fetchpriority=\"high\" decoding=\"async\" src=\"https:\/\/ichef.bbci.co.uk\/ace\/ws\/640\/cpsprodpb\/5867\/live\/3a467060-3d9d-11f0-bace-e1270fc31f5e.jpg.webp\" alt=\"Moraes caminhando no STF, com olhar s\u00e9rio\"\/><figcaption class=\"wp-element-caption\">Diversos jornais estrangeiros publicaram nessa semana sobre medidas do governo Trump que parecem mirar em Alexandre de Moraes<\/figcaption><\/figure>\n\n\n\n<p>Uma poss\u00edvel san\u00e7\u00e3o ao&nbsp;<a href=\"https:\/\/www.bbc.com\/portuguese\/topics\/cvjp2jw7y40t\" target=\"_blank\" rel=\"noopener\">ministro Alexandre de Moraes<\/a>, do&nbsp;<a href=\"https:\/\/www.bbc.com\/portuguese\/topics\/c7zp5z8dkr7t\" target=\"_blank\" rel=\"noopener\">Supremo Tribunal Federal (STF)<\/a>, pelo governo de Donald Trump pode provocar uma ruptura das rela\u00e7\u00f5es diplom\u00e1ticas entre os Estados Unidos e o Brasil, diz reportagem do jornal americano The New York Times (NYT).&nbsp;<\/p>\n\n\n\n<p>&#8220;A situa\u00e7\u00e3o poderia causar uma ruptura diplom\u00e1tica entre as duas maiores na\u00e7\u00f5es do Hemisf\u00e9rio Ocidental&#8221;, escreveu o correspondente do jornal no Rio de Janeiro, Jack Nicas.<\/p>\n\n\n\n<p>Em texto publicado na quinta-feira (29\/05), o jornalista afirma que Moraes seria um alvo da Casa Branca pela primeira vez ap\u00f3s ter tido embates com&nbsp;<a href=\"https:\/\/www.bbc.com\/portuguese\/articles\/cy762y20xn5o\" target=\"_blank\" rel=\"noopener\">o bilion\u00e1rio Elon Musk, que o desafiou<\/a>; e o presidente americano Donald Trump,&nbsp;<a href=\"https:\/\/www.bbc.com\/portuguese\/articles\/cyvep11qd6po\" target=\"_blank\" rel=\"noopener\">cuja empresa de m\u00eddia o processou<\/a>.<\/p>\n\n\n\n<p>De acordo com jornal, a evid\u00eancia de que Moraes estaria na mira do governo americano seria o&nbsp;<a href=\"https:\/\/www.bbc.com\/portuguese\/articles\/cn84x00x13qo\" target=\"_blank\" rel=\"noopener\">an\u00fancio feito na quarta (28) pelo secret\u00e1rio de Estado dos EUA, Marco Rubio, de que o pa\u00eds restringiria vistos de autoridades estrangeiras que seriam &#8220;c\u00famplices na censura de americanos&#8221;.<\/a><\/p>\n\n\n\n<p>Nas redes sociais, Rubio citou a Am\u00e9rica Latina como um exemplo de regi\u00e3o onde essa censura seria problem\u00e1tica \u2014 mas, dessa vez, n\u00e3o citou nominalmente Moraes.&nbsp;<\/p>\n\n\n\n<p>Na semana passada, Rubio chegou&nbsp;<a href=\"https:\/\/www.bbc.com\/portuguese\/articles\/ckg4d2n6exyo\" target=\"_blank\" rel=\"noopener\">a dizer no Congresso americano que o governo dos EUA estudava a possibilidade de sancionar Alexandre de Moraes por supostas a\u00e7\u00f5es do ministro contra a liberdade de express\u00e3o de pessoas e empresas dos EUA.<\/a>&nbsp;Moraes poderia ser enquadrado pela&nbsp;<a href=\"https:\/\/www.bbc.com\/portuguese\/articles\/ckg4d2n6exyo\" target=\"_blank\" rel=\"noopener\">Lei Global Magnitsky.<\/a><\/p>\n\n\n\n<p>&#8220;O Departamento de Estado n\u00e3o informou se o juiz Moraes \u00e9 alvo da a\u00e7\u00e3o. Mas a linguagem do Departamento de Estado se inclina fortemente para as cr\u00edticas contra ele, incluindo a de que vistos seriam restringidos para autoridades que exijam que empresas de tecnologia americanas removam conte\u00fado ou ameacem com mandados de pris\u00e3o residentes nos EUA por coisas que disseram online.&#8221;<\/p>\n\n\n\n<p>Ainda de acordo com o jornal americano, a reportagem teve acesso a uma carta que o Departamento de Justi\u00e7a dos EUA teria enviado nesse m\u00eas a Moraes, repreendendo-o por ordenar que a rede social Rumble bloqueasse as contas de um usu\u00e1rio espec\u00edfico.&nbsp;<\/p>\n\n\n\n<h2 class=\"wp-block-heading\">Mais jornais estrangeiros repercutem suposta ofensiva dos EUA contra Moraes<\/h2>\n\n\n\n<p>Na quarta-feira (28), o jornal brit\u00e2nico Financial Times (FT) tamb\u00e9m associou o an\u00fancio feito por Rubio naquele dia \u00e0 ofensiva contra Moraes.<\/p>\n\n\n\n<p>O FT noticiou algo tamb\u00e9m publicado pela BBC News Brasil:&nbsp;<a href=\"https:\/\/www.bbc.com\/portuguese\/articles\/cwyj1xj8652o\" target=\"_blank\" rel=\"noopener\">a movimenta\u00e7\u00e3o nos bastidores diplom\u00e1ticos, liderada pelo Itamaraty, para que os EUA retrocedam no plano de impor san\u00e7\u00f5es contra Moraes.&nbsp;<\/a><\/p>\n\n\n\n<p>&#8220;O governo esquerdista do Brasil est\u00e1 travando uma batalha diplom\u00e1tica de \u00faltima hora para impedir que os EUA imponham san\u00e7\u00f5es a um juiz do Supremo Tribunal Federal que supervisiona um caso no qual o ex-presidente Jair Bolsonaro est\u00e1 sendo processado por acusa\u00e7\u00f5es de conspira\u00e7\u00e3o golpista&#8221;, diz reportagem do FT, referindo-se a Moraes.<\/p>\n\n\n\n<p>Os autores do texto e correspondentes no Brasil, Michael Stott e Michael Pooler, afirmam que a movimenta\u00e7\u00e3o visa evitar uma colis\u00e3o entre as &#8220;duas na\u00e7\u00f5es com maior popula\u00e7\u00e3o nas Am\u00e9ricas&#8221;.<\/p>\n\n\n\n<p>De acordo com a reportagem, o governo americano &#8220;est\u00e1 cada vez mais solid\u00e1rio com os argumentos da fam\u00edlia de Bolsonaro e dos conservadores brasileiros&#8221; de que Jair Bolsonaro seria &#8220;v\u00edtima de persegui\u00e7\u00e3o pol\u00edtica&#8221;.<\/p>\n\n\n\n<p>O jornal cita a movimenta\u00e7\u00e3o do&nbsp;<a href=\"https:\/\/www.bbc.com\/portuguese\/articles\/c1w029j38z7o\" target=\"_blank\" rel=\"noopener\">deputado federal licenciado Eduardo Bolsonaro (PL-SP), filho de Jair que est\u00e1 morando nos EUA<\/a>&nbsp;e est\u00e1 pressionando para que o governo Trump e parlamentares republicanos ajam contra Moraes e o governo de Luiz In\u00e1cio Lula da Silva (PT).<\/p>\n\n\n\n<p>O tamb\u00e9m brit\u00e2nico The Guardian publicou na quarta-feira sobre o plano dos EUA de vetar vistos a autoridades estrangeiras. O t\u00edtulo foca no an\u00fancio de Rubio, mas ao longo do texto, o nome de Moraes \u00e9 citado.<\/p>\n\n\n\n<figure class=\"wp-block-image\"><img data-opt-id=168867048  fetchpriority=\"high\" decoding=\"async\" src=\"https:\/\/ichef.bbci.co.uk\/ace\/ws\/640\/cpsprodpb\/615c\/live\/9139ced0-3d9d-11f0-b6e6-4ddb91039da1.jpg.webp\" alt=\"Eduardo Bolsonaro em p\u00e9 e sorrindo em evento, observado por plateia\"\/><\/figure>\n\n\n\n<p>O Guardian lembrou que Rubio j\u00e1 havia sugerido que os EUA poderiam sancionar Moraes, &#8220;que batalhou contra o propriet\u00e1rio do X e aliado de Trump, Elon Musk, por suposta desinforma\u00e7\u00e3o&#8221;.<\/p>\n\n\n\n<p>O jornal argentino Clar\u00edn tamb\u00e9m citou Moraes ao noticiar o an\u00fancio de Rubio.&nbsp;<\/p>\n\n\n\n<p>Segundo Paula Lugones, correspondente em Washington, a inten\u00e7\u00e3o de bloquear vistos est\u00e1 relacionada a um projeto de parlamentares republicanos chamado &#8220;No Censors on our Shores Act&#8221; (em tradu\u00e7\u00e3o livre, &#8220;Lei Contra Censores em Nossas Fronteiras&#8221;).<\/p>\n\n\n\n<p>A proposta determina a deporta\u00e7\u00e3o ou a proibi\u00e7\u00e3o de entrada em territ\u00f3rio americano de autoridades estrangeiras acusadas de violar a Primeira Emenda da Constitui\u00e7\u00e3o dos Estados Unidos, que garante a liberdade de express\u00e3o.<\/p>\n\n\n\n<p>&#8220;A iniciativa foi motivada por uma disputa entre o propriet\u00e1rio do X, Elon Musk, e o ministro do Supremo Tribunal Federal Alexandre de Moraes, depois que a plataforma de m\u00eddia social foi obrigada a remover postagens&#8221;, escreveu a correspondente do Clar\u00edn na quarta-feira.<\/p>\n\n\n\n<p>A colunista Eunice Rend\u00f3n, do jornal mexicano El Universal, tamb\u00e9m relacionou em sua coluna o an\u00fancio feito por Rubio sobre a inten\u00e7\u00e3o de restringir vistos \u00e0 atua\u00e7\u00e3o de Moraes.&nbsp;<\/p>\n\n\n\n<p>&#8220;A medida est\u00e1 relacionada \u00e0 decis\u00e3o do ministro Alexandre de Moraes, do Supremo Tribunal Federal (STF), que determinou o bloqueio de diversas contas na rede social X (antigo Twitter) por disseminar desinforma\u00e7\u00e3o e discurso de \u00f3dio&#8221;, escreveu Rend\u00f3n.<\/p>\n","protected":false},"excerpt":{"rendered":"<p>Uma poss\u00edvel san\u00e7\u00e3o ao&nbsp;ministro Alexandre de Moraes, do&nbsp;Supremo Tribunal Federal (STF), pelo governo de Donald Trump pode provocar uma ruptura [&hellip;]<\/p>\n","protected":false},"author":1,"featured_media":0,"comment_status":"closed","ping_status":"","sticky":false,"template":"","format":"image","meta":{"site-sidebar-layout":"default","site-content-layout":"","ast-site-content-layout":"default","site-content-style":"default","site-sidebar-style":"default","ast-global-header-display":"","ast-banner-title-visibility":"","ast-main-header-display":"","ast-hfb-above-header-display":"","ast-hfb-below-header-display":"","ast-hfb-mobile-header-display":"","site-post-title":"","ast-breadcrumbs-content":"","ast-featured-img":"","footer-sml-layout":"","ast-disable-related-posts":"","theme-transparent-header-meta":"","adv-header-id-meta":"","stick-header-meta":"","header-above-stick-meta":"","header-main-stick-meta":"","header-below-stick-meta":"","astra-migrate-meta-layouts":"default","ast-page-background-enabled":"default","ast-page-background-meta":{"desktop":{"background-color":"var(--ast-global-color-4)","background-image":"","background-repeat":"repeat","background-position":"center center","background-size":"auto","background-attachment":"scroll","background-type":"","background-media":"","overlay-type":"","overlay-color":"","overlay-opacity":"","overlay-gradient":""},"tablet":{"background-color":"","background-image":"","background-repeat":"repeat","background-position":"center center","background-size":"auto","background-attachment":"scroll","background-type":"","background-media":"","overlay-type":"","overlay-color":"","overlay-opacity":"","overlay-gradient":""},"mobile":{"background-color":"","background-image":"","background-repeat":"repeat","background-position":"center center","background-size":"auto","background-attachment":"scroll","background-type":"","background-media":"","overlay-type":"","overlay-color":"","overlay-opacity":"","overlay-gradient":""}},"ast-content-background-meta":{"desktop":{"background-color":"var(--ast-global-color-5)","background-image":"","background-repeat":"repeat","background-position":"center center","background-size":"auto","background-attachment":"scroll","background-type":"","background-media":"","overlay-type":"","overlay-color":"","overlay-opacity":"","overlay-gradient":""},"tablet":{"background-color":"var(--ast-global-color-5)","background-image":"","background-repeat":"repeat","background-position":"center center","background-size":"auto","background-attachment":"scroll","background-type":"","background-media":"","overlay-type":"","overlay-color":"","overlay-opacity":"","overlay-gradient":""},"mobile":{"background-color":"var(--ast-global-color-5)","background-image":"","background-repeat":"repeat","background-position":"center center","background-size":"auto","background-attachment":"scroll","background-type":"","background-media":"","overlay-type":"","overlay-color":"","overlay-opacity":"","overlay-gradient":""}},"footnotes":""},"categories":[517],"tags":[],"class_list":["post-28403","post","type-post","status-publish","format-image","hentry","category-aconteceu","post_format-post-format-image"],"_links":{"self":[{"href":"https:\/\/noticiasnoface.com.br\/index.php\/wp-json\/wp\/v2\/posts\/28403","targetHints":{"allow":["GET"]}}],"collection":[{"href":"https:\/\/noticiasnoface.com.br\/index.php\/wp-json\/wp\/v2\/posts"}],"about":[{"href":"https:\/\/noticiasnoface.com.br\/index.php\/wp-json\/wp\/v2\/types\/post"}],"author":[{"embeddable":true,"href":"https:\/\/noticiasnoface.com.br\/index.php\/wp-json\/wp\/v2\/users\/1"}],"replies":[{"embeddable":true,"href":"https:\/\/noticiasnoface.com.br\/index.php\/wp-json\/wp\/v2\/comments?post=28403"}],"version-history":[{"count":1,"href":"https:\/\/noticiasnoface.com.br\/index.php\/wp-json\/wp\/v2\/posts\/28403\/revisions"}],"predecessor-version":[{"id":28404,"href":"https:\/\/noticiasnoface.com.br\/index.php\/wp-json\/wp\/v2\/posts\/28403\/revisions\/28404"}],"wp:attachment":[{"href":"https:\/\/noticiasnoface.com.br\/index.php\/wp-json\/wp\/v2\/media?parent=28403"}],"wp:term":[{"taxonomy":"category","embeddable":true,"href":"https:\/\/noticiasnoface.com.br\/index.php\/wp-json\/wp\/v2\/categories?post=28403"},{"taxonomy":"post_tag","embeddable":true,"href":"https:\/\/noticiasnoface.com.br\/index.php\/wp-json\/wp\/v2\/tags?post=28403"}],"curies":[{"name":"wp","href":"https:\/\/api.w.org\/{rel}","templated":true}]}}