{"id":28440,"date":"2025-06-02T21:46:19","date_gmt":"2025-06-03T00:46:19","guid":{"rendered":"https:\/\/noticiasnoface.com.br\/?p=28440"},"modified":"2025-06-02T21:46:19","modified_gmt":"2025-06-03T00:46:19","slug":"ricos-comecam-a-fugir-da-gra-bretanha-em-meio-a-ataques-fiscais-do-governo-esquerdista","status":"publish","type":"post","link":"https:\/\/noticiasnoface.com.br\/index.php\/2025\/06\/02\/ricos-comecam-a-fugir-da-gra-bretanha-em-meio-a-ataques-fiscais-do-governo-esquerdista\/","title":{"rendered":"Ricos come\u00e7am a fugir da Gr\u00e3-Bretanha em meio a ataques fiscais do governo esquerdista"},"content":{"rendered":"\n<p>O primeiro-ministro esquerdista Sir Keir Starmer alertou que aqueles com os \u201combros mais largos\u201d carregariam o fardo de \u201cconsertar\u201d as finan\u00e7as p\u00fablicas do pa\u00eds.<\/p>\n\n\n\n<figure class=\"wp-block-image\"><img data-opt-id=495248540  fetchpriority=\"high\" decoding=\"async\" src=\"https:\/\/diariodoinformante.com\/wp-content\/uploads\/2024\/09\/e1707407477842.webp\" alt=\"\"\/><\/figure>\n\n\n\n<p>Os ricos come\u00e7am a retirar seus recursos da Gr\u00e3-Bretanha \u00e0 medida que crescem os temores sobre uma s\u00e9rie de aumentos de impostos no primeiro or\u00e7amento do governo de extrema-esquerda.<\/p>\n\n\n\n<p>Um \u00eaxodo de capital est\u00e1 sendo relatado por banqueiros, consultores financeiros e chefes de neg\u00f3cios, com especialistas alertando que a chanceler Rachel Reeves corre o risco de arruinar o crescimento econ\u00f4mico do pa\u00eds com um aumento amplamente esperado no imposto sobre ganhos de capital (CGT).<\/p>\n\n\n\n<p>Os temores de uma invas\u00e3o fiscal entre os brit\u00e2nicos que t\u00eam neg\u00f3cios, propriedades e outros ativos aumentaram recentemente, depois que o governo anunciou um rombo de \u00a3 22 bilh\u00f5es nas finan\u00e7as p\u00fablicas.<\/p>\n\n\n\n<p>O primeiro-ministro esquerdista Sir Keir Starmer alertou que aqueles com os \u201combros mais largos\u201d carregariam o fardo de \u201cconsertar\u201d as finan\u00e7as p\u00fablicas do pa\u00eds.<\/p>\n\n\n\n<p>Ceri Vokes, s\u00f3cia do escrit\u00f3rio de advocacia Withers Worldwide, que trabalha com empres\u00e1rios e executivos de private equity, disse ao Telegraph que v\u00e1rios de seus clientes ricos j\u00e1 se mudaram para o exterior este ano, com a elei\u00e7\u00e3o sendo \u201co principal impulsionador\u201d.<\/p>\n\n\n\n<p>\u201cPessoas com centenas de milh\u00f5es de libras [est\u00e3o saindo] porque as mudan\u00e7as podem ser mais impactantes para elas\u201d, acrescentou.<\/p>\n\n\n\n<p>Aqueles que fazem as malas e se mudam para o exterior s\u00e3o tipicamente empreendedores e executivos de private equity na faixa de renda mais alta, disse ela. It\u00e1lia, Emirados \u00c1rabes Unidos (EAU) e Su\u00ed\u00e7a est\u00e3o entre os destinos mais populares.<\/p>\n\n\n\n<p>Outros pa\u00edses mais atraentes incluem a Espanha, onde, de acordo com a \u201cLei de Beckham\u201d, em homenagem ao famoso jogador de futebol, os ganhos em ativos n\u00e3o espanh\u00f3is n\u00e3o s\u00e3o tributados.<\/p>\n\n\n\n<p>A Irlanda tamb\u00e9m tem seu pr\u00f3prio regime de non-dom, que \u00e9 a resid\u00eancia para fins fiscais, permitindo que ganhos e renda estrangeiros cres\u00e7am isentos de impostos.<\/p>\n\n\n\n<p>Os lucros advindos da venda de um neg\u00f3cio s\u00e3o, atualmente, tributados em 20%, mas muitos investidores t\u00eam receio de que o Partido Trabalhista procure adequar essas taxas ao imposto de renda, que atualmente \u00e9 de 45% para contribuintes adicionais. Isso significa que muitos empres\u00e1rios que venderem ap\u00f3s as mudan\u00e7as fiscais perderiam uma quantia significativa para o Tesouro.<\/p>\n\n\n\n<p>Dessa forma, os empres\u00e1rios come\u00e7aram a elaborar planos de emerg\u00eancia para tirar seu dinheiro o mais breve poss\u00edvel antes de qualquer aumento de impostos.<\/p>\n\n\n\n<p><\/p>\n","protected":false},"excerpt":{"rendered":"<p>O primeiro-ministro esquerdista Sir Keir Starmer alertou que aqueles com os \u201combros mais largos\u201d carregariam o fardo de \u201cconsertar\u201d as [&hellip;]<\/p>\n","protected":false},"author":1,"featured_media":0,"comment_status":"closed","ping_status":"","sticky":false,"template":"","format":"image","meta":{"site-sidebar-layout":"default","site-content-layout":"","ast-site-content-layout":"default","site-content-style":"default","site-sidebar-style":"default","ast-global-header-display":"","ast-banner-title-visibility":"","ast-main-header-display":"","ast-hfb-above-header-display":"","ast-hfb-below-header-display":"","ast-hfb-mobile-header-display":"","site-post-title":"","ast-breadcrumbs-content":"","ast-featured-img":"","footer-sml-layout":"","ast-disable-related-posts":"","theme-transparent-header-meta":"","adv-header-id-meta":"","stick-header-meta":"","header-above-stick-meta":"","header-main-stick-meta":"","header-below-stick-meta":"","astra-migrate-meta-layouts":"default","ast-page-background-enabled":"default","ast-page-background-meta":{"desktop":{"background-color":"var(--ast-global-color-4)","background-image":"","background-repeat":"repeat","background-position":"center center","background-size":"auto","background-attachment":"scroll","background-type":"","background-media":"","overlay-type":"","overlay-color":"","overlay-opacity":"","overlay-gradient":""},"tablet":{"background-color":"","background-image":"","background-repeat":"repeat","background-position":"center center","background-size":"auto","background-attachment":"scroll","background-type":"","background-media":"","overlay-type":"","overlay-color":"","overlay-opacity":"","overlay-gradient":""},"mobile":{"background-color":"","background-image":"","background-repeat":"repeat","background-position":"center center","background-size":"auto","background-attachment":"scroll","background-type":"","background-media":"","overlay-type":"","overlay-color":"","overlay-opacity":"","overlay-gradient":""}},"ast-content-background-meta":{"desktop":{"background-color":"var(--ast-global-color-5)","background-image":"","background-repeat":"repeat","background-position":"center center","background-size":"auto","background-attachment":"scroll","background-type":"","background-media":"","overlay-type":"","overlay-color":"","overlay-opacity":"","overlay-gradient":""},"tablet":{"background-color":"var(--ast-global-color-5)","background-image":"","background-repeat":"repeat","background-position":"center center","background-size":"auto","background-attachment":"scroll","background-type":"","background-media":"","overlay-type":"","overlay-color":"","overlay-opacity":"","overlay-gradient":""},"mobile":{"background-color":"var(--ast-global-color-5)","background-image":"","background-repeat":"repeat","background-position":"center center","background-size":"auto","background-attachment":"scroll","background-type":"","background-media":"","overlay-type":"","overlay-color":"","overlay-opacity":"","overlay-gradient":""}},"footnotes":""},"categories":[3818],"tags":[],"class_list":["post-28440","post","type-post","status-publish","format-image","hentry","category-geral","post_format-post-format-image"],"_links":{"self":[{"href":"https:\/\/noticiasnoface.com.br\/index.php\/wp-json\/wp\/v2\/posts\/28440","targetHints":{"allow":["GET"]}}],"collection":[{"href":"https:\/\/noticiasnoface.com.br\/index.php\/wp-json\/wp\/v2\/posts"}],"about":[{"href":"https:\/\/noticiasnoface.com.br\/index.php\/wp-json\/wp\/v2\/types\/post"}],"author":[{"embeddable":true,"href":"https:\/\/noticiasnoface.com.br\/index.php\/wp-json\/wp\/v2\/users\/1"}],"replies":[{"embeddable":true,"href":"https:\/\/noticiasnoface.com.br\/index.php\/wp-json\/wp\/v2\/comments?post=28440"}],"version-history":[{"count":1,"href":"https:\/\/noticiasnoface.com.br\/index.php\/wp-json\/wp\/v2\/posts\/28440\/revisions"}],"predecessor-version":[{"id":28441,"href":"https:\/\/noticiasnoface.com.br\/index.php\/wp-json\/wp\/v2\/posts\/28440\/revisions\/28441"}],"wp:attachment":[{"href":"https:\/\/noticiasnoface.com.br\/index.php\/wp-json\/wp\/v2\/media?parent=28440"}],"wp:term":[{"taxonomy":"category","embeddable":true,"href":"https:\/\/noticiasnoface.com.br\/index.php\/wp-json\/wp\/v2\/categories?post=28440"},{"taxonomy":"post_tag","embeddable":true,"href":"https:\/\/noticiasnoface.com.br\/index.php\/wp-json\/wp\/v2\/tags?post=28440"}],"curies":[{"name":"wp","href":"https:\/\/api.w.org\/{rel}","templated":true}]}}