{"id":28446,"date":"2025-06-03T13:41:43","date_gmt":"2025-06-03T16:41:43","guid":{"rendered":"https:\/\/noticiasnoface.com.br\/?p=28446"},"modified":"2025-06-03T13:41:43","modified_gmt":"2025-06-03T16:41:43","slug":"justica-manda-soltar-poze-do-rodo","status":"publish","type":"post","link":"https:\/\/noticiasnoface.com.br\/index.php\/2025\/06\/03\/justica-manda-soltar-poze-do-rodo\/","title":{"rendered":"Justi\u00e7a manda soltar Poze do Rodo"},"content":{"rendered":"\n<h2 class=\"wp-block-heading subhead\">O MC foi preso por agentes da Delegacia de Repress\u00e3o a Entorpecentes (DRE) da Pol\u00edcia Civil do RJ. Poze \u00e9 investigado por apologia ao crime e por envolvimento com o tr\u00e1fico de drogas.<\/h2>\n\n\n\n<p>Por&nbsp;<a href=\"https:\/\/g1.globo.com\/autores\/rafael-nascimento\/\" target=\"_blank\" rel=\"noopener\">Rafael Nascimento<\/a>,&nbsp;<a href=\"https:\/\/g1.globo.com\/autores\/thais-espirito-santo\/\" target=\"_blank\" rel=\"noopener\">Tha\u00eds Esp\u00edrito Santo<\/a>, g1 Rio&nbsp;<\/p>\n\n\n\n<p>02\/06\/2025 19h15&nbsp;Atualizado&nbsp;h\u00e1 17 horas<\/p>\n\n\n\n<figure class=\"wp-block-image size-large\"><img data-opt-id=1120239597  fetchpriority=\"high\" decoding=\"async\" width=\"300\" height=\"169\" src=\"https:\/\/mlbfrsat7ahr.i.optimole.com\/w:300\/h:169\/q:mauto\/ig:avif\/https:\/\/noticiasnoface.com.br\/wp-content\/uploads\/2025\/06\/img_6575-1.jpg\" class=\"wp-image-28445\" srcset=\"https:\/\/mlbfrsat7ahr.i.optimole.com\/w:300\/h:169\/q:mauto\/ig:avif\/https:\/\/noticiasnoface.com.br\/wp-content\/uploads\/2025\/06\/img_6575-1.jpg 300w, https:\/\/mlbfrsat7ahr.i.optimole.com\/w:600\/h:338\/q:mauto\/ig:avif\/https:\/\/noticiasnoface.com.br\/wp-content\/uploads\/2025\/06\/img_6575-1.jpg 600w\" sizes=\"(max-width: 300px) 100vw, 300px\" \/><\/figure>\n\n\n\n<hr class=\"wp-block-separator has-alpha-channel-opacity\"\/>\n\n\n\n<p>Justi\u00e7a manda soltar Poze do Rodo&nbsp;<\/p>\n\n\n\n<p>A Justi\u00e7a do Rio concedeu habeas corpus nesta segunda-feira (2) para o cantor Marlon Brendon Coelho Couto, o MC Poze do Rodo,&nbsp;<a href=\"https:\/\/g1.globo.com\/rj\/rio-de-janeiro\/noticia\/2025\/05\/29\/mc-poze-do-rodo.ghtml\" target=\"_blank\" rel=\"noopener\">preso no \u00faltimo dia (29).&nbsp;<\/a>A decis\u00e3o revogou a pris\u00e3o tempor\u00e1ria do MC.&nbsp;<\/p>\n\n\n\n<p>At\u00e9 a noite desta segunda, a Secretaria de Administra\u00e7\u00e3o Penitenci\u00e1ria ainda n\u00e3o tinha sido notificada da decis\u00e3o e o MC continuava no pres\u00eddio de Bangu 3, no Complexo de Gericin\u00f3.<\/p>\n\n\n\n<p>O desembargador Peterson Barroso, da Segunda C\u00e2mara Criminal, determinou a soltura e o cumprimento de medidas cautelares pelo artista. Na decis\u00e3o, ele avaliou que a medida de pris\u00e3o n\u00e3o se sustentava, pois n\u00e3o ficou demonstrada a imprescindibilidade da pris\u00e3o para a investiga\u00e7\u00e3o.<\/p>\n\n\n\n<p>Na decis\u00e3o, Sim\u00f5es fez cr\u00edticas a forma da pris\u00e3o de MC Poze feita pela Pol\u00edcia Civil do RJ. O desembargador escreveu que &#8220;h\u00e1 ind\u00edcios que comprometem o procedimento regular da pol\u00edcia. Pelo pouco que se sabe, o paciente teria sido algemado e tratado de forma desproporcional, com ampla exposi\u00e7\u00e3o midi\u00e1tica, fato a ser apurado posteriormente.&#8221;&nbsp;<\/p>\n\n\n\n<p>Al\u00e9m disso, o magistrado tamb\u00e9m ponderou que MC Poze j\u00e1 tinha sido investigado em outro processo semelhante e absolvido em primeira e segunda inst\u00e2ncia.&nbsp;<\/p>\n\n\n\n<p>&#8220;O alvo da pris\u00e3o n\u00e3o deve ser o mais fraco \u2013 o paciente, e sim os comandantes de fac\u00e7\u00e3o temerosa, abusada e violenta, que corrompe, mata, rouba, pratica o tr\u00e1fico, al\u00e9m de outros tipos penais em preju\u00edzo das pessoas e da sociedade&#8221;, escreveu o desembargador.<\/p>\n\n\n\n<p>&#8220;Registre-se, na oportunidade, que aqueles que levam fortuna do INSS contra idosos ficam tranquilos por nada acontecer e, ao mesmo tempo, prende-se um jovem que trabalha cantando e ganhando seu p\u00e3o de cada dia, podendo responder \u00e0 investiga\u00e7\u00e3o e processo criminal em liberdade. Tais extremos n\u00e3o combinam&#8221;, acrescentou.<\/p>\n\n\n\n<p>Ap\u00f3s ser solto, o MC ter\u00e1 que cumprir as seguintes medidas:&nbsp;<\/p>\n\n\n\n<ol class=\"wp-block-list\">\n<li>comparecimento mensal em ju\u00edzo at\u00e9 o dia 10 de cada m\u00eas para informar e justificar suas atividades;<\/li>\n\n\n\n<li>n\u00e3o se ausentar da Comarca enquanto perdurar a an\u00e1lise do m\u00e9rito deste habeas corpus;<\/li>\n\n\n\n<li>permanecer \u00e0 disposi\u00e7\u00e3o da Justi\u00e7a informando telefone para contato imediato caso seja necess\u00e1rio;<\/li>\n\n\n\n<li>proibi\u00e7\u00e3o de mudar-se de endere\u00e7o sem comunicar ao Ju\u00edzo;<\/li>\n\n\n\n<li>proibi\u00e7\u00e3o de comunicar-se com pessoas investigadas pelos fatos envolvidos neste inqu\u00e9rito, testemunhas, bem como pessoas ligadas \u00e0 fac\u00e7\u00e3o criminosa Comando Vermelho;<\/li>\n\n\n\n<li>obriga\u00e7\u00e3o de entregar o passaporte \u00e0 Secretaria do Ju\u00edzo origin\u00e1rio<\/li>\n<\/ol>\n\n\n\n<p>&#8221;Decis\u00e3o serena que restabelece a liberdade e d\u00e1 espa\u00e7o a \u00fanica presun\u00e7\u00e3o existente no direito: a de inoc\u00eancia\u201d, disse o advogado Fernando Henrique Cardoso Neves, advogado de Poze.<\/p>\n\n\n\n<figure class=\"wp-block-image\"><img data-opt-id=1154967000  fetchpriority=\"high\" decoding=\"async\" src=\"https:\/\/s2-g1.glbimg.com\/dUYM2VCNTzzqSQpfVARmxRp43rs=\/0x0:1920x1080\/600x0\/smart\/filters:gifv():strip_icc()\/i.s3.glbimg.com\/v1\/AUTH_59edd422c0c84a879bd37670ae4f538a\/internal_photos\/bs\/2025\/v\/B\/vBBxSVTPCzxq1CchUjxA\/rj1-poze-polinter2.jpeg\" alt=\"Poze do Rodo foi levado da DRE para a Polinter, na Cidade da Pol\u00edcia, na Zona Norte do Rio \u2014 Foto: Reprodu\u00e7\u00e3o\/ TV Globo\"\/><\/figure>\n\n\n\n<p>Poze do Rodo foi levado da DRE para a Polinter, na Cidade da Pol\u00edcia, na Zona Norte do Rio \u2014 Foto: Reprodu\u00e7\u00e3o\/ TV Globo&nbsp;<\/p>\n\n\n\n<p>O MC foi&nbsp;<a href=\"https:\/\/g1.globo.com\/rj\/rio-de-janeiro\/noticia\/2025\/05\/29\/mc-poze-do-rodo.ghtml\" target=\"_blank\" rel=\"noopener\">preso por agentes da Delegacia de Repress\u00e3o a Entorpecentes (DRE) da Pol\u00edcia Civil do RJ.&nbsp;<\/a>Poze \u00e9 investigado por apologia ao crime e por envolvimento com o tr\u00e1fico de drogas. Segundo a pol\u00edcia, o cantor tamb\u00e9m \u00e9 investigado por lavar dinheiro do tr\u00e1fico, mais especificamente da fac\u00e7\u00e3o Comando Vermelho.<\/p>\n\n\n\n<p>Policiais cumpriram o mandado de pris\u00e3o tempor\u00e1ria na casa dele, em um condom\u00ednio de luxo no Recreio dos Bandeirantes, na Zona Oeste do Rio de Janeiro.<\/p>\n\n\n\n<p>De acordo com as investiga\u00e7\u00f5es, Poze realiza shows exclusivamente em \u00e1reas dominadas pelo Comando Vermelho (CV), com a presen\u00e7a ostensiva de traficantes armados com fuzis, a fim de garantir a \u201cseguran\u00e7a\u201d do artista e do evento.<\/p>\n\n\n\n<ul class=\"wp-block-list\">\n<li><a href=\"https:\/\/www.instagram.com\/bdrj.globo\/\" target=\"_blank\" rel=\"noreferrer noopener\">Clique aqui e siga o perfil do Bom Dia Rio no Instagram<\/a><\/li>\n<\/ul>\n\n\n\n<p>Ainda de acordo com a DRE, o repert\u00f3rio das m\u00fasicas de Poze \u201cfaz clara apologia ao tr\u00e1fico de drogas e ao uso ilegal de armas de fogo\u201d e \u201cincita confrontos armados entre fac\u00e7\u00f5es rivais, o que frequentemente resulta em v\u00edtimas inocentes\u201d.<\/p>\n\n\n\n<p>A delegacia afirma que shows de Poze s\u00e3o estrategicamente utilizados pela fac\u00e7\u00e3o \u201cpara aumentar seus lucros com a venda de entorpecentes, revertendo os recursos para a aquisi\u00e7\u00e3o de mais drogas, armas de fogo e outros equipamentos necess\u00e1rios \u00e0 pr\u00e1tica de crimes\u201d.<\/p>\n\n\n\n<p>\u201cA Pol\u00edcia Civil refor\u00e7a que as letras extrapolam os limites constitucionais da liberdade de express\u00e3o e art\u00edstica, configurando crimes graves de apologia ao crime e associa\u00e7\u00e3o para o tr\u00e1fico de drogas. As investiga\u00e7\u00f5es continuam para identificar outros envolvidos e os financiadores diretos dos eventos criminosos\u201d, declarou a institui\u00e7\u00e3o.<\/p>\n\n\n\n<p>O RJ2 mostrou no \u00faltimo dia 19 que a DRE tinha aberto uma investiga\u00e7\u00e3o depois que v\u00eddeos de um baile funk na Cidade de Deus, na Zona Oeste do Rio, onde Poze se apresentava viralizaram.<\/p>\n\n\n\n<p>Criminosos assistiam ao show de Poze exibindo fuzis e ainda filmavam, sem qualquer tipo de disfarce ou receio de serem identificados.<\/p>\n\n\n\n<p>O show, no qual o cantor entoou diversas m\u00fasicas enaltecendo o CV, ocorreu dias antes da morte do policial civil Jos\u00e9 Ant\u00f4nio Louren\u00e7o, integrante da Coordenadoria de Recursos Especiais (Core), em uma opera\u00e7\u00e3o policial na comunidade.<\/p>\n\n\n\n<p>Aquele n\u00e3o tinha sido o 1\u00ba baile de Poze com a presen\u00e7a de traficantes armados. Em 2020, por exemplo, o MC foi visto em um evento semelhante no Jacar\u00e9.<\/p>\n\n\n\n<p>Segundo a pol\u00edcia, outros artistas<a href=\"https:\/\/g1.globo.com\/rj\/rio-de-janeiro\/noticia\/2025\/05\/29\/policia-investiga-gravadora-de-poze-por-lavagem-de-dinheiro-e-apologia-ao-trafico.ghtml\" target=\"_blank\" rel=\"noopener\">&nbsp;tamb\u00e9m s\u00e3o investigados por apologia ao tr\u00e1fico.<\/a><\/p>\n\n\n\n<p>O advogado Fernando Henrique Cardoso, que representa, Poze do Rodo, Cabelinho e Oruam, afirmou que existe uma narrativa de persegui\u00e7\u00e3o a determinados g\u00eaneros musicais e lembrou que, inicialmente, o samba tamb\u00e9m foi criminalizado.<\/p>\n\n\n\n<p>&#8220;Em rela\u00e7\u00e3o a isso, essa narrativa de pesquisar determinado g\u00eanero musical, cena art\u00edstica, primeiro o samba foi criminalizado. Isso n\u00e3o \u00e9 novo. Essas supostas falas da pol\u00edcia fazem parte de uma narrativa que criminaliza e exclui as manifesta\u00e7\u00f5es art\u00edsticas\u201d, falou o advogado.<\/p>\n\n\n\n<h2 class=\"wp-block-heading\"><strong>Declara\u00e7\u00e3o de liga\u00e7\u00e3o com o CV<\/strong><\/h2>\n\n\n\n<p>Ao dar entrada no sistema penitenci\u00e1rio, Poze&nbsp;<a href=\"https:\/\/g1.globo.com\/rj\/rio-de-janeiro\/noticia\/2025\/05\/30\/poze-do-rodo-bangu.ghtml\" target=\"_blank\" rel=\"noopener\">afirmou para a Secretaria de Administra\u00e7\u00e3o Penitenci\u00e1ria (Seap) ter liga\u00e7\u00e3o com a fac\u00e7\u00e3o Comando Vermelho.<\/a><\/p>\n\n\n\n<p>Toda pessoa que entra no sistema penitenci\u00e1rio fluminense precisa preencher uma ficha com informa\u00e7\u00f5es b\u00e1sicas sobre a pris\u00e3o. Um dos campos, \u201cideologia declarada\u201d, diz respeito \u00e0 fac\u00e7\u00e3o \u00e0 qual esse preso diz pertencer.<\/p>\n\n\n\n<p>N\u00e3o se trata de uma confiss\u00e3o de culpa: a fim de evitar conflitos, as cadeias do RJ tamb\u00e9m s\u00e3o divididas entre fac\u00e7\u00f5es. Uma unidade, por exemplo, abriga s\u00f3 presos declarados do Comando Vermelho, longe das alas que recebem os rivais do Terceiro Comando Puro.<\/p>\n\n\n\n<p>O g1 teve acesso ao prontu\u00e1rio preenchido pelo cantor. O MC marcou a op\u00e7\u00e3o Comando Vermelho.<\/p>\n\n\n\n<p>Com a declara\u00e7\u00e3o, ele foi levado para a Penitenci\u00e1ria Serrano Neves, conhecida como Bangu 3, no Complexo de Gericin\u00f3, uma das unidades prisionais onde est\u00e3o membros do CV.<\/p>\n","protected":false},"excerpt":{"rendered":"<p>O MC foi preso por agentes da Delegacia de Repress\u00e3o a Entorpecentes (DRE) da Pol\u00edcia Civil do RJ. Poze \u00e9 [&hellip;]<\/p>\n","protected":false},"author":1,"featured_media":0,"comment_status":"closed","ping_status":"","sticky":false,"template":"","format":"image","meta":{"site-sidebar-layout":"default","site-content-layout":"","ast-site-content-layout":"default","site-content-style":"default","site-sidebar-style":"default","ast-global-header-display":"","ast-banner-title-visibility":"","ast-main-header-display":"","ast-hfb-above-header-display":"","ast-hfb-below-header-display":"","ast-hfb-mobile-header-display":"","site-post-title":"","ast-breadcrumbs-content":"","ast-featured-img":"","footer-sml-layout":"","ast-disable-related-posts":"","theme-transparent-header-meta":"","adv-header-id-meta":"","stick-header-meta":"","header-above-stick-meta":"","header-main-stick-meta":"","header-below-stick-meta":"","astra-migrate-meta-layouts":"default","ast-page-background-enabled":"default","ast-page-background-meta":{"desktop":{"background-color":"var(--ast-global-color-4)","background-image":"","background-repeat":"repeat","background-position":"center center","background-size":"auto","background-attachment":"scroll","background-type":"","background-media":"","overlay-type":"","overlay-color":"","overlay-opacity":"","overlay-gradient":""},"tablet":{"background-color":"","background-image":"","background-repeat":"repeat","background-position":"center center","background-size":"auto","background-attachment":"scroll","background-type":"","background-media":"","overlay-type":"","overlay-color":"","overlay-opacity":"","overlay-gradient":""},"mobile":{"background-color":"","background-image":"","background-repeat":"repeat","background-position":"center center","background-size":"auto","background-attachment":"scroll","background-type":"","background-media":"","overlay-type":"","overlay-color":"","overlay-opacity":"","overlay-gradient":""}},"ast-content-background-meta":{"desktop":{"background-color":"var(--ast-global-color-5)","background-image":"","background-repeat":"repeat","background-position":"center center","background-size":"auto","background-attachment":"scroll","background-type":"","background-media":"","overlay-type":"","overlay-color":"","overlay-opacity":"","overlay-gradient":""},"tablet":{"background-color":"var(--ast-global-color-5)","background-image":"","background-repeat":"repeat","background-position":"center center","background-size":"auto","background-attachment":"scroll","background-type":"","background-media":"","overlay-type":"","overlay-color":"","overlay-opacity":"","overlay-gradient":""},"mobile":{"background-color":"var(--ast-global-color-5)","background-image":"","background-repeat":"repeat","background-position":"center center","background-size":"auto","background-attachment":"scroll","background-type":"","background-media":"","overlay-type":"","overlay-color":"","overlay-opacity":"","overlay-gradient":""}},"footnotes":""},"categories":[517],"tags":[],"class_list":["post-28446","post","type-post","status-publish","format-image","hentry","category-aconteceu","post_format-post-format-image"],"_links":{"self":[{"href":"https:\/\/noticiasnoface.com.br\/index.php\/wp-json\/wp\/v2\/posts\/28446","targetHints":{"allow":["GET"]}}],"collection":[{"href":"https:\/\/noticiasnoface.com.br\/index.php\/wp-json\/wp\/v2\/posts"}],"about":[{"href":"https:\/\/noticiasnoface.com.br\/index.php\/wp-json\/wp\/v2\/types\/post"}],"author":[{"embeddable":true,"href":"https:\/\/noticiasnoface.com.br\/index.php\/wp-json\/wp\/v2\/users\/1"}],"replies":[{"embeddable":true,"href":"https:\/\/noticiasnoface.com.br\/index.php\/wp-json\/wp\/v2\/comments?post=28446"}],"version-history":[{"count":1,"href":"https:\/\/noticiasnoface.com.br\/index.php\/wp-json\/wp\/v2\/posts\/28446\/revisions"}],"predecessor-version":[{"id":28447,"href":"https:\/\/noticiasnoface.com.br\/index.php\/wp-json\/wp\/v2\/posts\/28446\/revisions\/28447"}],"wp:attachment":[{"href":"https:\/\/noticiasnoface.com.br\/index.php\/wp-json\/wp\/v2\/media?parent=28446"}],"wp:term":[{"taxonomy":"category","embeddable":true,"href":"https:\/\/noticiasnoface.com.br\/index.php\/wp-json\/wp\/v2\/categories?post=28446"},{"taxonomy":"post_tag","embeddable":true,"href":"https:\/\/noticiasnoface.com.br\/index.php\/wp-json\/wp\/v2\/tags?post=28446"}],"curies":[{"name":"wp","href":"https:\/\/api.w.org\/{rel}","templated":true}]}}