{"id":28456,"date":"2025-06-03T21:36:47","date_gmt":"2025-06-04T00:36:47","guid":{"rendered":"https:\/\/noticiasnoface.com.br\/?p=28456"},"modified":"2025-06-03T21:36:47","modified_gmt":"2025-06-04T00:36:47","slug":"desassoreamento-de-rios-em-parnamirim-e-tema-de-audiencia-publica","status":"publish","type":"post","link":"https:\/\/noticiasnoface.com.br\/index.php\/2025\/06\/03\/desassoreamento-de-rios-em-parnamirim-e-tema-de-audiencia-publica\/","title":{"rendered":"Desassoreamento de rios em Parnamirim \u00e9 tema de Audi\u00eancia P\u00fablica"},"content":{"rendered":"\n<figure class=\"wp-block-image size-large\"><img data-opt-id=699035436  fetchpriority=\"high\" decoding=\"async\" width=\"1024\" height=\"684\" src=\"https:\/\/mlbfrsat7ahr.i.optimole.com\/w:1024\/h:684\/q:mauto\/ig:avif\/https:\/\/noticiasnoface.com.br\/wp-content\/uploads\/2025\/06\/hip_8627-1.jpg\" class=\"wp-image-28455\" srcset=\"https:\/\/mlbfrsat7ahr.i.optimole.com\/w:1024\/h:684\/q:mauto\/ig:avif\/https:\/\/noticiasnoface.com.br\/wp-content\/uploads\/2025\/06\/hip_8627-1.jpg 1024w, https:\/\/mlbfrsat7ahr.i.optimole.com\/w:300\/h:200\/q:mauto\/ig:avif\/https:\/\/noticiasnoface.com.br\/wp-content\/uploads\/2025\/06\/hip_8627-1.jpg 300w, https:\/\/mlbfrsat7ahr.i.optimole.com\/w:768\/h:513\/q:mauto\/ig:avif\/https:\/\/noticiasnoface.com.br\/wp-content\/uploads\/2025\/06\/hip_8627-1.jpg 768w, https:\/\/mlbfrsat7ahr.i.optimole.com\/w:1536\/h:1025\/q:mauto\/ig:avif\/https:\/\/noticiasnoface.com.br\/wp-content\/uploads\/2025\/06\/hip_8627-1.jpg 1536w, https:\/\/mlbfrsat7ahr.i.optimole.com\/w:1617\/h:1080\/q:mauto\/ig:avif\/https:\/\/noticiasnoface.com.br\/wp-content\/uploads\/2025\/06\/hip_8627-1.jpg 2000w\" sizes=\"(max-width: 1000px) 100vw, 1000px\" \/><\/figure>\n\n\n\n<p>Com o tema &#8220;<em>Desassorear \u00e9 Preservar: Um Di\u00e1logo Pela Vida Fluvial de Parnamirim<\/em>&#8220;, o Legislativo municipal realizou uma Audi\u00eancia P\u00fablica para debater o desassoreamento dos rios de Parnamirim. Sob a proposi\u00e7\u00e3o da vereadora Rhalessa de Cl\u00eanio, o evento ocorreu na \u00faltima segunda-feira (3), no Plen\u00e1rio Dr. M\u00e1rio Medeiros.<\/p>\n\n\n\n<p>Buscando construir solu\u00e7\u00f5es conjuntas e vi\u00e1veis para a quest\u00e3o ambiental, a Audi\u00eancia reuniu representantes do Poder P\u00fablico, especialistas, lideran\u00e7as locais e cidad\u00e3os. \u201cEstamos motivados a construir uma cidade melhor para todos, preservando o meio ambiente e respeitando o ecossistema. Preservar o meio ambiente ser\u00e1 uma miss\u00e3o da C\u00e2mara Municipal\u201d, declarou a vereadora Rhalessa de Cl\u00eanio na abertura do debate.<\/p>\n\n\n\n<p>O secret\u00e1rio municipal de Meio Ambiente, Raimundo Filho, parabenizou a vereadora pelo debate e ressaltou a import\u00e2ncia de combater as causas dos sedimentos fluviais. Ele tamb\u00e9m refor\u00e7ou o compromisso do Executivo em atuar de forma integrada com o Legislativo e com os munic\u00edpios da regi\u00e3o metropolitana, em defesa da vida fluvial.<\/p>\n\n\n\n<p>&#8220;H\u00e1 uma necessidade de reflex\u00e3o sobre o modelo de sociedade que n\u00f3s queremos. O modelo do consumo e da produ\u00e7\u00e3o, no ritmo que ele est\u00e1, n\u00e3o tem sustentabilidade&#8221;, afirmou Proc\u00f3pio Lucena, diretor-presidente do Instituto de Gest\u00e3o das \u00c1guas do RN (IGARN). Ele destacou a import\u00e2ncia da preserva\u00e7\u00e3o da natureza e saudou a vereadora Rhalessa pela iniciativa de promover essa reflex\u00e3o.<\/p>\n\n\n\n<p><strong>Autoridades presentes na mesa<br \/><\/strong>O dispositivo de honra foi composto pela vice-presidente da C\u00e2mara, vereadora R\u00e1rika Bastos; pela vereadora proponente da Audi\u00eancia; pelo secret\u00e1rio municipal de Meio Ambiente, Dr. Raimundo Filho; por Jonathan Fernandes, da Secretaria do Meio Ambiente e Recursos H\u00eddricos do RN (SEMARH-RN); pelo diretor-presidente do IGARN, Proc\u00f3pio Lucena; e por S\u00e9rgio Mac\u00eado, representante do Instituto de Desenvolvimento Sustent\u00e1vel e Meio Ambiente (IDEMA).<\/p>\n\n\n\n<p><\/p>\n","protected":false},"excerpt":{"rendered":"<p>Com o tema &#8220;Desassorear \u00e9 Preservar: Um Di\u00e1logo Pela Vida Fluvial de Parnamirim&#8220;, o Legislativo municipal realizou uma Audi\u00eancia P\u00fablica [&hellip;]<\/p>\n","protected":false},"author":1,"featured_media":0,"comment_status":"closed","ping_status":"","sticky":false,"template":"","format":"image","meta":{"site-sidebar-layout":"default","site-content-layout":"","ast-site-content-layout":"default","site-content-style":"default","site-sidebar-style":"default","ast-global-header-display":"","ast-banner-title-visibility":"","ast-main-header-display":"","ast-hfb-above-header-display":"","ast-hfb-below-header-display":"","ast-hfb-mobile-header-display":"","site-post-title":"","ast-breadcrumbs-content":"","ast-featured-img":"","footer-sml-layout":"","ast-disable-related-posts":"","theme-transparent-header-meta":"","adv-header-id-meta":"","stick-header-meta":"","header-above-stick-meta":"","header-main-stick-meta":"","header-below-stick-meta":"","astra-migrate-meta-layouts":"default","ast-page-background-enabled":"default","ast-page-background-meta":{"desktop":{"background-color":"var(--ast-global-color-4)","background-image":"","background-repeat":"repeat","background-position":"center center","background-size":"auto","background-attachment":"scroll","background-type":"","background-media":"","overlay-type":"","overlay-color":"","overlay-opacity":"","overlay-gradient":""},"tablet":{"background-color":"","background-image":"","background-repeat":"repeat","background-position":"center center","background-size":"auto","background-attachment":"scroll","background-type":"","background-media":"","overlay-type":"","overlay-color":"","overlay-opacity":"","overlay-gradient":""},"mobile":{"background-color":"","background-image":"","background-repeat":"repeat","background-position":"center center","background-size":"auto","background-attachment":"scroll","background-type":"","background-media":"","overlay-type":"","overlay-color":"","overlay-opacity":"","overlay-gradient":""}},"ast-content-background-meta":{"desktop":{"background-color":"var(--ast-global-color-5)","background-image":"","background-repeat":"repeat","background-position":"center center","background-size":"auto","background-attachment":"scroll","background-type":"","background-media":"","overlay-type":"","overlay-color":"","overlay-opacity":"","overlay-gradient":""},"tablet":{"background-color":"var(--ast-global-color-5)","background-image":"","background-repeat":"repeat","background-position":"center center","background-size":"auto","background-attachment":"scroll","background-type":"","background-media":"","overlay-type":"","overlay-color":"","overlay-opacity":"","overlay-gradient":""},"mobile":{"background-color":"var(--ast-global-color-5)","background-image":"","background-repeat":"repeat","background-position":"center center","background-size":"auto","background-attachment":"scroll","background-type":"","background-media":"","overlay-type":"","overlay-color":"","overlay-opacity":"","overlay-gradient":""}},"footnotes":""},"categories":[3817],"tags":[],"class_list":["post-28456","post","type-post","status-publish","format-image","hentry","category-camara-municipal-de-parnamirim","post_format-post-format-image"],"_links":{"self":[{"href":"https:\/\/noticiasnoface.com.br\/index.php\/wp-json\/wp\/v2\/posts\/28456","targetHints":{"allow":["GET"]}}],"collection":[{"href":"https:\/\/noticiasnoface.com.br\/index.php\/wp-json\/wp\/v2\/posts"}],"about":[{"href":"https:\/\/noticiasnoface.com.br\/index.php\/wp-json\/wp\/v2\/types\/post"}],"author":[{"embeddable":true,"href":"https:\/\/noticiasnoface.com.br\/index.php\/wp-json\/wp\/v2\/users\/1"}],"replies":[{"embeddable":true,"href":"https:\/\/noticiasnoface.com.br\/index.php\/wp-json\/wp\/v2\/comments?post=28456"}],"version-history":[{"count":1,"href":"https:\/\/noticiasnoface.com.br\/index.php\/wp-json\/wp\/v2\/posts\/28456\/revisions"}],"predecessor-version":[{"id":28457,"href":"https:\/\/noticiasnoface.com.br\/index.php\/wp-json\/wp\/v2\/posts\/28456\/revisions\/28457"}],"wp:attachment":[{"href":"https:\/\/noticiasnoface.com.br\/index.php\/wp-json\/wp\/v2\/media?parent=28456"}],"wp:term":[{"taxonomy":"category","embeddable":true,"href":"https:\/\/noticiasnoface.com.br\/index.php\/wp-json\/wp\/v2\/categories?post=28456"},{"taxonomy":"post_tag","embeddable":true,"href":"https:\/\/noticiasnoface.com.br\/index.php\/wp-json\/wp\/v2\/tags?post=28456"}],"curies":[{"name":"wp","href":"https:\/\/api.w.org\/{rel}","templated":true}]}}