{"id":28458,"date":"2025-06-04T14:00:03","date_gmt":"2025-06-04T17:00:03","guid":{"rendered":"https:\/\/noticiasnoface.com.br\/?p=28458"},"modified":"2025-06-04T14:00:03","modified_gmt":"2025-06-04T17:00:03","slug":"hytalo-santos-e-izabelly-vidal-entenda-caso-envolvendo-influenciadores","status":"publish","type":"post","link":"https:\/\/noticiasnoface.com.br\/index.php\/2025\/06\/04\/hytalo-santos-e-izabelly-vidal-entenda-caso-envolvendo-influenciadores\/","title":{"rendered":"Hytalo Santos e Izabelly Vidal: entenda caso envolvendo influenciadores"},"content":{"rendered":"\n<h2 class=\"wp-block-heading subhead\">Izabelly diz ter sido abusada ao buscar apoio para denunciar caso de Hytalo, que j\u00e1 \u00e9 investigado pelo Minist\u00e9rio P\u00fablico por explora\u00e7\u00e3o de menores<\/h2>\n\n\n\n<p>04\/06\/25 \u00e0s 13:45:40&nbsp;|&nbsp;Atualizado&nbsp;04\/06\/25 \u00e0s 13:45:40<\/p>\n\n\n\n<figure class=\"wp-block-image\"><img data-opt-id=933641382  fetchpriority=\"high\" decoding=\"async\" src=\"https:\/\/admin.cnnbrasil.com.br\/wp-content\/uploads\/sites\/12\/2025\/06\/Design-sem-nome-2025-06-04T134228.177.jpg?w=419&amp;h=283&amp;crop=0\" alt=\"\"\/><figcaption class=\"wp-element-caption\">Izabelly Vidal e Hytallo Santos, influenciadores&nbsp; \u2022&nbsp;Reprodu\u00e7\u00e3o<\/figcaption><\/figure>\n\n\n\n<p>Izabelly diz ter sido abusada ao buscar apoio para denunciar caso de Hytalo, que j\u00e1 \u00e9 investigado pelo Minist\u00e9rio P\u00fablico por explora\u00e7\u00e3o de menores<\/p>\n\n\n\n<p>Duas figuras conhecidas das redes sociais, a<strong>influenciadora Izabelly Vidal e o&nbsp;<a href=\"https:\/\/www.cnnbrasil.com.br\/nacional\/nordeste\/pb\/influencer-com-17-milhoes-de-seguidores-e-investigado-por-suspeita-de-exploracao-de-menores\/\" target=\"_blank\" rel=\"noreferrer noopener\">influenciador Hytalo Santos&nbsp;<\/a><\/strong>tornaram-se centro de investiga\u00e7\u00f5es que envolvem desde&nbsp;<strong>den\u00fancias de explora\u00e7\u00e3o de menores<\/strong>&nbsp;at\u00e9&nbsp;<strong>acusa\u00e7\u00f5es de abuso sexual<\/strong>.<\/p>\n\n\n\n<p>O caso, que come\u00e7ou com cr\u00edticas p\u00fablicas feitas por Izabelly \u00e0 conduta de Hytalo, evoluiu para uma den\u00fancia de estupro feita por ela contra Mateus Ferreira, assessor parlamentar do vereador carioca Leniel Borel (PP).<\/p>\n\n\n\n<h2 class=\"wp-block-heading\">O in\u00edcio do caso: investiga\u00e7\u00e3o sobre Hytalo Santos<\/h2>\n\n\n\n<p>O Minist\u00e9rio P\u00fablico da Para\u00edba (MPPB) instaurou duas frentes de investiga\u00e7\u00e3o contra o influenciador digital Hytalo Santos. Com mais de 17 milh\u00f5es de seguidores, o paraibano ficou conhecido por seus v\u00eddeos ao lado de crian\u00e7as e adolescentes \u2014 muitos deles menores de idade \u2014 dan\u00e7ando, falando sobre relacionamentos e se referindo a esses jovens como \u201cfilhos\u201d.<\/p>\n\n\n\n<p>Segundo o MPPB, os procedimentos \u2014 em tr\u00e2mite nas Promotorias de Jo\u00e3o Pessoa e Bayeux \u2014 apuram&nbsp;<strong>poss\u00edvel explora\u00e7\u00e3o de menores<\/strong>. As autoridades avaliam se o conte\u00fado veiculado nas redes possui teor sexualizado e, portanto, fere o Estatuto da Crian\u00e7a e do Adolescente (ECA).<\/p>\n\n\n\n<p>\u201cO processo de apura\u00e7\u00e3o inclui a escuta dos adolescentes e dos seus pais e m\u00e3es\u201d, afirmou o promotor Jo\u00e3o Arlindo Corr\u00eaa Neto. Ele informou ainda que \u201cinclusive recebemos a informa\u00e7\u00e3o de que uma das adolescentes que frequentam a casa encontra-se gr\u00e1vida, situa\u00e7\u00e3o que tamb\u00e9m ser\u00e1 apurada\u201d.<\/p>\n\n\n\n<p>A promotora Ana Maria Fran\u00e7a, que conduz a investiga\u00e7\u00e3o em Bayeux, esclareceu que os fatos sob sua responsabilidade dizem respeito ao per\u00edodo em que Hytalo vivia naquele munic\u00edpio. O Minist\u00e9rio P\u00fablico confirmou tamb\u00e9m que h\u00e1 um inqu\u00e9rito policial em andamento e que o resultado ser\u00e1 analisado para eventual apresenta\u00e7\u00e3o de den\u00fancia.<\/p>\n\n\n\n<p>Hytalo Santos nega todas as acusa\u00e7\u00f5es. Em um v\u00eddeo publicado em suas redes sociais, nesta ter\u00e7a-feira (3), ele declarou que \u201csempre coopera quando o Minist\u00e9rio P\u00fablico chama\u201d.<\/p>\n\n\n\n<p>Sobre os adolescentes com quem convive, afirmou: \u201cAs \u2018crias\u2019 est\u00e3o aqui com a permiss\u00e3o das m\u00e3es, todo mundo sabe disso. Eu confio na justi\u00e7a, eu confio na justi\u00e7a de Deus, e a gente t\u00e1 aqui pra isso\u201d.<\/p>\n","protected":false},"excerpt":{"rendered":"<p>Izabelly diz ter sido abusada ao buscar apoio para denunciar caso de Hytalo, que j\u00e1 \u00e9 investigado pelo Minist\u00e9rio P\u00fablico [&hellip;]<\/p>\n","protected":false},"author":1,"featured_media":0,"comment_status":"closed","ping_status":"","sticky":false,"template":"","format":"image","meta":{"site-sidebar-layout":"default","site-content-layout":"","ast-site-content-layout":"default","site-content-style":"default","site-sidebar-style":"default","ast-global-header-display":"","ast-banner-title-visibility":"","ast-main-header-display":"","ast-hfb-above-header-display":"","ast-hfb-below-header-display":"","ast-hfb-mobile-header-display":"","site-post-title":"","ast-breadcrumbs-content":"","ast-featured-img":"","footer-sml-layout":"","ast-disable-related-posts":"","theme-transparent-header-meta":"","adv-header-id-meta":"","stick-header-meta":"","header-above-stick-meta":"","header-main-stick-meta":"","header-below-stick-meta":"","astra-migrate-meta-layouts":"default","ast-page-background-enabled":"default","ast-page-background-meta":{"desktop":{"background-color":"var(--ast-global-color-4)","background-image":"","background-repeat":"repeat","background-position":"center center","background-size":"auto","background-attachment":"scroll","background-type":"","background-media":"","overlay-type":"","overlay-color":"","overlay-opacity":"","overlay-gradient":""},"tablet":{"background-color":"","background-image":"","background-repeat":"repeat","background-position":"center center","background-size":"auto","background-attachment":"scroll","background-type":"","background-media":"","overlay-type":"","overlay-color":"","overlay-opacity":"","overlay-gradient":""},"mobile":{"background-color":"","background-image":"","background-repeat":"repeat","background-position":"center center","background-size":"auto","background-attachment":"scroll","background-type":"","background-media":"","overlay-type":"","overlay-color":"","overlay-opacity":"","overlay-gradient":""}},"ast-content-background-meta":{"desktop":{"background-color":"var(--ast-global-color-5)","background-image":"","background-repeat":"repeat","background-position":"center center","background-size":"auto","background-attachment":"scroll","background-type":"","background-media":"","overlay-type":"","overlay-color":"","overlay-opacity":"","overlay-gradient":""},"tablet":{"background-color":"var(--ast-global-color-5)","background-image":"","background-repeat":"repeat","background-position":"center center","background-size":"auto","background-attachment":"scroll","background-type":"","background-media":"","overlay-type":"","overlay-color":"","overlay-opacity":"","overlay-gradient":""},"mobile":{"background-color":"var(--ast-global-color-5)","background-image":"","background-repeat":"repeat","background-position":"center center","background-size":"auto","background-attachment":"scroll","background-type":"","background-media":"","overlay-type":"","overlay-color":"","overlay-opacity":"","overlay-gradient":""}},"footnotes":""},"categories":[517],"tags":[],"class_list":["post-28458","post","type-post","status-publish","format-image","hentry","category-aconteceu","post_format-post-format-image"],"_links":{"self":[{"href":"https:\/\/noticiasnoface.com.br\/index.php\/wp-json\/wp\/v2\/posts\/28458","targetHints":{"allow":["GET"]}}],"collection":[{"href":"https:\/\/noticiasnoface.com.br\/index.php\/wp-json\/wp\/v2\/posts"}],"about":[{"href":"https:\/\/noticiasnoface.com.br\/index.php\/wp-json\/wp\/v2\/types\/post"}],"author":[{"embeddable":true,"href":"https:\/\/noticiasnoface.com.br\/index.php\/wp-json\/wp\/v2\/users\/1"}],"replies":[{"embeddable":true,"href":"https:\/\/noticiasnoface.com.br\/index.php\/wp-json\/wp\/v2\/comments?post=28458"}],"version-history":[{"count":1,"href":"https:\/\/noticiasnoface.com.br\/index.php\/wp-json\/wp\/v2\/posts\/28458\/revisions"}],"predecessor-version":[{"id":28459,"href":"https:\/\/noticiasnoface.com.br\/index.php\/wp-json\/wp\/v2\/posts\/28458\/revisions\/28459"}],"wp:attachment":[{"href":"https:\/\/noticiasnoface.com.br\/index.php\/wp-json\/wp\/v2\/media?parent=28458"}],"wp:term":[{"taxonomy":"category","embeddable":true,"href":"https:\/\/noticiasnoface.com.br\/index.php\/wp-json\/wp\/v2\/categories?post=28458"},{"taxonomy":"post_tag","embeddable":true,"href":"https:\/\/noticiasnoface.com.br\/index.php\/wp-json\/wp\/v2\/tags?post=28458"}],"curies":[{"name":"wp","href":"https:\/\/api.w.org\/{rel}","templated":true}]}}