{"id":28463,"date":"2025-06-04T14:11:28","date_gmt":"2025-06-04T17:11:28","guid":{"rendered":"https:\/\/noticiasnoface.com.br\/?p=28463"},"modified":"2025-06-04T14:11:28","modified_gmt":"2025-06-04T17:11:28","slug":"rota-22-bolsonaro-retorna-ao-rn-e-visita-engorda-de-ponta-negra","status":"publish","type":"post","link":"https:\/\/noticiasnoface.com.br\/index.php\/2025\/06\/04\/rota-22-bolsonaro-retorna-ao-rn-e-visita-engorda-de-ponta-negra\/","title":{"rendered":"Rota 22: Bolsonaro retorna ao RN e visita Engorda de Ponta Negra"},"content":{"rendered":"\n<figure class=\"wp-block-image size-large\"><img data-opt-id=1974503358  fetchpriority=\"high\" decoding=\"async\" width=\"544\" height=\"443\" src=\"https:\/\/mlbfrsat7ahr.i.optimole.com\/w:auto\/h:auto\/q:mauto\/ig:avif\/https:\/\/noticiasnoface.com.br\/wp-content\/uploads\/2025\/06\/cbe78ee7-60a9-4fb4-8156-ef2b37e5f4f7-1.jpg\" class=\"wp-image-28462\" srcset=\"https:\/\/mlbfrsat7ahr.i.optimole.com\/w:544\/h:443\/q:mauto\/ig:avif\/https:\/\/noticiasnoface.com.br\/wp-content\/uploads\/2025\/06\/cbe78ee7-60a9-4fb4-8156-ef2b37e5f4f7-1.jpg 544w, https:\/\/mlbfrsat7ahr.i.optimole.com\/w:300\/h:244\/q:mauto\/ig:avif\/https:\/\/noticiasnoface.com.br\/wp-content\/uploads\/2025\/06\/cbe78ee7-60a9-4fb4-8156-ef2b37e5f4f7-1.jpg 300w\" sizes=\"(max-width: 544px) 100vw, 544px\" \/><\/figure>\n\n\n\n<p>Ao retornar ao Rio Grande do Norte na quinta-feira (12), o ex-presidente Jair Bolsonaro (PL-RJ) far\u00e1 uma visita, \u00e0s 16h, a Engorda de Ponta Negra, obra ic\u00f4nica da gest\u00e3o do ex-presidente para o turismo potiguar. O investimento chegou a R$ 75 milh\u00f5es, recursos que permitiram a conclus\u00e3o do enrocamento (blocos de pedra que funcionam como quebra-mar para evitar a eros\u00e3o do cal\u00e7ad\u00e3o) e a engorda (alargamento da faixa de areia) da praia.<\/p>\n\n\n\n<p>\u201cInvestimento que deu outra cara a Ponta Negra&#8221;, comemora o senador Rog\u00e9rio Marinho, secret\u00e1rio-geral do Partido Liberal e pr\u00e9-candidato ao governo do Estado, que na \u00e9poca do empenho dos recursos para a Prefeitura Municipal de Natal, exercia a fun\u00e7\u00e3o de ministro do Desenvolvimento Regional na gest\u00e3o Bolsonaro. &#8220;Agora Bolsonaro conhecer\u00e1 a engorda de Ponta Negra, que foi constru\u00edda com recursos garantidos em sua gest\u00e3o&#8221;, disse Rog\u00e9rio Marinho.<\/p>\n\n\n\n<p>O ex-presidente Jair Bolsonaro (PL-RJ) ficar\u00e1 no Rio Grande do Norte entre os dias 12, 13 e 14 de junho. Na programa\u00e7\u00e3o, o maior l\u00edder popular do pa\u00eds agradecer\u00e1 aos profissionais de sa\u00fade que lhe atenderam no Estado e participar\u00e1 do projeto Rota 22, em semin\u00e1rio que ser\u00e1 realizado em Mossor\u00f3, regi\u00e3o Oeste.<\/p>\n\n\n\n<p>No dia 13, Bolsonaro ainda far\u00e1 visita \u00e0s outras obras que foram impulsionadas durante o exerc\u00edcio do mandato, na Presid\u00eancia da Rep\u00fablica: Transposi\u00e7\u00e3o do S\u00e3o Francisco, Barragem de Oiticica, Engorda de Ponta Negra, Anel Vi\u00e1rio de Mossor\u00f3.<\/p>\n\n\n\n<p>Tamb\u00e9m s\u00e3o legados da gest\u00e3o do ex-presidente Jair Messias Bolsonaro: Cidade da Moda em Acari, 28 mil unidades habitacionais, Ramal do Apodi, Projeto Serid\u00f3, Esta\u00e7\u00e3o de VLT em Parnamirim juntamente com a libera\u00e7\u00e3o de R$ 75,5 milh\u00f5es para a CBTU\/Trem Urbano e a obra de requalifica\u00e7\u00e3o da Pedra do Ros\u00e1rio.<\/p>\n\n\n\n<p>Confira abaixo a programa\u00e7\u00e3o completa da visita:<\/p>\n\n\n\n<p>ROTA 22 PL RN &#8211; PRESIDENTE BOLSONARO NO RN<\/p>\n\n\n\n<p>Dia 12\/06<br \/>11h &#8211; Chegada no Aeroporto de S\u00e3o Gon\u00e7alo do Amarante<\/p>\n\n\n\n<p>12h &#8211; Almo\u00e7o com digital influencers<\/p>\n\n\n\n<p>14h30 &#8211; Entrega de t\u00edtulos de cidadania natalense e norte-rio-grandense<br \/>Local: C\u00e2mara Municipal<\/p>\n\n\n\n<p>16h &#8211; Engorda de Ponta Negra<br \/>Local: Pr\u00f3ximo ao Morro do Careca<\/p>\n\n\n\n<p>Dia 13\/06<br \/>7h &#8211; Visita ao Hospital Rio Grande<\/p>\n\n\n\n<p>9h30 \u2013 Tangar\u00e1<\/p>\n\n\n\n<p>10h30 &#8211; Santa Cruz: Visita ao Hospital Municipal e ao Santu\u00e1rio de Santa Rita de C\u00e1ssia<\/p>\n\n\n\n<p>13h \u2013 Acari: Visita a Cidade da Moda<\/p>\n\n\n\n<p>15h \u2013 Jucurutu: Barragem de Oiticica<\/p>\n\n\n\n<p>19h &#8211; Mossor\u00f3 Cidade Junina<\/p>\n\n\n\n<p>Dia 14\/06<br \/>7h &#8211; Visita ao Anel Vi\u00e1rio e entrega de t\u00edtulo de Cidad\u00e3o Mossoroense<\/p>\n\n\n\n<p>8h &#8211; Semin\u00e1rio Rota 22<br \/>Local: Garbos Hotel<\/p>\n\n\n\n<p>14h30 &#8211; Aeroporto de S\u00e3o Gon\u00e7alo do Amarante<\/p>\n","protected":false},"excerpt":{"rendered":"<p>Ao retornar ao Rio Grande do Norte na quinta-feira (12), o ex-presidente Jair Bolsonaro (PL-RJ) far\u00e1 uma visita, \u00e0s 16h, [&hellip;]<\/p>\n","protected":false},"author":1,"featured_media":0,"comment_status":"closed","ping_status":"","sticky":false,"template":"","format":"image","meta":{"site-sidebar-layout":"default","site-content-layout":"","ast-site-content-layout":"default","site-content-style":"default","site-sidebar-style":"default","ast-global-header-display":"","ast-banner-title-visibility":"","ast-main-header-display":"","ast-hfb-above-header-display":"","ast-hfb-below-header-display":"","ast-hfb-mobile-header-display":"","site-post-title":"","ast-breadcrumbs-content":"","ast-featured-img":"","footer-sml-layout":"","ast-disable-related-posts":"","theme-transparent-header-meta":"","adv-header-id-meta":"","stick-header-meta":"","header-above-stick-meta":"","header-main-stick-meta":"","header-below-stick-meta":"","astra-migrate-meta-layouts":"default","ast-page-background-enabled":"default","ast-page-background-meta":{"desktop":{"background-color":"var(--ast-global-color-4)","background-image":"","background-repeat":"repeat","background-position":"center center","background-size":"auto","background-attachment":"scroll","background-type":"","background-media":"","overlay-type":"","overlay-color":"","overlay-opacity":"","overlay-gradient":""},"tablet":{"background-color":"","background-image":"","background-repeat":"repeat","background-position":"center center","background-size":"auto","background-attachment":"scroll","background-type":"","background-media":"","overlay-type":"","overlay-color":"","overlay-opacity":"","overlay-gradient":""},"mobile":{"background-color":"","background-image":"","background-repeat":"repeat","background-position":"center center","background-size":"auto","background-attachment":"scroll","background-type":"","background-media":"","overlay-type":"","overlay-color":"","overlay-opacity":"","overlay-gradient":""}},"ast-content-background-meta":{"desktop":{"background-color":"var(--ast-global-color-5)","background-image":"","background-repeat":"repeat","background-position":"center center","background-size":"auto","background-attachment":"scroll","background-type":"","background-media":"","overlay-type":"","overlay-color":"","overlay-opacity":"","overlay-gradient":""},"tablet":{"background-color":"var(--ast-global-color-5)","background-image":"","background-repeat":"repeat","background-position":"center center","background-size":"auto","background-attachment":"scroll","background-type":"","background-media":"","overlay-type":"","overlay-color":"","overlay-opacity":"","overlay-gradient":""},"mobile":{"background-color":"var(--ast-global-color-5)","background-image":"","background-repeat":"repeat","background-position":"center center","background-size":"auto","background-attachment":"scroll","background-type":"","background-media":"","overlay-type":"","overlay-color":"","overlay-opacity":"","overlay-gradient":""}},"footnotes":""},"categories":[517],"tags":[],"class_list":["post-28463","post","type-post","status-publish","format-image","hentry","category-aconteceu","post_format-post-format-image"],"_links":{"self":[{"href":"https:\/\/noticiasnoface.com.br\/index.php\/wp-json\/wp\/v2\/posts\/28463","targetHints":{"allow":["GET"]}}],"collection":[{"href":"https:\/\/noticiasnoface.com.br\/index.php\/wp-json\/wp\/v2\/posts"}],"about":[{"href":"https:\/\/noticiasnoface.com.br\/index.php\/wp-json\/wp\/v2\/types\/post"}],"author":[{"embeddable":true,"href":"https:\/\/noticiasnoface.com.br\/index.php\/wp-json\/wp\/v2\/users\/1"}],"replies":[{"embeddable":true,"href":"https:\/\/noticiasnoface.com.br\/index.php\/wp-json\/wp\/v2\/comments?post=28463"}],"version-history":[{"count":1,"href":"https:\/\/noticiasnoface.com.br\/index.php\/wp-json\/wp\/v2\/posts\/28463\/revisions"}],"predecessor-version":[{"id":28464,"href":"https:\/\/noticiasnoface.com.br\/index.php\/wp-json\/wp\/v2\/posts\/28463\/revisions\/28464"}],"wp:attachment":[{"href":"https:\/\/noticiasnoface.com.br\/index.php\/wp-json\/wp\/v2\/media?parent=28463"}],"wp:term":[{"taxonomy":"category","embeddable":true,"href":"https:\/\/noticiasnoface.com.br\/index.php\/wp-json\/wp\/v2\/categories?post=28463"},{"taxonomy":"post_tag","embeddable":true,"href":"https:\/\/noticiasnoface.com.br\/index.php\/wp-json\/wp\/v2\/tags?post=28463"}],"curies":[{"name":"wp","href":"https:\/\/api.w.org\/{rel}","templated":true}]}}