{"id":28473,"date":"2025-06-04T21:55:21","date_gmt":"2025-06-05T00:55:21","guid":{"rendered":"https:\/\/noticiasnoface.com.br\/?p=28473"},"modified":"2025-06-04T21:55:21","modified_gmt":"2025-06-05T00:55:21","slug":"camara-de-natal-aprova-projetos-voltados-a-inclusao-educacao-e-renda","status":"publish","type":"post","link":"https:\/\/noticiasnoface.com.br\/index.php\/2025\/06\/04\/camara-de-natal-aprova-projetos-voltados-a-inclusao-educacao-e-renda\/","title":{"rendered":"C\u00e2mara de Natal aprova projetos voltados \u00e0 inclus\u00e3o, educa\u00e7\u00e3o e renda&nbsp;"},"content":{"rendered":"\n<figure class=\"wp-block-image foto-noticia\"><img data-opt-id=1206803660  fetchpriority=\"high\" decoding=\"async\" src=\"https:\/\/www.cmnat.rn.gov.br\/_ups\/noticias\/2025\/06\/04\/3e405e3ce57391840662e69c01f5337a.jpeg\" alt=\"\"\/><\/figure>\n\n\n\n<p>Durante a Sess\u00e3o Ordin\u00e1ria desta quarta-feira (4), os vereadores da C\u00e2mara Municipal de Natal analisaram dez projetos de lei. Quatro deles se destacaram por abordarem temas como inclus\u00e3o de pessoas com defici\u00eancia, enfrentamento da viol\u00eancia nas escolas e est\u00edmulo ao empreendedorismo.<\/p>\n\n\n\n<p>Um dos projetos aprovados em segunda discuss\u00e3o, com emenda, foi o PL n\u00ba 447\/2022, de autoria do vereador Kleber Fernandes (Republicanos). A proposta institui o Projeto de Fomento ao Empreendedorismo para fam\u00edlias de estudantes do Ensino Fundamental da rede municipal. Segundo o parlamentar, o objetivo \u00e9 aproveitar o ambiente escolar como espa\u00e7o de capacita\u00e7\u00e3o profissional.<\/p>\n\n\n\n<p>\u201cO desemprego \u00e9 uma realidade em Natal. O empreendedorismo \u00e9 uma ferramenta de liberta\u00e7\u00e3o, que pode gerar renda e dignidade para as fam\u00edlias. A ideia \u00e9 oferecer cursos como design de sobrancelha, gastronomia, bordado, manicure, entre outros, para que pais e m\u00e3es possam empreender at\u00e9 na pr\u00f3pria garagem de casa\u201d, explicou Kleber.<\/p>\n\n\n\n<p>J\u00e1 o vereador Luciano Nascimento (PSD) teve aprovado, tamb\u00e9m em segunda discuss\u00e3o, o PL n\u00ba 100\/2023, que estabelece san\u00e7\u00f5es administrativas para condutas discriminat\u00f3rias contra pessoas com Transtorno do Espectro Autista (TEA).<\/p>\n\n\n\n<p>\u201c\u00c9 mais um projeto em defesa das pessoas com autismo. A proposta prev\u00ea puni\u00e7\u00f5es para qualquer agente p\u00fablico ou cidad\u00e3o que pratique a\u00e7\u00f5es discriminat\u00f3rias, garantindo mais inclus\u00e3o e respeito\u201d, destacou Luciano.<\/p>\n\n\n\n<p>A vereadora Brisa Bracchi (PT) \u00e9 autora do PL n\u00ba 330\/2023, que institui a Pol\u00edtica Intersetorial de Cultura de Paz e Educa\u00e7\u00e3o Midi\u00e1tica, al\u00e9m da cria\u00e7\u00e3o do Observat\u00f3rio da Viol\u00eancia no Munic\u00edpio. A mat\u00e9ria tamb\u00e9m foi aprovada em segunda discuss\u00e3o.<\/p>\n\n\n\n<p>\u201cO projeto nasce da urg\u00eancia de enfrentar a viol\u00eancia nas escolas. Prop\u00f5e a\u00e7\u00f5es transversais, com foco no acolhimento e na promo\u00e7\u00e3o de uma cultura de paz dentro das unidades de ensino\u201d, explicou Brisa.<\/p>\n\n\n\n<p>Outro projeto analisado foi o PL n\u00ba 787\/2023, de autoria do ex-vereador Dickson J\u00fanior, subscrito pelo vereador Daniel Santiago (PP). A proposta pro\u00edbe a cobran\u00e7a de taxas extras para matr\u00edcula ou mensalidade de alunos com TEA, S\u00edndrome de Down ou outras defici\u00eancias f\u00edsicas e intelectuais nas institui\u00e7\u00f5es de ensino de Natal.<\/p>\n\n\n\n<p>Texto: Phablo Galv\u00e3o&nbsp;<br \/>Fotos: Francisco de Assis<\/p>\n\n\n\n<p><\/p>\n","protected":false},"excerpt":{"rendered":"<p>Durante a Sess\u00e3o Ordin\u00e1ria desta quarta-feira (4), os vereadores da C\u00e2mara Municipal de Natal analisaram dez projetos de lei. Quatro [&hellip;]<\/p>\n","protected":false},"author":1,"featured_media":0,"comment_status":"closed","ping_status":"","sticky":false,"template":"","format":"image","meta":{"site-sidebar-layout":"default","site-content-layout":"","ast-site-content-layout":"default","site-content-style":"default","site-sidebar-style":"default","ast-global-header-display":"","ast-banner-title-visibility":"","ast-main-header-display":"","ast-hfb-above-header-display":"","ast-hfb-below-header-display":"","ast-hfb-mobile-header-display":"","site-post-title":"","ast-breadcrumbs-content":"","ast-featured-img":"","footer-sml-layout":"","ast-disable-related-posts":"","theme-transparent-header-meta":"","adv-header-id-meta":"","stick-header-meta":"","header-above-stick-meta":"","header-main-stick-meta":"","header-below-stick-meta":"","astra-migrate-meta-layouts":"default","ast-page-background-enabled":"default","ast-page-background-meta":{"desktop":{"background-color":"var(--ast-global-color-4)","background-image":"","background-repeat":"repeat","background-position":"center center","background-size":"auto","background-attachment":"scroll","background-type":"","background-media":"","overlay-type":"","overlay-color":"","overlay-opacity":"","overlay-gradient":""},"tablet":{"background-color":"","background-image":"","background-repeat":"repeat","background-position":"center center","background-size":"auto","background-attachment":"scroll","background-type":"","background-media":"","overlay-type":"","overlay-color":"","overlay-opacity":"","overlay-gradient":""},"mobile":{"background-color":"","background-image":"","background-repeat":"repeat","background-position":"center center","background-size":"auto","background-attachment":"scroll","background-type":"","background-media":"","overlay-type":"","overlay-color":"","overlay-opacity":"","overlay-gradient":""}},"ast-content-background-meta":{"desktop":{"background-color":"var(--ast-global-color-5)","background-image":"","background-repeat":"repeat","background-position":"center center","background-size":"auto","background-attachment":"scroll","background-type":"","background-media":"","overlay-type":"","overlay-color":"","overlay-opacity":"","overlay-gradient":""},"tablet":{"background-color":"var(--ast-global-color-5)","background-image":"","background-repeat":"repeat","background-position":"center center","background-size":"auto","background-attachment":"scroll","background-type":"","background-media":"","overlay-type":"","overlay-color":"","overlay-opacity":"","overlay-gradient":""},"mobile":{"background-color":"var(--ast-global-color-5)","background-image":"","background-repeat":"repeat","background-position":"center center","background-size":"auto","background-attachment":"scroll","background-type":"","background-media":"","overlay-type":"","overlay-color":"","overlay-opacity":"","overlay-gradient":""}},"footnotes":""},"categories":[3816],"tags":[],"class_list":["post-28473","post","type-post","status-publish","format-image","hentry","category-camara-municipal-de-natal","post_format-post-format-image"],"_links":{"self":[{"href":"https:\/\/noticiasnoface.com.br\/index.php\/wp-json\/wp\/v2\/posts\/28473","targetHints":{"allow":["GET"]}}],"collection":[{"href":"https:\/\/noticiasnoface.com.br\/index.php\/wp-json\/wp\/v2\/posts"}],"about":[{"href":"https:\/\/noticiasnoface.com.br\/index.php\/wp-json\/wp\/v2\/types\/post"}],"author":[{"embeddable":true,"href":"https:\/\/noticiasnoface.com.br\/index.php\/wp-json\/wp\/v2\/users\/1"}],"replies":[{"embeddable":true,"href":"https:\/\/noticiasnoface.com.br\/index.php\/wp-json\/wp\/v2\/comments?post=28473"}],"version-history":[{"count":1,"href":"https:\/\/noticiasnoface.com.br\/index.php\/wp-json\/wp\/v2\/posts\/28473\/revisions"}],"predecessor-version":[{"id":28474,"href":"https:\/\/noticiasnoface.com.br\/index.php\/wp-json\/wp\/v2\/posts\/28473\/revisions\/28474"}],"wp:attachment":[{"href":"https:\/\/noticiasnoface.com.br\/index.php\/wp-json\/wp\/v2\/media?parent=28473"}],"wp:term":[{"taxonomy":"category","embeddable":true,"href":"https:\/\/noticiasnoface.com.br\/index.php\/wp-json\/wp\/v2\/categories?post=28473"},{"taxonomy":"post_tag","embeddable":true,"href":"https:\/\/noticiasnoface.com.br\/index.php\/wp-json\/wp\/v2\/tags?post=28473"}],"curies":[{"name":"wp","href":"https:\/\/api.w.org\/{rel}","templated":true}]}}