{"id":28492,"date":"2025-06-05T21:20:50","date_gmt":"2025-06-06T00:20:50","guid":{"rendered":"https:\/\/noticiasnoface.com.br\/?p=28492"},"modified":"2025-06-05T21:20:50","modified_gmt":"2025-06-06T00:20:50","slug":"audiencia-publica-reforca-importancia-da-conscientizacao-no-transito","status":"publish","type":"post","link":"https:\/\/noticiasnoface.com.br\/index.php\/2025\/06\/05\/audiencia-publica-reforca-importancia-da-conscientizacao-no-transito\/","title":{"rendered":"Audi\u00eancia P\u00fablica refor\u00e7a import\u00e2ncia da conscientiza\u00e7\u00e3o no tr\u00e2nsito"},"content":{"rendered":"\n<figure class=\"wp-block-image size-large\"><img data-opt-id=1917094814  fetchpriority=\"high\" decoding=\"async\" width=\"819\" height=\"1024\" src=\"https:\/\/mlbfrsat7ahr.i.optimole.com\/w:819\/h:1024\/q:mauto\/ig:avif\/https:\/\/noticiasnoface.com.br\/wp-content\/uploads\/2025\/06\/ap-maio-amarelo-feed_ap-1.jpg\" class=\"wp-image-28491\" srcset=\"https:\/\/mlbfrsat7ahr.i.optimole.com\/w:819\/h:1024\/q:mauto\/ig:avif\/https:\/\/noticiasnoface.com.br\/wp-content\/uploads\/2025\/06\/ap-maio-amarelo-feed_ap-1.jpg 819w, https:\/\/mlbfrsat7ahr.i.optimole.com\/w:240\/h:300\/q:mauto\/ig:avif\/https:\/\/noticiasnoface.com.br\/wp-content\/uploads\/2025\/06\/ap-maio-amarelo-feed_ap-1.jpg 240w, https:\/\/mlbfrsat7ahr.i.optimole.com\/w:768\/h:960\/q:mauto\/ig:avif\/https:\/\/noticiasnoface.com.br\/wp-content\/uploads\/2025\/06\/ap-maio-amarelo-feed_ap-1.jpg 768w, https:\/\/mlbfrsat7ahr.i.optimole.com\/w:864\/h:1080\/q:mauto\/ig:avif\/https:\/\/noticiasnoface.com.br\/wp-content\/uploads\/2025\/06\/ap-maio-amarelo-feed_ap-1.jpg 1229w, https:\/\/mlbfrsat7ahr.i.optimole.com\/w:864\/h:1080\/q:mauto\/ig:avif\/https:\/\/noticiasnoface.com.br\/wp-content\/uploads\/2025\/06\/ap-maio-amarelo-feed_ap-1.jpg 1600w\" sizes=\"(max-width: 819px) 100vw, 819px\" \/><\/figure>\n\n\n\n<p>Em alus\u00e3o \u00e0 campanha Maio Amarelo, a C\u00e2mara Municipal de Parnamirim realiza,&nbsp;na pr\u00f3xima segunda-feira&nbsp;(9),&nbsp;\u00e0s 18h30, uma Audi\u00eancia P\u00fablica com o tema \u201cA paz no tr\u00e2nsito come\u00e7a por voc\u00ea\u201d. A iniciativa, proposta pelo vereador Jonas Godeiro, acontece no Plen\u00e1rio Dr. M\u00e1rio Medeiros e ser\u00e1 aberta a toda popula\u00e7\u00e3o.<\/p>\n\n\n\n<p>O Maio Amarelo \u00e9 uma campanha internacional dedicada \u00e0 conscientiza\u00e7\u00e3o sobre a seguran\u00e7a no tr\u00e2nsito. O movimento tem como objetivo reduzir os \u00edndices de acidentes e promover um tr\u00e2nsito mais seguro para todos, incentivando comportamentos respons\u00e1veis, emp\u00e1ticos e preventivos nas vias p\u00fablicas.<\/p>\n\n\n\n<p><strong>Servi\u00e7o<br \/><\/strong>O qu\u00ea: Audi\u00eancia P\u00fablica em alus\u00e3o ao Maio Amarelo<br \/>Quando: Segunda-feira (9),&nbsp;\u00e0s 18:30<br \/>Propositor: vereador Jonas Godeiro<br \/>Onde: Plen\u00e1rio Dr. M\u00e1rio Medeiros, na sede da C\u00e2mara Municipal de Parnamirim<\/p>\n","protected":false},"excerpt":{"rendered":"<p>Em alus\u00e3o \u00e0 campanha Maio Amarelo, a C\u00e2mara Municipal de Parnamirim realiza,&nbsp;na pr\u00f3xima segunda-feira&nbsp;(9),&nbsp;\u00e0s 18h30, uma Audi\u00eancia P\u00fablica com o [&hellip;]<\/p>\n","protected":false},"author":1,"featured_media":0,"comment_status":"closed","ping_status":"","sticky":false,"template":"","format":"image","meta":{"site-sidebar-layout":"default","site-content-layout":"","ast-site-content-layout":"default","site-content-style":"default","site-sidebar-style":"default","ast-global-header-display":"","ast-banner-title-visibility":"","ast-main-header-display":"","ast-hfb-above-header-display":"","ast-hfb-below-header-display":"","ast-hfb-mobile-header-display":"","site-post-title":"","ast-breadcrumbs-content":"","ast-featured-img":"","footer-sml-layout":"","ast-disable-related-posts":"","theme-transparent-header-meta":"","adv-header-id-meta":"","stick-header-meta":"","header-above-stick-meta":"","header-main-stick-meta":"","header-below-stick-meta":"","astra-migrate-meta-layouts":"default","ast-page-background-enabled":"default","ast-page-background-meta":{"desktop":{"background-color":"var(--ast-global-color-4)","background-image":"","background-repeat":"repeat","background-position":"center center","background-size":"auto","background-attachment":"scroll","background-type":"","background-media":"","overlay-type":"","overlay-color":"","overlay-opacity":"","overlay-gradient":""},"tablet":{"background-color":"","background-image":"","background-repeat":"repeat","background-position":"center center","background-size":"auto","background-attachment":"scroll","background-type":"","background-media":"","overlay-type":"","overlay-color":"","overlay-opacity":"","overlay-gradient":""},"mobile":{"background-color":"","background-image":"","background-repeat":"repeat","background-position":"center center","background-size":"auto","background-attachment":"scroll","background-type":"","background-media":"","overlay-type":"","overlay-color":"","overlay-opacity":"","overlay-gradient":""}},"ast-content-background-meta":{"desktop":{"background-color":"var(--ast-global-color-5)","background-image":"","background-repeat":"repeat","background-position":"center center","background-size":"auto","background-attachment":"scroll","background-type":"","background-media":"","overlay-type":"","overlay-color":"","overlay-opacity":"","overlay-gradient":""},"tablet":{"background-color":"var(--ast-global-color-5)","background-image":"","background-repeat":"repeat","background-position":"center center","background-size":"auto","background-attachment":"scroll","background-type":"","background-media":"","overlay-type":"","overlay-color":"","overlay-opacity":"","overlay-gradient":""},"mobile":{"background-color":"var(--ast-global-color-5)","background-image":"","background-repeat":"repeat","background-position":"center center","background-size":"auto","background-attachment":"scroll","background-type":"","background-media":"","overlay-type":"","overlay-color":"","overlay-opacity":"","overlay-gradient":""}},"footnotes":""},"categories":[3817],"tags":[],"class_list":["post-28492","post","type-post","status-publish","format-image","hentry","category-camara-municipal-de-parnamirim","post_format-post-format-image"],"_links":{"self":[{"href":"https:\/\/noticiasnoface.com.br\/index.php\/wp-json\/wp\/v2\/posts\/28492","targetHints":{"allow":["GET"]}}],"collection":[{"href":"https:\/\/noticiasnoface.com.br\/index.php\/wp-json\/wp\/v2\/posts"}],"about":[{"href":"https:\/\/noticiasnoface.com.br\/index.php\/wp-json\/wp\/v2\/types\/post"}],"author":[{"embeddable":true,"href":"https:\/\/noticiasnoface.com.br\/index.php\/wp-json\/wp\/v2\/users\/1"}],"replies":[{"embeddable":true,"href":"https:\/\/noticiasnoface.com.br\/index.php\/wp-json\/wp\/v2\/comments?post=28492"}],"version-history":[{"count":1,"href":"https:\/\/noticiasnoface.com.br\/index.php\/wp-json\/wp\/v2\/posts\/28492\/revisions"}],"predecessor-version":[{"id":28493,"href":"https:\/\/noticiasnoface.com.br\/index.php\/wp-json\/wp\/v2\/posts\/28492\/revisions\/28493"}],"wp:attachment":[{"href":"https:\/\/noticiasnoface.com.br\/index.php\/wp-json\/wp\/v2\/media?parent=28492"}],"wp:term":[{"taxonomy":"category","embeddable":true,"href":"https:\/\/noticiasnoface.com.br\/index.php\/wp-json\/wp\/v2\/categories?post=28492"},{"taxonomy":"post_tag","embeddable":true,"href":"https:\/\/noticiasnoface.com.br\/index.php\/wp-json\/wp\/v2\/tags?post=28492"}],"curies":[{"name":"wp","href":"https:\/\/api.w.org\/{rel}","templated":true}]}}