{"id":28498,"date":"2025-06-05T21:39:38","date_gmt":"2025-06-06T00:39:38","guid":{"rendered":"https:\/\/noticiasnoface.com.br\/?p=28498"},"modified":"2025-06-05T21:39:38","modified_gmt":"2025-06-06T00:39:38","slug":"comissao-de-planejamento-urbano-aprova-projeto-para-controlar-poluicao-sonora","status":"publish","type":"post","link":"https:\/\/noticiasnoface.com.br\/index.php\/2025\/06\/05\/comissao-de-planejamento-urbano-aprova-projeto-para-controlar-poluicao-sonora\/","title":{"rendered":"Comiss\u00e3o de Planejamento Urbano aprova projeto para controlar polui\u00e7\u00e3o sonora&nbsp;"},"content":{"rendered":"\n<figure class=\"wp-block-image foto-noticia\"><img data-opt-id=544451262  fetchpriority=\"high\" decoding=\"async\" src=\"https:\/\/www.cmnat.rn.gov.br\/_ups\/noticias\/2025\/06\/05\/0d11d9b94d1c9780d9a6c71a6993f746.jpg\" alt=\"\"\/><\/figure>\n\n\n\n<p>A Comiss\u00e3o de Planejamento Urbano, Meio Ambiente e Habita\u00e7\u00e3o da C\u00e2mara Municipal de Natal se reuniu, nesta quinta-feira (5), para analisar tr\u00eas projetos de lei relacionados ao ordenamento urbano da capital potiguar.<\/p>\n\n\n\n<p>Entre as mat\u00e9rias, destaque para o Projeto de Lei n\u00ba 110\/2025, de autoria do vereador T\u00e1rcio de Eudiane (Uni\u00e3o), que trata da responsabiliza\u00e7\u00e3o por polui\u00e7\u00e3o sonora em estabelecimentos comerciais. A proposta tamb\u00e9m define procedimentos para a fiscaliza\u00e7\u00e3o e apreens\u00e3o de equipamentos de som no munic\u00edpio. \u201cO objetivo \u00e9 garantir uma regulamenta\u00e7\u00e3o espec\u00edfica, especialmente em rela\u00e7\u00e3o a bares e restaurantes, para que n\u00e3o haja extrapola\u00e7\u00e3o dos limites previstos na lei do sil\u00eancio. Ainda vamos discutir mais o tema e realizar audi\u00eancia p\u00fablica, pois tamb\u00e9m entendemos a import\u00e2ncia desses empreendimentos para a cidade\u201d, explicou o relator da mat\u00e9ria, vereador Irapo\u00e3 N\u00f3brega (Republicanos).<\/p>\n\n\n\n<p>Outro projeto apreciado foi o PL n\u00ba 034\/2024, de autoria da vereadora licenciada Nina Souza, que estabelece a obrigatoriedade de instala\u00e7\u00e3o subterr\u00e2nea de cabos de energia, telefonia, internet e similares nas novas avenidas de Natal. A comiss\u00e3o tamb\u00e9m aprovou o PL n\u00ba 338\/2024, tamb\u00e9m de Nina Souza, que prop\u00f5e a mudan\u00e7a do nome da Pra\u00e7a Sabino Moura Cavalcanti, localizada no bairro de Lagoa Seca, para Pra\u00e7a Raimundo Elp\u00eddio da Silva.<\/p>\n\n\n\n<p>A vereadora Anne Lagartixa (SDD) e os vereadores Eribaldo Medeiros (Rede) e Kleber Fernandes (Republicanos) tamb\u00e9m participaram da reuni\u00e3o.<\/p>\n\n\n\n<p>Texto: Cl\u00e1udio Oliveira<\/p>\n\n\n\n<p>Fotos: Francisco de Assis<\/p>\n","protected":false},"excerpt":{"rendered":"<p>A Comiss\u00e3o de Planejamento Urbano, Meio Ambiente e Habita\u00e7\u00e3o da C\u00e2mara Municipal de Natal se reuniu, nesta quinta-feira (5), para [&hellip;]<\/p>\n","protected":false},"author":1,"featured_media":0,"comment_status":"closed","ping_status":"","sticky":false,"template":"","format":"image","meta":{"site-sidebar-layout":"default","site-content-layout":"","ast-site-content-layout":"default","site-content-style":"default","site-sidebar-style":"default","ast-global-header-display":"","ast-banner-title-visibility":"","ast-main-header-display":"","ast-hfb-above-header-display":"","ast-hfb-below-header-display":"","ast-hfb-mobile-header-display":"","site-post-title":"","ast-breadcrumbs-content":"","ast-featured-img":"","footer-sml-layout":"","ast-disable-related-posts":"","theme-transparent-header-meta":"","adv-header-id-meta":"","stick-header-meta":"","header-above-stick-meta":"","header-main-stick-meta":"","header-below-stick-meta":"","astra-migrate-meta-layouts":"default","ast-page-background-enabled":"default","ast-page-background-meta":{"desktop":{"background-color":"var(--ast-global-color-4)","background-image":"","background-repeat":"repeat","background-position":"center center","background-size":"auto","background-attachment":"scroll","background-type":"","background-media":"","overlay-type":"","overlay-color":"","overlay-opacity":"","overlay-gradient":""},"tablet":{"background-color":"","background-image":"","background-repeat":"repeat","background-position":"center center","background-size":"auto","background-attachment":"scroll","background-type":"","background-media":"","overlay-type":"","overlay-color":"","overlay-opacity":"","overlay-gradient":""},"mobile":{"background-color":"","background-image":"","background-repeat":"repeat","background-position":"center center","background-size":"auto","background-attachment":"scroll","background-type":"","background-media":"","overlay-type":"","overlay-color":"","overlay-opacity":"","overlay-gradient":""}},"ast-content-background-meta":{"desktop":{"background-color":"var(--ast-global-color-5)","background-image":"","background-repeat":"repeat","background-position":"center center","background-size":"auto","background-attachment":"scroll","background-type":"","background-media":"","overlay-type":"","overlay-color":"","overlay-opacity":"","overlay-gradient":""},"tablet":{"background-color":"var(--ast-global-color-5)","background-image":"","background-repeat":"repeat","background-position":"center center","background-size":"auto","background-attachment":"scroll","background-type":"","background-media":"","overlay-type":"","overlay-color":"","overlay-opacity":"","overlay-gradient":""},"mobile":{"background-color":"var(--ast-global-color-5)","background-image":"","background-repeat":"repeat","background-position":"center center","background-size":"auto","background-attachment":"scroll","background-type":"","background-media":"","overlay-type":"","overlay-color":"","overlay-opacity":"","overlay-gradient":""}},"footnotes":""},"categories":[3816],"tags":[],"class_list":["post-28498","post","type-post","status-publish","format-image","hentry","category-camara-municipal-de-natal","post_format-post-format-image"],"_links":{"self":[{"href":"https:\/\/noticiasnoface.com.br\/index.php\/wp-json\/wp\/v2\/posts\/28498","targetHints":{"allow":["GET"]}}],"collection":[{"href":"https:\/\/noticiasnoface.com.br\/index.php\/wp-json\/wp\/v2\/posts"}],"about":[{"href":"https:\/\/noticiasnoface.com.br\/index.php\/wp-json\/wp\/v2\/types\/post"}],"author":[{"embeddable":true,"href":"https:\/\/noticiasnoface.com.br\/index.php\/wp-json\/wp\/v2\/users\/1"}],"replies":[{"embeddable":true,"href":"https:\/\/noticiasnoface.com.br\/index.php\/wp-json\/wp\/v2\/comments?post=28498"}],"version-history":[{"count":1,"href":"https:\/\/noticiasnoface.com.br\/index.php\/wp-json\/wp\/v2\/posts\/28498\/revisions"}],"predecessor-version":[{"id":28499,"href":"https:\/\/noticiasnoface.com.br\/index.php\/wp-json\/wp\/v2\/posts\/28498\/revisions\/28499"}],"wp:attachment":[{"href":"https:\/\/noticiasnoface.com.br\/index.php\/wp-json\/wp\/v2\/media?parent=28498"}],"wp:term":[{"taxonomy":"category","embeddable":true,"href":"https:\/\/noticiasnoface.com.br\/index.php\/wp-json\/wp\/v2\/categories?post=28498"},{"taxonomy":"post_tag","embeddable":true,"href":"https:\/\/noticiasnoface.com.br\/index.php\/wp-json\/wp\/v2\/tags?post=28498"}],"curies":[{"name":"wp","href":"https:\/\/api.w.org\/{rel}","templated":true}]}}