{"id":28508,"date":"2025-06-06T21:48:35","date_gmt":"2025-06-07T00:48:35","guid":{"rendered":"https:\/\/noticiasnoface.com.br\/?p=28508"},"modified":"2025-06-06T21:48:35","modified_gmt":"2025-06-07T00:48:35","slug":"vereadora-rarika-bastos-discursa-sobre-o-dia-mundial-do-meio-ambiente","status":"publish","type":"post","link":"https:\/\/noticiasnoface.com.br\/index.php\/2025\/06\/06\/vereadora-rarika-bastos-discursa-sobre-o-dia-mundial-do-meio-ambiente\/","title":{"rendered":"Vereadora R\u00e1rika Bastos discursa sobre o Dia Mundial do Meio Ambiente"},"content":{"rendered":"\n<p><\/p>\n\n\n\n<figure class=\"wp-block-image\"><a href=\"https:\/\/www.parnamirim.rn.leg.br\/institucional\/noticias\/vereadora-rarika-bastos-discursa-sobre-o-dia-mundial-do-meio-ambiente\/image\/image_view_fullscreen\" target=\"_blank\" rel=\"noopener\"><img data-opt-id=1268735054  fetchpriority=\"high\" decoding=\"async\" src=\"https:\/\/www.parnamirim.rn.leg.br\/institucional\/noticias\/vereadora-rarika-bastos-discursa-sobre-o-dia-mundial-do-meio-ambiente\/image_mini\" alt=\"Vereadora R\u00e1rika Bastos discursa sobre o Dia Mundial do Meio Ambiente\" title=\"\"\/><\/a><\/figure>\n\n\n\n<p>Nesta quinta-feira (05), \u00e9 comemorado o Dia Mundial do Meio Ambiente e para ressaltar essa data a vereadora R\u00e1rika Bastos usou a tribuna para relembrar os projetos que recentemente foram apresentados \u00e0 C\u00e2mara com essa tem\u00e1tica.<\/p>\n\n\n\n<p>A vereadora apresentou o projeto de resolu\u00e7\u00e3o n\u00ba 13\/2025, que caso seja aprovado, cria a frente parlamentar em defesa do meio ambiente, desenvolvimento urbano e integra\u00e7\u00e3o metropolitana.<\/p>\n\n\n\n<p>Neste ano tamb\u00e9m foi apresentado o projeto de resolu\u00e7\u00e3o n\u00ba 015\/2025, que disp\u00f5e da inclus\u00e3o da Agenda 2030 da ONU e os Objetivos de Desenvolvimento Sustent\u00e1vel (ODS), no planejamento estrat\u00e9gico da C\u00e2mara Municipal de Parnamirim.<\/p>\n\n\n\n<p>A edil defende que esses projetos s\u00e3o uma inova\u00e7\u00e3o importante para o munic\u00edpio. \u201cIsso j\u00e1 acontece em outras casas legislativas, a exemplo de sucesso, a Assembleia Legislativa da Para\u00edba. Onde todas nossas proposi\u00e7\u00f5es quando forem apresentadas, o DPL j\u00e1 receber\u00e1 a indica\u00e7\u00e3o do ODS de refer\u00eancia\u201d, disse a vereadora.<\/p>\n","protected":false},"excerpt":{"rendered":"<p>Nesta quinta-feira (05), \u00e9 comemorado o Dia Mundial do Meio Ambiente e para ressaltar essa data a vereadora R\u00e1rika Bastos [&hellip;]<\/p>\n","protected":false},"author":1,"featured_media":0,"comment_status":"closed","ping_status":"","sticky":false,"template":"","format":"image","meta":{"site-sidebar-layout":"default","site-content-layout":"","ast-site-content-layout":"default","site-content-style":"default","site-sidebar-style":"default","ast-global-header-display":"","ast-banner-title-visibility":"","ast-main-header-display":"","ast-hfb-above-header-display":"","ast-hfb-below-header-display":"","ast-hfb-mobile-header-display":"","site-post-title":"","ast-breadcrumbs-content":"","ast-featured-img":"","footer-sml-layout":"","ast-disable-related-posts":"","theme-transparent-header-meta":"","adv-header-id-meta":"","stick-header-meta":"","header-above-stick-meta":"","header-main-stick-meta":"","header-below-stick-meta":"","astra-migrate-meta-layouts":"default","ast-page-background-enabled":"default","ast-page-background-meta":{"desktop":{"background-color":"var(--ast-global-color-4)","background-image":"","background-repeat":"repeat","background-position":"center center","background-size":"auto","background-attachment":"scroll","background-type":"","background-media":"","overlay-type":"","overlay-color":"","overlay-opacity":"","overlay-gradient":""},"tablet":{"background-color":"","background-image":"","background-repeat":"repeat","background-position":"center center","background-size":"auto","background-attachment":"scroll","background-type":"","background-media":"","overlay-type":"","overlay-color":"","overlay-opacity":"","overlay-gradient":""},"mobile":{"background-color":"","background-image":"","background-repeat":"repeat","background-position":"center center","background-size":"auto","background-attachment":"scroll","background-type":"","background-media":"","overlay-type":"","overlay-color":"","overlay-opacity":"","overlay-gradient":""}},"ast-content-background-meta":{"desktop":{"background-color":"var(--ast-global-color-5)","background-image":"","background-repeat":"repeat","background-position":"center center","background-size":"auto","background-attachment":"scroll","background-type":"","background-media":"","overlay-type":"","overlay-color":"","overlay-opacity":"","overlay-gradient":""},"tablet":{"background-color":"var(--ast-global-color-5)","background-image":"","background-repeat":"repeat","background-position":"center center","background-size":"auto","background-attachment":"scroll","background-type":"","background-media":"","overlay-type":"","overlay-color":"","overlay-opacity":"","overlay-gradient":""},"mobile":{"background-color":"var(--ast-global-color-5)","background-image":"","background-repeat":"repeat","background-position":"center center","background-size":"auto","background-attachment":"scroll","background-type":"","background-media":"","overlay-type":"","overlay-color":"","overlay-opacity":"","overlay-gradient":""}},"footnotes":""},"categories":[3817],"tags":[],"class_list":["post-28508","post","type-post","status-publish","format-image","hentry","category-camara-municipal-de-parnamirim","post_format-post-format-image"],"_links":{"self":[{"href":"https:\/\/noticiasnoface.com.br\/index.php\/wp-json\/wp\/v2\/posts\/28508","targetHints":{"allow":["GET"]}}],"collection":[{"href":"https:\/\/noticiasnoface.com.br\/index.php\/wp-json\/wp\/v2\/posts"}],"about":[{"href":"https:\/\/noticiasnoface.com.br\/index.php\/wp-json\/wp\/v2\/types\/post"}],"author":[{"embeddable":true,"href":"https:\/\/noticiasnoface.com.br\/index.php\/wp-json\/wp\/v2\/users\/1"}],"replies":[{"embeddable":true,"href":"https:\/\/noticiasnoface.com.br\/index.php\/wp-json\/wp\/v2\/comments?post=28508"}],"version-history":[{"count":1,"href":"https:\/\/noticiasnoface.com.br\/index.php\/wp-json\/wp\/v2\/posts\/28508\/revisions"}],"predecessor-version":[{"id":28509,"href":"https:\/\/noticiasnoface.com.br\/index.php\/wp-json\/wp\/v2\/posts\/28508\/revisions\/28509"}],"wp:attachment":[{"href":"https:\/\/noticiasnoface.com.br\/index.php\/wp-json\/wp\/v2\/media?parent=28508"}],"wp:term":[{"taxonomy":"category","embeddable":true,"href":"https:\/\/noticiasnoface.com.br\/index.php\/wp-json\/wp\/v2\/categories?post=28508"},{"taxonomy":"post_tag","embeddable":true,"href":"https:\/\/noticiasnoface.com.br\/index.php\/wp-json\/wp\/v2\/tags?post=28508"}],"curies":[{"name":"wp","href":"https:\/\/api.w.org\/{rel}","templated":true}]}}