{"id":28511,"date":"2025-06-07T21:41:41","date_gmt":"2025-06-08T00:41:41","guid":{"rendered":"https:\/\/noticiasnoface.com.br\/?p=28511"},"modified":"2025-06-07T21:42:32","modified_gmt":"2025-06-08T00:42:32","slug":"anel-viario-de-mossoro-entra-na-rota-de-bolsonaro-durante-agenda-pelo-rn","status":"publish","type":"post","link":"https:\/\/noticiasnoface.com.br\/index.php\/2025\/06\/07\/anel-viario-de-mossoro-entra-na-rota-de-bolsonaro-durante-agenda-pelo-rn\/","title":{"rendered":"Anel vi\u00e1rio de Mossor\u00f3 entra na rota de Bolsonaro durante agenda pelo RN"},"content":{"rendered":"\n<figure class=\"wp-block-image size-large\"><img data-opt-id=1601685889  fetchpriority=\"high\" decoding=\"async\" src=\"file:\/\/\/private\/var\/mobile\/Containers\/Data\/Application\/2B5F0EFA-9CD2-46DC-A2DC-74FE2949AB0E\/tmp\/org.automattic.MediaImageServiceSymlinks\/thumbnail-68ab4375-be42-4d56-a58b-146af5a643b2-1536x1024.jpeg\" alt=\"\" class=\"wp-image-975944013\"\/><\/figure>\n\n\n\n<figure class=\"wp-block-image size-large\"><img data-opt-id=1752895474  fetchpriority=\"high\" decoding=\"async\" width=\"1024\" height=\"683\" src=\"https:\/\/mlbfrsat7ahr.i.optimole.com\/w:1024\/h:683\/q:mauto\/ig:avif\/https:\/\/noticiasnoface.com.br\/wp-content\/uploads\/2025\/06\/131335e4-a494-4d57-b0cc-8fe8823e1a0e-2-1.jpg\" alt=\"\" class=\"wp-image-28513\" srcset=\"https:\/\/mlbfrsat7ahr.i.optimole.com\/w:1024\/h:683\/q:mauto\/ig:avif\/https:\/\/noticiasnoface.com.br\/wp-content\/uploads\/2025\/06\/131335e4-a494-4d57-b0cc-8fe8823e1a0e-2-1.jpg 1024w, https:\/\/mlbfrsat7ahr.i.optimole.com\/w:300\/h:200\/q:mauto\/ig:avif\/https:\/\/noticiasnoface.com.br\/wp-content\/uploads\/2025\/06\/131335e4-a494-4d57-b0cc-8fe8823e1a0e-2-1.jpg 300w, https:\/\/mlbfrsat7ahr.i.optimole.com\/w:768\/h:512\/q:mauto\/ig:avif\/https:\/\/noticiasnoface.com.br\/wp-content\/uploads\/2025\/06\/131335e4-a494-4d57-b0cc-8fe8823e1a0e-2-1.jpg 768w, https:\/\/mlbfrsat7ahr.i.optimole.com\/w:1536\/h:1024\/q:mauto\/ig:avif\/https:\/\/noticiasnoface.com.br\/wp-content\/uploads\/2025\/06\/131335e4-a494-4d57-b0cc-8fe8823e1a0e-2-1.jpg 1536w, https:\/\/mlbfrsat7ahr.i.optimole.com\/w:1600\/h:1067\/q:mauto\/ig:avif\/https:\/\/noticiasnoface.com.br\/wp-content\/uploads\/2025\/06\/131335e4-a494-4d57-b0cc-8fe8823e1a0e-2-1.jpg 1600w\" sizes=\"(max-width: 1000px) 100vw, 1000px\" \/><\/figure>\n\n\n\n<p>O ex-presidente Jair Bolsonaro (PL-RJ) visita o anel vi\u00e1rio de Mossor\u00f3 (RN), \u00e0s 7h do s\u00e1bado (14), antes de solenidade de entrega do t\u00edtulo de cidad\u00e3o mossoroense e da abertura do Semin\u00e1rio do Projeto Rota 22. O anel vi\u00e1rio de Mossor\u00f3 est\u00e1 em constru\u00e7\u00e3o, com um investimento de R$ 67,8 milh\u00f5es, liberados via Minist\u00e9rio do Desenvolvimento Regional, com contrapartida do munic\u00edpio. Os recursos foram assegurados no primeiro semestre de 2022, quando o senador Rog\u00e9rio Marinho (PL) era o titular do Desenvolvimento Regional do governo do ex-presidente Jair Bolsonaro (PL).<\/p>\n\n\n\n<p>O anel vi\u00e1rio ter\u00e1 8 quil\u00f4metros de extens\u00e3o, conectando as BRs 110 (sa\u00edda para Areia Branca) e 304 (sa\u00edda para Fortaleza). Ser\u00e1 a primeira via da cidade com 100% de ciclovia, cal\u00e7ad\u00e3o acess\u00edvel e ilumina\u00e7\u00e3o LED. O projeto ainda contempla uma ponte sobre o rio Mossor\u00f3.<\/p>\n\n\n\n<p>&#8220;A obra trar\u00e1 mudan\u00e7as para toda a mobilidade urbana da capital do Oeste. \u00c9 uma necessidade para as \u00e1reas pr\u00f3ximas das universidades, do Complexo Judici\u00e1rio e de diversas ind\u00fastrias como: salineira, energias renov\u00e1veis, petr\u00f3leo e fruticultura&#8221;, refor\u00e7a o senador Rog\u00e9rio Marinho, secret\u00e1rio-geral do PL e pr\u00e9-candidato ao governo do RN.<\/p>\n\n\n\n<p>As obras come\u00e7aram na BR-110, em 21\/02\/2024 e tem previs\u00e3o de t\u00e9rmino para 30 de setembro deste ano. O anel vi\u00e1rio \u00e9 um projeto antigo, que atravessou d\u00e9cadas e que tem import\u00e2ncia fundamental para a mobilidade da cidade. Quando estiver pronto, ir\u00e1 desafogar o tr\u00e2nsito principalmente nas avenidas Leste-Oeste e Presidente Dutra. Quando conclu\u00eddo ir\u00e1 evitar que os ve\u00edculos de cargas passem pelo centro da cidade, como os que transportam a produ\u00e7\u00e3o de sal na regi\u00e3o da Costa Branca.<\/p>\n\n\n\n<p>Outro benef\u00edcio da constru\u00e7\u00e3o \u00e9 que desafogar\u00e1 o tr\u00e2nsito na chamada \u201cavenida universit\u00e1ria\u201d, beneficiando os estudantes da Universidade do Estado do Rio Grande do Norte (UERN) e da Universidade Federal Rural do Semi-\u00c1rido (UFERSA). Tamb\u00e9m vai beneficiar aos moradores do Vingt Rosado, Alto das Brisas e de condom\u00ednios residenciais.<\/p>\n\n\n\n<p>AGENDA<\/p>\n\n\n\n<p>A agenda do presidente Bolsonaro no Rio Grande do Norte ter\u00e1 in\u00edcio na quinta-feira (12), \u00e0s 11h, com a chegada ao Aeroporto de S\u00e3o Gon\u00e7alo do Amarante, onde caravanas de v\u00e1rios munic\u00edpios est\u00e3o moblizadas para recepcionar o capit\u00e3o, que \u00e0s 12h ter\u00e1 almo\u00e7o com influenciadores digitais. No expediente da tarde, \u00e0s 14h30, ter\u00e1 a entrega de t\u00edtulos de cidadania natalense e norte-rio-grandense na C\u00e2mara Municipal de Natal e \u00e0s 16h tem visita \u00e0 Engorda de Ponta Negra.<\/p>\n\n\n\n<p>Confira a sequ\u00eancia da agenda a seguir:<\/p>\n\n\n\n<p>Sexta-feira \u2013 13 de junho<\/p>\n\n\n\n<p>7h: Visita ao Hospital Rio Grande<\/p>\n\n\n\n<p>9h30: Visita a Tangar\u00e1<\/p>\n\n\n\n<p>10h30: Visita ao Hospital Municipal de Santa Cruz e ao Santu\u00e1rio de Santa Rita de C\u00e1ssia<\/p>\n\n\n\n<p>13h: Visita \u00e0 Cidade da Moda, em Acari<\/p>\n\n\n\n<p>15h: Visita \u00e0 Barragem de Oiticica, em Jucurutu<\/p>\n\n\n\n<p>19h: Participa\u00e7\u00e3o no Mossor\u00f3 Cidade Junina<\/p>\n\n\n\n<p>S\u00e1bado \u2013 14 de junho<\/p>\n\n\n\n<p>7h: Visita ao Anel Vi\u00e1rio de Mossor\u00f3 e entrega de t\u00edtulo de cidad\u00e3o mossoroense<\/p>\n\n\n\n<p>8h: Semin\u00e1rio do Projeto Rota 22 no Hotel Garbos<\/p>\n\n\n\n<p>14h30: Retorno pelo Aeroporto de S\u00e3o Gon\u00e7alo do Amarante<\/p>\n","protected":false},"excerpt":{"rendered":"<p>O ex-presidente Jair Bolsonaro (PL-RJ) visita o anel vi\u00e1rio de Mossor\u00f3 (RN), \u00e0s 7h do s\u00e1bado (14), antes de solenidade [&hellip;]<\/p>\n","protected":false},"author":1,"featured_media":0,"comment_status":"closed","ping_status":"","sticky":false,"template":"","format":"image","meta":{"site-sidebar-layout":"default","site-content-layout":"","ast-site-content-layout":"default","site-content-style":"default","site-sidebar-style":"default","ast-global-header-display":"","ast-banner-title-visibility":"","ast-main-header-display":"","ast-hfb-above-header-display":"","ast-hfb-below-header-display":"","ast-hfb-mobile-header-display":"","site-post-title":"","ast-breadcrumbs-content":"","ast-featured-img":"","footer-sml-layout":"","ast-disable-related-posts":"","theme-transparent-header-meta":"","adv-header-id-meta":"","stick-header-meta":"","header-above-stick-meta":"","header-main-stick-meta":"","header-below-stick-meta":"","astra-migrate-meta-layouts":"default","ast-page-background-enabled":"default","ast-page-background-meta":{"desktop":{"background-color":"var(--ast-global-color-4)","background-image":"","background-repeat":"repeat","background-position":"center center","background-size":"auto","background-attachment":"scroll","background-type":"","background-media":"","overlay-type":"","overlay-color":"","overlay-opacity":"","overlay-gradient":""},"tablet":{"background-color":"","background-image":"","background-repeat":"repeat","background-position":"center center","background-size":"auto","background-attachment":"scroll","background-type":"","background-media":"","overlay-type":"","overlay-color":"","overlay-opacity":"","overlay-gradient":""},"mobile":{"background-color":"","background-image":"","background-repeat":"repeat","background-position":"center center","background-size":"auto","background-attachment":"scroll","background-type":"","background-media":"","overlay-type":"","overlay-color":"","overlay-opacity":"","overlay-gradient":""}},"ast-content-background-meta":{"desktop":{"background-color":"var(--ast-global-color-5)","background-image":"","background-repeat":"repeat","background-position":"center center","background-size":"auto","background-attachment":"scroll","background-type":"","background-media":"","overlay-type":"","overlay-color":"","overlay-opacity":"","overlay-gradient":""},"tablet":{"background-color":"var(--ast-global-color-5)","background-image":"","background-repeat":"repeat","background-position":"center center","background-size":"auto","background-attachment":"scroll","background-type":"","background-media":"","overlay-type":"","overlay-color":"","overlay-opacity":"","overlay-gradient":""},"mobile":{"background-color":"var(--ast-global-color-5)","background-image":"","background-repeat":"repeat","background-position":"center center","background-size":"auto","background-attachment":"scroll","background-type":"","background-media":"","overlay-type":"","overlay-color":"","overlay-opacity":"","overlay-gradient":""}},"footnotes":""},"categories":[517],"tags":[],"class_list":["post-28511","post","type-post","status-publish","format-image","hentry","category-aconteceu","post_format-post-format-image"],"_links":{"self":[{"href":"https:\/\/noticiasnoface.com.br\/index.php\/wp-json\/wp\/v2\/posts\/28511","targetHints":{"allow":["GET"]}}],"collection":[{"href":"https:\/\/noticiasnoface.com.br\/index.php\/wp-json\/wp\/v2\/posts"}],"about":[{"href":"https:\/\/noticiasnoface.com.br\/index.php\/wp-json\/wp\/v2\/types\/post"}],"author":[{"embeddable":true,"href":"https:\/\/noticiasnoface.com.br\/index.php\/wp-json\/wp\/v2\/users\/1"}],"replies":[{"embeddable":true,"href":"https:\/\/noticiasnoface.com.br\/index.php\/wp-json\/wp\/v2\/comments?post=28511"}],"version-history":[{"count":3,"href":"https:\/\/noticiasnoface.com.br\/index.php\/wp-json\/wp\/v2\/posts\/28511\/revisions"}],"predecessor-version":[{"id":28515,"href":"https:\/\/noticiasnoface.com.br\/index.php\/wp-json\/wp\/v2\/posts\/28511\/revisions\/28515"}],"wp:attachment":[{"href":"https:\/\/noticiasnoface.com.br\/index.php\/wp-json\/wp\/v2\/media?parent=28511"}],"wp:term":[{"taxonomy":"category","embeddable":true,"href":"https:\/\/noticiasnoface.com.br\/index.php\/wp-json\/wp\/v2\/categories?post=28511"},{"taxonomy":"post_tag","embeddable":true,"href":"https:\/\/noticiasnoface.com.br\/index.php\/wp-json\/wp\/v2\/tags?post=28511"}],"curies":[{"name":"wp","href":"https:\/\/api.w.org\/{rel}","templated":true}]}}