{"id":28518,"date":"2025-06-08T22:09:35","date_gmt":"2025-06-09T01:09:35","guid":{"rendered":"https:\/\/noticiasnoface.com.br\/?p=28518"},"modified":"2025-06-08T22:09:35","modified_gmt":"2025-06-09T01:09:35","slug":"anderson-torres-respondera-a-todos-os-questionamentos-diz-advogado","status":"publish","type":"post","link":"https:\/\/noticiasnoface.com.br\/index.php\/2025\/06\/08\/anderson-torres-respondera-a-todos-os-questionamentos-diz-advogado\/","title":{"rendered":"Anderson Torres responder\u00e1 a todos os questionamentos, diz advogado"},"content":{"rendered":"\n<h2 class=\"wp-block-heading subhead\">Interrogat\u00f3rios sobre plano de golpe come\u00e7am nesta segunda (9)<\/h2>\n\n\n\n<p>08\/06\/25 \u00e0s 21:55:26&nbsp;|&nbsp;Atualizado&nbsp;08\/06\/25 \u00e0s 22:02:00<\/p>\n\n\n\n<figure class=\"wp-block-image\"><img data-opt-id=1890982742  fetchpriority=\"high\" decoding=\"async\" src=\"https:\/\/admin.cnnbrasil.com.br\/wp-content\/uploads\/sites\/12\/2021\/11\/anderson_torres-e1673408957472.jpg?w=419&amp;h=283&amp;crop=0\" alt=\"Anderson Torres, ministro da Justi\u00e7a e Seguran\u00e7a P\u00fablica\"\/><figcaption class=\"wp-element-caption\">Anderson Torres, ex-ministro da Justi\u00e7a e Seguran\u00e7a P\u00fablica&nbsp; \u2022&nbsp;Marcelo Camargo\/Ag\u00eancia Brasil<\/figcaption><\/figure>\n\n\n\n<p>ouvir not\u00edcia<\/p>\n\n\n\n<p>0:00&nbsp;1.0x<\/p>\n\n\n\n<p>O&nbsp;<strong>ex-ministro da Justi\u00e7a e Seguran\u00e7a, Anderson Torres,<\/strong>&nbsp;dever\u00e1 responder a todos os questionamentos durante&nbsp;<strong>depoimento ao Supremo Tribunal Federal (STF)<\/strong>&nbsp;sobre o plano de golpe para manter o ex-presidente Bolsonaro no poder.<\/p>\n\n\n\n<p>&#8220;Ele [Anderson Torres] responder\u00e1 a todos os questionamentos. \u00c9 o maior interessado que a verdade prevale\u00e7a&#8221;, disse \u00e0&nbsp;<strong>CNN<\/strong>&nbsp;o advogado Eumar Novacki.<\/p>\n\n\n\n<p>Os r\u00e9us do chamado<strong>&nbsp;\u201cn\u00facleo crucial\u201d<\/strong>, come\u00e7am a ser ouvidos nesta segunda-feira (9).O primeiro a ser interrogado ser\u00e1 o tenente-coronel Mauro Cid, ex-ajudante de ordens que fez o acordo de dela\u00e7\u00e3o premiada.<\/p>\n\n\n\n<p>Depois os r\u00e9us, ser\u00e3o ouvidos em ordem alfab\u00e9tica.<\/p>\n\n\n\n<p>Al\u00e9m de Torres e Cid,<strong><a href=\"https:\/\/www.cnnbrasil.com.br\/politica\/stf-sobre-o-que-bolsonaro-deve-ser-interrogado-em-acao-do-plano-de-golpe\/\" target=\"_blank\" rel=\"noreferrer noopener\">&nbsp;ser\u00e3o interrogados o pr\u00f3prio Jair Bolsonaro,<\/a><\/strong>&nbsp;Alexandre Ramagem (deputado e ex-chefe da Abin); Almir Garnier (ex-comandante da Marinha); Augusto Heleno (ex-ministro-chefe do GSI); Paulo S\u00e9rgio Nogueira (ex-ministro da Defesa); e Walter Braga Netto (ex-ministro da Defesa e vice candidato de Bolsonaro em 2022).<\/p>\n","protected":false},"excerpt":{"rendered":"<p>Interrogat\u00f3rios sobre plano de golpe come\u00e7am nesta segunda (9) 08\/06\/25 \u00e0s 21:55:26&nbsp;|&nbsp;Atualizado&nbsp;08\/06\/25 \u00e0s 22:02:00 ouvir not\u00edcia 0:00&nbsp;1.0x O&nbsp;ex-ministro da Justi\u00e7a [&hellip;]<\/p>\n","protected":false},"author":1,"featured_media":0,"comment_status":"closed","ping_status":"","sticky":false,"template":"","format":"image","meta":{"site-sidebar-layout":"default","site-content-layout":"","ast-site-content-layout":"default","site-content-style":"default","site-sidebar-style":"default","ast-global-header-display":"","ast-banner-title-visibility":"","ast-main-header-display":"","ast-hfb-above-header-display":"","ast-hfb-below-header-display":"","ast-hfb-mobile-header-display":"","site-post-title":"","ast-breadcrumbs-content":"","ast-featured-img":"","footer-sml-layout":"","ast-disable-related-posts":"","theme-transparent-header-meta":"","adv-header-id-meta":"","stick-header-meta":"","header-above-stick-meta":"","header-main-stick-meta":"","header-below-stick-meta":"","astra-migrate-meta-layouts":"default","ast-page-background-enabled":"default","ast-page-background-meta":{"desktop":{"background-color":"var(--ast-global-color-4)","background-image":"","background-repeat":"repeat","background-position":"center center","background-size":"auto","background-attachment":"scroll","background-type":"","background-media":"","overlay-type":"","overlay-color":"","overlay-opacity":"","overlay-gradient":""},"tablet":{"background-color":"","background-image":"","background-repeat":"repeat","background-position":"center center","background-size":"auto","background-attachment":"scroll","background-type":"","background-media":"","overlay-type":"","overlay-color":"","overlay-opacity":"","overlay-gradient":""},"mobile":{"background-color":"","background-image":"","background-repeat":"repeat","background-position":"center center","background-size":"auto","background-attachment":"scroll","background-type":"","background-media":"","overlay-type":"","overlay-color":"","overlay-opacity":"","overlay-gradient":""}},"ast-content-background-meta":{"desktop":{"background-color":"var(--ast-global-color-5)","background-image":"","background-repeat":"repeat","background-position":"center center","background-size":"auto","background-attachment":"scroll","background-type":"","background-media":"","overlay-type":"","overlay-color":"","overlay-opacity":"","overlay-gradient":""},"tablet":{"background-color":"var(--ast-global-color-5)","background-image":"","background-repeat":"repeat","background-position":"center center","background-size":"auto","background-attachment":"scroll","background-type":"","background-media":"","overlay-type":"","overlay-color":"","overlay-opacity":"","overlay-gradient":""},"mobile":{"background-color":"var(--ast-global-color-5)","background-image":"","background-repeat":"repeat","background-position":"center center","background-size":"auto","background-attachment":"scroll","background-type":"","background-media":"","overlay-type":"","overlay-color":"","overlay-opacity":"","overlay-gradient":""}},"footnotes":""},"categories":[517],"tags":[],"class_list":["post-28518","post","type-post","status-publish","format-image","hentry","category-aconteceu","post_format-post-format-image"],"_links":{"self":[{"href":"https:\/\/noticiasnoface.com.br\/index.php\/wp-json\/wp\/v2\/posts\/28518","targetHints":{"allow":["GET"]}}],"collection":[{"href":"https:\/\/noticiasnoface.com.br\/index.php\/wp-json\/wp\/v2\/posts"}],"about":[{"href":"https:\/\/noticiasnoface.com.br\/index.php\/wp-json\/wp\/v2\/types\/post"}],"author":[{"embeddable":true,"href":"https:\/\/noticiasnoface.com.br\/index.php\/wp-json\/wp\/v2\/users\/1"}],"replies":[{"embeddable":true,"href":"https:\/\/noticiasnoface.com.br\/index.php\/wp-json\/wp\/v2\/comments?post=28518"}],"version-history":[{"count":1,"href":"https:\/\/noticiasnoface.com.br\/index.php\/wp-json\/wp\/v2\/posts\/28518\/revisions"}],"predecessor-version":[{"id":28519,"href":"https:\/\/noticiasnoface.com.br\/index.php\/wp-json\/wp\/v2\/posts\/28518\/revisions\/28519"}],"wp:attachment":[{"href":"https:\/\/noticiasnoface.com.br\/index.php\/wp-json\/wp\/v2\/media?parent=28518"}],"wp:term":[{"taxonomy":"category","embeddable":true,"href":"https:\/\/noticiasnoface.com.br\/index.php\/wp-json\/wp\/v2\/categories?post=28518"},{"taxonomy":"post_tag","embeddable":true,"href":"https:\/\/noticiasnoface.com.br\/index.php\/wp-json\/wp\/v2\/tags?post=28518"}],"curies":[{"name":"wp","href":"https:\/\/api.w.org\/{rel}","templated":true}]}}