{"id":28520,"date":"2025-06-08T22:10:22","date_gmt":"2025-06-09T01:10:22","guid":{"rendered":"https:\/\/noticiasnoface.com.br\/?p=28520"},"modified":"2025-06-08T22:10:22","modified_gmt":"2025-06-09T01:10:22","slug":"tumulto-no-ar-passageiro-e-preso-pela-pf-por-colocar-voo-em-risco","status":"publish","type":"post","link":"https:\/\/noticiasnoface.com.br\/index.php\/2025\/06\/08\/tumulto-no-ar-passageiro-e-preso-pela-pf-por-colocar-voo-em-risco\/","title":{"rendered":"Tumulto no ar: passageiro \u00e9 preso pela PF por colocar voo em risco"},"content":{"rendered":"\n<h2 class=\"wp-block-heading subhead\">Homem de 48 anos amea\u00e7ou a tripula\u00e7\u00e3o e descumpriu normas de seguran\u00e7a da avia\u00e7\u00e3o civil<\/h2>\n\n\n\n<p>08\/06\/25 \u00e0s 21:41:20&nbsp;|&nbsp;Atualizado&nbsp;08\/06\/25 \u00e0s 21:41:20<\/p>\n\n\n\n<figure class=\"wp-block-image\"><img data-opt-id=725634791  fetchpriority=\"high\" decoding=\"async\" src=\"https:\/\/admin.cnnbrasil.com.br\/wp-content\/uploads\/sites\/12\/2025\/06\/pf.png?w=419&amp;h=283&amp;crop=0\" alt=\"\"\/><figcaption class=\"wp-element-caption\">homem estava a bordo de uma aeronave que saiu do Aeroporto Internacional de Viracopos, em Campinas (SP), com destino a Foz do Igua\u00e7u (PR)&nbsp; \u2022&nbsp;Divulga\u00e7\u00e3o\/PF<\/figcaption><\/figure>\n\n\n\n<p>ouvir not\u00edcia<\/p>\n\n\n\n<p>0:00&nbsp;1.0x<\/p>\n\n\n\n<p>Um passageiro de 48 anos foi preso em flagrante pela&nbsp;<a href=\"https:\/\/www.cnnbrasil.com.br\/tudo-sobre\/policia-federal-pf\/\" target=\"_blank\" rel=\"noreferrer noopener\">Pol\u00edcia Federal (PF)<\/a>&nbsp;na quinta-feira (5) ap\u00f3s causar tumulto e colocar em risco a seguran\u00e7a de um voo comercial.<\/p>\n\n\n\n<p>O homem, natural de Macei\u00f3 (AL), estava a bordo de uma aeronave que saiu do&nbsp;<strong>Aeroporto Internacional de Viracopos<\/strong>, em Campinas, no interior de S\u00e3o Paulo, com destino a Foz do Igua\u00e7u, no Paran\u00e1.<\/p>\n\n\n\n<p>Durante o trajeto, o passageiro amea\u00e7ou a tripula\u00e7\u00e3o, descumpriu normas de seguran\u00e7a da avia\u00e7\u00e3o civil e gerou p\u00e2nico entre os demais ocupantes do avi\u00e3o.<\/p>\n\n\n\n<p>De acordo com a Superintend\u00eancia Regional no Paran\u00e1, a situa\u00e7\u00e3o obrigou o comandante do voo a acionar a Pol\u00edcia Federal ainda enquanto o avi\u00e3o estava em rota.<\/p>\n\n\n\n<p>Assim que a aeronave pousou no Aeroporto Internacional de Foz do Igua\u00e7u, agentes da Pol\u00edcia Federal j\u00e1 estavam posicionados na pista.<\/p>\n\n\n\n<p>O passageiro foi retirado da aeronave, recebeu voz de pris\u00e3o e foi encaminhado \u00e0 delegacia da PF no pr\u00f3prio terminal, onde o flagrante foi formalizado.<\/p>\n","protected":false},"excerpt":{"rendered":"<p>Homem de 48 anos amea\u00e7ou a tripula\u00e7\u00e3o e descumpriu normas de seguran\u00e7a da avia\u00e7\u00e3o civil 08\/06\/25 \u00e0s 21:41:20&nbsp;|&nbsp;Atualizado&nbsp;08\/06\/25 \u00e0s 21:41:20 [&hellip;]<\/p>\n","protected":false},"author":1,"featured_media":0,"comment_status":"closed","ping_status":"","sticky":false,"template":"","format":"image","meta":{"site-sidebar-layout":"default","site-content-layout":"","ast-site-content-layout":"default","site-content-style":"default","site-sidebar-style":"default","ast-global-header-display":"","ast-banner-title-visibility":"","ast-main-header-display":"","ast-hfb-above-header-display":"","ast-hfb-below-header-display":"","ast-hfb-mobile-header-display":"","site-post-title":"","ast-breadcrumbs-content":"","ast-featured-img":"","footer-sml-layout":"","ast-disable-related-posts":"","theme-transparent-header-meta":"","adv-header-id-meta":"","stick-header-meta":"","header-above-stick-meta":"","header-main-stick-meta":"","header-below-stick-meta":"","astra-migrate-meta-layouts":"default","ast-page-background-enabled":"default","ast-page-background-meta":{"desktop":{"background-color":"var(--ast-global-color-4)","background-image":"","background-repeat":"repeat","background-position":"center center","background-size":"auto","background-attachment":"scroll","background-type":"","background-media":"","overlay-type":"","overlay-color":"","overlay-opacity":"","overlay-gradient":""},"tablet":{"background-color":"","background-image":"","background-repeat":"repeat","background-position":"center center","background-size":"auto","background-attachment":"scroll","background-type":"","background-media":"","overlay-type":"","overlay-color":"","overlay-opacity":"","overlay-gradient":""},"mobile":{"background-color":"","background-image":"","background-repeat":"repeat","background-position":"center center","background-size":"auto","background-attachment":"scroll","background-type":"","background-media":"","overlay-type":"","overlay-color":"","overlay-opacity":"","overlay-gradient":""}},"ast-content-background-meta":{"desktop":{"background-color":"var(--ast-global-color-5)","background-image":"","background-repeat":"repeat","background-position":"center center","background-size":"auto","background-attachment":"scroll","background-type":"","background-media":"","overlay-type":"","overlay-color":"","overlay-opacity":"","overlay-gradient":""},"tablet":{"background-color":"var(--ast-global-color-5)","background-image":"","background-repeat":"repeat","background-position":"center center","background-size":"auto","background-attachment":"scroll","background-type":"","background-media":"","overlay-type":"","overlay-color":"","overlay-opacity":"","overlay-gradient":""},"mobile":{"background-color":"var(--ast-global-color-5)","background-image":"","background-repeat":"repeat","background-position":"center center","background-size":"auto","background-attachment":"scroll","background-type":"","background-media":"","overlay-type":"","overlay-color":"","overlay-opacity":"","overlay-gradient":""}},"footnotes":""},"categories":[517],"tags":[],"class_list":["post-28520","post","type-post","status-publish","format-image","hentry","category-aconteceu","post_format-post-format-image"],"_links":{"self":[{"href":"https:\/\/noticiasnoface.com.br\/index.php\/wp-json\/wp\/v2\/posts\/28520","targetHints":{"allow":["GET"]}}],"collection":[{"href":"https:\/\/noticiasnoface.com.br\/index.php\/wp-json\/wp\/v2\/posts"}],"about":[{"href":"https:\/\/noticiasnoface.com.br\/index.php\/wp-json\/wp\/v2\/types\/post"}],"author":[{"embeddable":true,"href":"https:\/\/noticiasnoface.com.br\/index.php\/wp-json\/wp\/v2\/users\/1"}],"replies":[{"embeddable":true,"href":"https:\/\/noticiasnoface.com.br\/index.php\/wp-json\/wp\/v2\/comments?post=28520"}],"version-history":[{"count":1,"href":"https:\/\/noticiasnoface.com.br\/index.php\/wp-json\/wp\/v2\/posts\/28520\/revisions"}],"predecessor-version":[{"id":28521,"href":"https:\/\/noticiasnoface.com.br\/index.php\/wp-json\/wp\/v2\/posts\/28520\/revisions\/28521"}],"wp:attachment":[{"href":"https:\/\/noticiasnoface.com.br\/index.php\/wp-json\/wp\/v2\/media?parent=28520"}],"wp:term":[{"taxonomy":"category","embeddable":true,"href":"https:\/\/noticiasnoface.com.br\/index.php\/wp-json\/wp\/v2\/categories?post=28520"},{"taxonomy":"post_tag","embeddable":true,"href":"https:\/\/noticiasnoface.com.br\/index.php\/wp-json\/wp\/v2\/tags?post=28520"}],"curies":[{"name":"wp","href":"https:\/\/api.w.org\/{rel}","templated":true}]}}