{"id":28538,"date":"2025-06-09T21:52:04","date_gmt":"2025-06-10T00:52:04","guid":{"rendered":"https:\/\/noticiasnoface.com.br\/?p=28538"},"modified":"2025-06-09T21:52:04","modified_gmt":"2025-06-10T00:52:04","slug":"presidente-da-fecam-eriko-jacome-participa-de-encontro-estadual-e-cobra-avancos-para-camaras-municipais-do-rn","status":"publish","type":"post","link":"https:\/\/noticiasnoface.com.br\/index.php\/2025\/06\/09\/presidente-da-fecam-eriko-jacome-participa-de-encontro-estadual-e-cobra-avancos-para-camaras-municipais-do-rn\/","title":{"rendered":"Presidente da FECAM, Eriko J\u00e1come, participa de encontro estadual e cobra avan\u00e7os para c\u00e2maras municipais do RN"},"content":{"rendered":"\n<figure class=\"wp-block-image size-large\"><img data-opt-id=552395256  fetchpriority=\"high\" decoding=\"async\" width=\"789\" height=\"1024\" src=\"https:\/\/mlbfrsat7ahr.i.optimole.com\/w:789\/h:1024\/q:mauto\/ig:avif\/https:\/\/noticiasnoface.com.br\/wp-content\/uploads\/2025\/06\/b964d024-bc28-4d3e-9d4b-848fb904fdfe-1.jpg\" class=\"wp-image-28537\" srcset=\"https:\/\/mlbfrsat7ahr.i.optimole.com\/w:789\/h:1024\/q:mauto\/ig:avif\/https:\/\/noticiasnoface.com.br\/wp-content\/uploads\/2025\/06\/b964d024-bc28-4d3e-9d4b-848fb904fdfe-1.jpg 789w, https:\/\/mlbfrsat7ahr.i.optimole.com\/w:231\/h:300\/q:mauto\/ig:avif\/https:\/\/noticiasnoface.com.br\/wp-content\/uploads\/2025\/06\/b964d024-bc28-4d3e-9d4b-848fb904fdfe-1.jpg 231w, https:\/\/mlbfrsat7ahr.i.optimole.com\/w:768\/h:997\/q:mauto\/ig:avif\/https:\/\/noticiasnoface.com.br\/wp-content\/uploads\/2025\/06\/b964d024-bc28-4d3e-9d4b-848fb904fdfe-1.jpg 768w, https:\/\/mlbfrsat7ahr.i.optimole.com\/w:832\/h:1080\/q:mauto\/ig:avif\/https:\/\/noticiasnoface.com.br\/wp-content\/uploads\/2025\/06\/b964d024-bc28-4d3e-9d4b-848fb904fdfe-1.jpg 1184w, https:\/\/mlbfrsat7ahr.i.optimole.com\/w:832\/h:1080\/q:mauto\/ig:avif\/https:\/\/noticiasnoface.com.br\/wp-content\/uploads\/2025\/06\/b964d024-bc28-4d3e-9d4b-848fb904fdfe-1.jpg 1233w\" sizes=\"(max-width: 789px) 100vw, 789px\" \/><\/figure>\n\n\n\n<p>O presidente da Federa\u00e7\u00e3o das C\u00e2maras Municipais do Rio Grande do Norte (FECAM\/RN) e vereador de Natal, Eriko J\u00e1come, participou do IV Encontro dos Representantes das Escolas do Legislativo do RN, realizado pela Assembleia Legislativa do Estado.<\/p>\n\n\n\n<p>O evento reuniu parlamentares, servidores e representantes de escolas legislativas de diversas regi\u00f5es do Estado, com o objetivo de fortalecer a forma\u00e7\u00e3o pol\u00edtica e institucional no \u00e2mbito do Legislativo municipal. A programa\u00e7\u00e3o contou com palestras, mesas tem\u00e1ticas e apresenta\u00e7\u00f5es de boas pr\u00e1ticas em educa\u00e7\u00e3o legislativa.<\/p>\n\n\n\n<p>Em seu pronunciamento, Eriko parabenizou a iniciativa da Assembleia e destacou a import\u00e2ncia de espa\u00e7os que promovam capacita\u00e7\u00e3o e qualifica\u00e7\u00e3o para vereadores, assessores, servidores legislativos e cidad\u00e3os em geral.<\/p>\n\n\n\n<p>No entanto, al\u00e9m dos elogios, o presidente da FECAM aproveitou a ocasi\u00e3o para cobrar avan\u00e7os em favor das C\u00e2maras Municipais, especialmente nos munic\u00edpios de menor porte. \u201cA Federa\u00e7\u00e3o vai continuar fazendo a sua parte, independente de acordos ou interesses pol\u00edticos. O que defendemos aqui \u00e9 mais estrutura, mais investimento e mais valoriza\u00e7\u00e3o das casas legislativas em todo o Estado\u201d, afirmou.<\/p>\n\n\n\n<p>A participa\u00e7\u00e3o da FECAM no encontro refor\u00e7a o compromisso da entidade com o desenvolvimento institucional das c\u00e2maras municipais. Para Eriko J\u00e1come, \u00e9 fundamental manter o di\u00e1logo entre os diferentes n\u00edveis do Legislativo e buscar solu\u00e7\u00f5es que garantam mais efici\u00eancia e representatividade no exerc\u00edcio da fun\u00e7\u00e3o p\u00fablica.<\/p>\n","protected":false},"excerpt":{"rendered":"<p>O presidente da Federa\u00e7\u00e3o das C\u00e2maras Municipais do Rio Grande do Norte (FECAM\/RN) e vereador de Natal, Eriko J\u00e1come, participou [&hellip;]<\/p>\n","protected":false},"author":1,"featured_media":0,"comment_status":"closed","ping_status":"","sticky":false,"template":"","format":"image","meta":{"site-sidebar-layout":"default","site-content-layout":"","ast-site-content-layout":"default","site-content-style":"default","site-sidebar-style":"default","ast-global-header-display":"","ast-banner-title-visibility":"","ast-main-header-display":"","ast-hfb-above-header-display":"","ast-hfb-below-header-display":"","ast-hfb-mobile-header-display":"","site-post-title":"","ast-breadcrumbs-content":"","ast-featured-img":"","footer-sml-layout":"","ast-disable-related-posts":"","theme-transparent-header-meta":"","adv-header-id-meta":"","stick-header-meta":"","header-above-stick-meta":"","header-main-stick-meta":"","header-below-stick-meta":"","astra-migrate-meta-layouts":"default","ast-page-background-enabled":"default","ast-page-background-meta":{"desktop":{"background-color":"var(--ast-global-color-4)","background-image":"","background-repeat":"repeat","background-position":"center center","background-size":"auto","background-attachment":"scroll","background-type":"","background-media":"","overlay-type":"","overlay-color":"","overlay-opacity":"","overlay-gradient":""},"tablet":{"background-color":"","background-image":"","background-repeat":"repeat","background-position":"center center","background-size":"auto","background-attachment":"scroll","background-type":"","background-media":"","overlay-type":"","overlay-color":"","overlay-opacity":"","overlay-gradient":""},"mobile":{"background-color":"","background-image":"","background-repeat":"repeat","background-position":"center center","background-size":"auto","background-attachment":"scroll","background-type":"","background-media":"","overlay-type":"","overlay-color":"","overlay-opacity":"","overlay-gradient":""}},"ast-content-background-meta":{"desktop":{"background-color":"var(--ast-global-color-5)","background-image":"","background-repeat":"repeat","background-position":"center center","background-size":"auto","background-attachment":"scroll","background-type":"","background-media":"","overlay-type":"","overlay-color":"","overlay-opacity":"","overlay-gradient":""},"tablet":{"background-color":"var(--ast-global-color-5)","background-image":"","background-repeat":"repeat","background-position":"center center","background-size":"auto","background-attachment":"scroll","background-type":"","background-media":"","overlay-type":"","overlay-color":"","overlay-opacity":"","overlay-gradient":""},"mobile":{"background-color":"var(--ast-global-color-5)","background-image":"","background-repeat":"repeat","background-position":"center center","background-size":"auto","background-attachment":"scroll","background-type":"","background-media":"","overlay-type":"","overlay-color":"","overlay-opacity":"","overlay-gradient":""}},"footnotes":""},"categories":[3816],"tags":[],"class_list":["post-28538","post","type-post","status-publish","format-image","hentry","category-camara-municipal-de-natal","post_format-post-format-image"],"_links":{"self":[{"href":"https:\/\/noticiasnoface.com.br\/index.php\/wp-json\/wp\/v2\/posts\/28538","targetHints":{"allow":["GET"]}}],"collection":[{"href":"https:\/\/noticiasnoface.com.br\/index.php\/wp-json\/wp\/v2\/posts"}],"about":[{"href":"https:\/\/noticiasnoface.com.br\/index.php\/wp-json\/wp\/v2\/types\/post"}],"author":[{"embeddable":true,"href":"https:\/\/noticiasnoface.com.br\/index.php\/wp-json\/wp\/v2\/users\/1"}],"replies":[{"embeddable":true,"href":"https:\/\/noticiasnoface.com.br\/index.php\/wp-json\/wp\/v2\/comments?post=28538"}],"version-history":[{"count":1,"href":"https:\/\/noticiasnoface.com.br\/index.php\/wp-json\/wp\/v2\/posts\/28538\/revisions"}],"predecessor-version":[{"id":28539,"href":"https:\/\/noticiasnoface.com.br\/index.php\/wp-json\/wp\/v2\/posts\/28538\/revisions\/28539"}],"wp:attachment":[{"href":"https:\/\/noticiasnoface.com.br\/index.php\/wp-json\/wp\/v2\/media?parent=28538"}],"wp:term":[{"taxonomy":"category","embeddable":true,"href":"https:\/\/noticiasnoface.com.br\/index.php\/wp-json\/wp\/v2\/categories?post=28538"},{"taxonomy":"post_tag","embeddable":true,"href":"https:\/\/noticiasnoface.com.br\/index.php\/wp-json\/wp\/v2\/tags?post=28538"}],"curies":[{"name":"wp","href":"https:\/\/api.w.org\/{rel}","templated":true}]}}