{"id":28540,"date":"2025-06-09T21:53:26","date_gmt":"2025-06-10T00:53:26","guid":{"rendered":"https:\/\/noticiasnoface.com.br\/?p=28540"},"modified":"2025-06-09T21:53:26","modified_gmt":"2025-06-10T00:53:26","slug":"paulinho-freire-recebe-titulo-de-cidadao-parnamirinense","status":"publish","type":"post","link":"https:\/\/noticiasnoface.com.br\/index.php\/2025\/06\/09\/paulinho-freire-recebe-titulo-de-cidadao-parnamirinense\/","title":{"rendered":"Paulinho Freire recebe t\u00edtulo de Cidad\u00e3o Parnamirinense"},"content":{"rendered":"\n<p><\/p>\n\n\n\n<figure class=\"wp-block-image\"><a href=\"https:\/\/www.parnamirim.rn.leg.br\/institucional\/noticias\/paulinho-freire-recebe-titulo-de-cidadao-parnamirinense\/image\/image_view_fullscreen\" target=\"_blank\" rel=\"noopener\"><img data-opt-id=2125100209  fetchpriority=\"high\" decoding=\"async\" src=\"https:\/\/www.parnamirim.rn.leg.br\/institucional\/noticias\/paulinho-freire-recebe-titulo-de-cidadao-parnamirinense\/image_mini\" alt=\"Paulinho Freire recebe t\u00edtulo de Cidad\u00e3o Parnamirinense\" title=\"\"\/><\/a><\/figure>\n\n\n\n<p>Nesta quarta-feira (04), o vereador Thiago Fernandes entregou pessoalmente a Paulinho Freire, prefeito de Natal, o T\u00edtulo de Cidad\u00e3o Honor\u00e1rio Parnamirinense. A honraria tem como objetivo reconhecer e valorizar o compromisso das personalidades que contribuem para o desenvolvimento e crescimento da cidade.<\/p>\n\n\n\n<p>\u201c\u00c9 um prazer imenso receber esse t\u00edtulo, eu que como empres\u00e1rio investi muito em Parnamirim. N\u00f3s temos uma hist\u00f3ria com a cidade e agora aumenta ainda mais a responsabilidade com esse munic\u00edpio\u201d, disse o prefeito de Natal.<\/p>\n\n\n\n<p>A entrega da honraria foi uma proposi\u00e7\u00e3o do mandato do vereador Thiago Fernandes no ano de 2024, quando Paulinho Freire ainda exercia o mandato de deputado federal.<\/p>\n\n\n\n<p><\/p>\n","protected":false},"excerpt":{"rendered":"<p>Nesta quarta-feira (04), o vereador Thiago Fernandes entregou pessoalmente a Paulinho Freire, prefeito de Natal, o T\u00edtulo de Cidad\u00e3o Honor\u00e1rio [&hellip;]<\/p>\n","protected":false},"author":1,"featured_media":0,"comment_status":"closed","ping_status":"","sticky":false,"template":"","format":"image","meta":{"site-sidebar-layout":"default","site-content-layout":"","ast-site-content-layout":"default","site-content-style":"default","site-sidebar-style":"default","ast-global-header-display":"","ast-banner-title-visibility":"","ast-main-header-display":"","ast-hfb-above-header-display":"","ast-hfb-below-header-display":"","ast-hfb-mobile-header-display":"","site-post-title":"","ast-breadcrumbs-content":"","ast-featured-img":"","footer-sml-layout":"","ast-disable-related-posts":"","theme-transparent-header-meta":"","adv-header-id-meta":"","stick-header-meta":"","header-above-stick-meta":"","header-main-stick-meta":"","header-below-stick-meta":"","astra-migrate-meta-layouts":"default","ast-page-background-enabled":"default","ast-page-background-meta":{"desktop":{"background-color":"var(--ast-global-color-4)","background-image":"","background-repeat":"repeat","background-position":"center center","background-size":"auto","background-attachment":"scroll","background-type":"","background-media":"","overlay-type":"","overlay-color":"","overlay-opacity":"","overlay-gradient":""},"tablet":{"background-color":"","background-image":"","background-repeat":"repeat","background-position":"center center","background-size":"auto","background-attachment":"scroll","background-type":"","background-media":"","overlay-type":"","overlay-color":"","overlay-opacity":"","overlay-gradient":""},"mobile":{"background-color":"","background-image":"","background-repeat":"repeat","background-position":"center center","background-size":"auto","background-attachment":"scroll","background-type":"","background-media":"","overlay-type":"","overlay-color":"","overlay-opacity":"","overlay-gradient":""}},"ast-content-background-meta":{"desktop":{"background-color":"var(--ast-global-color-5)","background-image":"","background-repeat":"repeat","background-position":"center center","background-size":"auto","background-attachment":"scroll","background-type":"","background-media":"","overlay-type":"","overlay-color":"","overlay-opacity":"","overlay-gradient":""},"tablet":{"background-color":"var(--ast-global-color-5)","background-image":"","background-repeat":"repeat","background-position":"center center","background-size":"auto","background-attachment":"scroll","background-type":"","background-media":"","overlay-type":"","overlay-color":"","overlay-opacity":"","overlay-gradient":""},"mobile":{"background-color":"var(--ast-global-color-5)","background-image":"","background-repeat":"repeat","background-position":"center center","background-size":"auto","background-attachment":"scroll","background-type":"","background-media":"","overlay-type":"","overlay-color":"","overlay-opacity":"","overlay-gradient":""}},"footnotes":""},"categories":[3817],"tags":[],"class_list":["post-28540","post","type-post","status-publish","format-image","hentry","category-camara-municipal-de-parnamirim","post_format-post-format-image"],"_links":{"self":[{"href":"https:\/\/noticiasnoface.com.br\/index.php\/wp-json\/wp\/v2\/posts\/28540","targetHints":{"allow":["GET"]}}],"collection":[{"href":"https:\/\/noticiasnoface.com.br\/index.php\/wp-json\/wp\/v2\/posts"}],"about":[{"href":"https:\/\/noticiasnoface.com.br\/index.php\/wp-json\/wp\/v2\/types\/post"}],"author":[{"embeddable":true,"href":"https:\/\/noticiasnoface.com.br\/index.php\/wp-json\/wp\/v2\/users\/1"}],"replies":[{"embeddable":true,"href":"https:\/\/noticiasnoface.com.br\/index.php\/wp-json\/wp\/v2\/comments?post=28540"}],"version-history":[{"count":1,"href":"https:\/\/noticiasnoface.com.br\/index.php\/wp-json\/wp\/v2\/posts\/28540\/revisions"}],"predecessor-version":[{"id":28541,"href":"https:\/\/noticiasnoface.com.br\/index.php\/wp-json\/wp\/v2\/posts\/28540\/revisions\/28541"}],"wp:attachment":[{"href":"https:\/\/noticiasnoface.com.br\/index.php\/wp-json\/wp\/v2\/media?parent=28540"}],"wp:term":[{"taxonomy":"category","embeddable":true,"href":"https:\/\/noticiasnoface.com.br\/index.php\/wp-json\/wp\/v2\/categories?post=28540"},{"taxonomy":"post_tag","embeddable":true,"href":"https:\/\/noticiasnoface.com.br\/index.php\/wp-json\/wp\/v2\/tags?post=28540"}],"curies":[{"name":"wp","href":"https:\/\/api.w.org\/{rel}","templated":true}]}}