{"id":28548,"date":"2025-06-10T21:02:43","date_gmt":"2025-06-11T00:02:43","guid":{"rendered":"https:\/\/noticiasnoface.com.br\/?p=28548"},"modified":"2025-06-10T21:02:43","modified_gmt":"2025-06-11T00:02:43","slug":"pl-que-cria-conselho-da-igualdade-racial-passa-na-comissao-de-direitos-humanos","status":"publish","type":"post","link":"https:\/\/noticiasnoface.com.br\/index.php\/2025\/06\/10\/pl-que-cria-conselho-da-igualdade-racial-passa-na-comissao-de-direitos-humanos\/","title":{"rendered":"PL que cria Conselho da Igualdade Racial passa na Comiss\u00e3o de Direitos Humanos&nbsp;"},"content":{"rendered":"\n<figure class=\"wp-block-image foto-noticia\"><img data-opt-id=441081674  fetchpriority=\"high\" decoding=\"async\" src=\"https:\/\/www.cmnat.rn.gov.br\/_ups\/noticias\/2025\/06\/10\/299d488a450441417c24e369b14d28cf.jpeg\" alt=\"\"\/><\/figure>\n\n\n\n<p>Durante uma reuni\u00e3o nesta ter\u00e7a-feira (10), a Comiss\u00e3o de Defesa dos Direitos Humanos, da Cidadania, Trabalho e das Minorias da C\u00e2mara Municipal de Natal aprovou e designou projetos de lei para relatoria e debateu assuntos de interesse p\u00fablico. Entre os destaques da pauta, o parecer favor\u00e1vel ao PL 604\/2024 encaminhado pelo Executivo que institui o Conselho Municipal de Pol\u00edtica de Promo\u00e7\u00e3o da Igualdade Racial (COMPPIR) no Munic\u00edpio.&nbsp;<\/p>\n\n\n\n<p>Pelo texto, trata-se de um \u00f3rg\u00e3o colegiado, de car\u00e1ter permanente, deliberativo, consultivo, fiscalizador e de controle social, voltado para a representa\u00e7\u00e3o e assessoramento na implementa\u00e7\u00e3o de pol\u00edticas p\u00fablicas de combate ao racismo e \u00e0 intoler\u00e2ncia religiosa, bem como para a promo\u00e7\u00e3o da integra\u00e7\u00e3o e participa\u00e7\u00e3o das comunidades negras, ind\u00edgenas, ciganas, afro-amer\u00edndias, de matriz africana, de terreiros e demais comunidades tradicionais no processo social, econ\u00f4mico, pol\u00edtico e cultural da capital potiguar.<\/p>\n\n\n\n<p>&#8220;A proposta representa um importante avan\u00e7o institucional na luta contra o racismo em nossa cidade e contribui para a constru\u00e7\u00e3o de uma Natal mais democr\u00e1tica, plural e socialmente justa. As emendas que encartamos possuem a inten\u00e7\u00e3o apenas de melhorar o texto e garantir ainda mais for\u00e7a para esse conselho. Por exemplo, uma das emendas estabelece que pelo menos metade do \u00f3rg\u00e3o seja composta por pessoas negras, ind\u00edgenas ou minorias \u00e9tnicas&#8221;, defendeu o vereador Daniel Valen\u00e7a (PT), relator da mat\u00e9ria.<\/p>\n\n\n\n<p>Outro destaque foi a aprova\u00e7\u00e3o do Projeto de Resolu\u00e7\u00e3o n\u00b0 14\/2024, de autoria da Mesa Diretora, que concede folga remunerada aos servidores da C\u00e2mara Municipal de Natal que doarem sangue, mediante apresenta\u00e7\u00e3o do comprovante de doa\u00e7\u00e3o emitido por uma institui\u00e7\u00e3o reconhecida. A folga ser\u00e1 concedida no dia da doa\u00e7\u00e3o ou em data a ser combinada com a chefia imediata, de forma a n\u00e3o prejudicar o funcionamento dos servi\u00e7os. Os servidores interessados em usufruir desta folga devem comunicar previamente a inten\u00e7\u00e3o de doar sangue, para que sejam organizadas as substitui\u00e7\u00f5es necess\u00e1rias.<\/p>\n\n\n\n<p>A presidente da Comiss\u00e3o, vereadora Thabatta Pimenta (PSOL), fez a relatoria da proposi\u00e7\u00e3o e ressaltou sua relev\u00e2ncia. &#8220;A medida tem claro apelo social, pois atua sobre um dos maiores gargalos da sa\u00fade p\u00fablica: a escassez cr\u00f4nica de doadores regulares de sangue. Segundo dados do Minist\u00e9rio da Sa\u00fade, menos de 2% da popula\u00e7\u00e3o brasileira doa sangue regularmente &#8211; abaixo dos 3% recomendados pela OMS. No plano local, o Hemonorte enfrenta sazonalmente estoques cr\u00edticos, especialmente em feriados e per\u00edodos de alta demanda, como o Carnaval e ? final do ano. Com essa iniciativa, a C\u00e2mara contribui para a manuten\u00e7\u00e3o dos estoques e fortalece a cultura da doa\u00e7\u00e3o&#8221;.<\/p>\n\n\n\n<p>Os vereadores Jo\u00e3o Batista (DC) e Eribaldo Medeiros (PV) e a vereadora Brisa Bracchi (PT) tamb\u00e9m participaram da reuni\u00e3o.<\/p>\n\n\n\n<p><em><strong>Texto: Junior Martins<br \/>Fotos: Elp\u00eddio J\u00fanior<\/strong><\/em><\/p>\n","protected":false},"excerpt":{"rendered":"<p>Durante uma reuni\u00e3o nesta ter\u00e7a-feira (10), a Comiss\u00e3o de Defesa dos Direitos Humanos, da Cidadania, Trabalho e das Minorias da [&hellip;]<\/p>\n","protected":false},"author":1,"featured_media":0,"comment_status":"closed","ping_status":"","sticky":false,"template":"","format":"image","meta":{"site-sidebar-layout":"default","site-content-layout":"","ast-site-content-layout":"default","site-content-style":"default","site-sidebar-style":"default","ast-global-header-display":"","ast-banner-title-visibility":"","ast-main-header-display":"","ast-hfb-above-header-display":"","ast-hfb-below-header-display":"","ast-hfb-mobile-header-display":"","site-post-title":"","ast-breadcrumbs-content":"","ast-featured-img":"","footer-sml-layout":"","ast-disable-related-posts":"","theme-transparent-header-meta":"","adv-header-id-meta":"","stick-header-meta":"","header-above-stick-meta":"","header-main-stick-meta":"","header-below-stick-meta":"","astra-migrate-meta-layouts":"default","ast-page-background-enabled":"default","ast-page-background-meta":{"desktop":{"background-color":"var(--ast-global-color-4)","background-image":"","background-repeat":"repeat","background-position":"center center","background-size":"auto","background-attachment":"scroll","background-type":"","background-media":"","overlay-type":"","overlay-color":"","overlay-opacity":"","overlay-gradient":""},"tablet":{"background-color":"","background-image":"","background-repeat":"repeat","background-position":"center center","background-size":"auto","background-attachment":"scroll","background-type":"","background-media":"","overlay-type":"","overlay-color":"","overlay-opacity":"","overlay-gradient":""},"mobile":{"background-color":"","background-image":"","background-repeat":"repeat","background-position":"center center","background-size":"auto","background-attachment":"scroll","background-type":"","background-media":"","overlay-type":"","overlay-color":"","overlay-opacity":"","overlay-gradient":""}},"ast-content-background-meta":{"desktop":{"background-color":"var(--ast-global-color-5)","background-image":"","background-repeat":"repeat","background-position":"center center","background-size":"auto","background-attachment":"scroll","background-type":"","background-media":"","overlay-type":"","overlay-color":"","overlay-opacity":"","overlay-gradient":""},"tablet":{"background-color":"var(--ast-global-color-5)","background-image":"","background-repeat":"repeat","background-position":"center center","background-size":"auto","background-attachment":"scroll","background-type":"","background-media":"","overlay-type":"","overlay-color":"","overlay-opacity":"","overlay-gradient":""},"mobile":{"background-color":"var(--ast-global-color-5)","background-image":"","background-repeat":"repeat","background-position":"center center","background-size":"auto","background-attachment":"scroll","background-type":"","background-media":"","overlay-type":"","overlay-color":"","overlay-opacity":"","overlay-gradient":""}},"footnotes":""},"categories":[3816],"tags":[],"class_list":["post-28548","post","type-post","status-publish","format-image","hentry","category-camara-municipal-de-natal","post_format-post-format-image"],"_links":{"self":[{"href":"https:\/\/noticiasnoface.com.br\/index.php\/wp-json\/wp\/v2\/posts\/28548","targetHints":{"allow":["GET"]}}],"collection":[{"href":"https:\/\/noticiasnoface.com.br\/index.php\/wp-json\/wp\/v2\/posts"}],"about":[{"href":"https:\/\/noticiasnoface.com.br\/index.php\/wp-json\/wp\/v2\/types\/post"}],"author":[{"embeddable":true,"href":"https:\/\/noticiasnoface.com.br\/index.php\/wp-json\/wp\/v2\/users\/1"}],"replies":[{"embeddable":true,"href":"https:\/\/noticiasnoface.com.br\/index.php\/wp-json\/wp\/v2\/comments?post=28548"}],"version-history":[{"count":1,"href":"https:\/\/noticiasnoface.com.br\/index.php\/wp-json\/wp\/v2\/posts\/28548\/revisions"}],"predecessor-version":[{"id":28549,"href":"https:\/\/noticiasnoface.com.br\/index.php\/wp-json\/wp\/v2\/posts\/28548\/revisions\/28549"}],"wp:attachment":[{"href":"https:\/\/noticiasnoface.com.br\/index.php\/wp-json\/wp\/v2\/media?parent=28548"}],"wp:term":[{"taxonomy":"category","embeddable":true,"href":"https:\/\/noticiasnoface.com.br\/index.php\/wp-json\/wp\/v2\/categories?post=28548"},{"taxonomy":"post_tag","embeddable":true,"href":"https:\/\/noticiasnoface.com.br\/index.php\/wp-json\/wp\/v2\/tags?post=28548"}],"curies":[{"name":"wp","href":"https:\/\/api.w.org\/{rel}","templated":true}]}}