{"id":28553,"date":"2025-06-11T05:04:18","date_gmt":"2025-06-11T08:04:18","guid":{"rendered":"https:\/\/noticiasnoface.com.br\/?p=28553"},"modified":"2025-06-11T05:04:18","modified_gmt":"2025-06-11T08:04:18","slug":"deputada-britanica-declara-guerra-a-homens-gays-nudistas-apos-denuncias-de-comportamento-obsceno-em-praia","status":"publish","type":"post","link":"https:\/\/noticiasnoface.com.br\/index.php\/2025\/06\/11\/deputada-britanica-declara-guerra-a-homens-gays-nudistas-apos-denuncias-de-comportamento-obsceno-em-praia\/","title":{"rendered":"Deputada brit\u00e2nica declara guerra a &#8216;homens gays nudistas&#8217; ap\u00f3s den\u00fancias de &#8216;comportamento obsceno&#8217; em praia"},"content":{"rendered":"\n<h2 class=\"wp-block-heading subhead\">A a\u00e7\u00e3o, descrita como uma caminhada comunit\u00e1ria para \u201cRecuperar a Praia\u201d, teria sido motivada por uma suposta onda de epis\u00f3dios de \u201ccomportamento obsceno\u201d na regi\u00e3o<\/h2>\n\n\n\n<figure class=\"wp-block-image\"><img data-opt-id=92682174  fetchpriority=\"high\" decoding=\"async\" src=\"https:\/\/s2-extra.glbimg.com\/40mQIBw6K4ypup66lqd4ovf00XE=\/0x0:800x601\/888x0\/smart\/filters:strip_icc()\/i.s3.glbimg.com\/v1\/AUTH_1f551ea7087a47f39ead75f64041559a\/internal_photos\/bs\/2025\/B\/a\/kFx1wXS4W6inZGP6gd0w\/praia-agito-2.jpg\" alt=\"A deputada trabalhista Jess Asato\"\/><figcaption class=\"wp-element-caption\">A deputada trabalhista Jess Asato \u2014 Foto: Reprodu\u00e7\u00e3o\/X\/@Jess4Lowestoft<\/figcaption><\/figure>\n\n\n\n<p>A deputada trabalhista Jess Asato, representante da cidade brit\u00e2nica de Lowestoft, se juntou a moradores em um protesto na praia de Corton, em Suffolk, nesta semana, contra o que chamou de \u201ccomportamento sexual criminoso\u201d por parte de homens gays nudistas. A a\u00e7\u00e3o, descrita como uma caminhada comunit\u00e1ria para \u201cRecuperar a Praia\u201d, teria sido motivada por uma suposta onda de epis\u00f3dios de \u201ccomportamento obsceno\u201d na regi\u00e3o.<\/p>\n\n\n\n<p><\/p>\n","protected":false},"excerpt":{"rendered":"<p>A a\u00e7\u00e3o, descrita como uma caminhada comunit\u00e1ria para \u201cRecuperar a Praia\u201d, teria sido motivada por uma suposta onda de epis\u00f3dios [&hellip;]<\/p>\n","protected":false},"author":1,"featured_media":0,"comment_status":"closed","ping_status":"","sticky":false,"template":"","format":"image","meta":{"site-sidebar-layout":"default","site-content-layout":"","ast-site-content-layout":"default","site-content-style":"default","site-sidebar-style":"default","ast-global-header-display":"","ast-banner-title-visibility":"","ast-main-header-display":"","ast-hfb-above-header-display":"","ast-hfb-below-header-display":"","ast-hfb-mobile-header-display":"","site-post-title":"","ast-breadcrumbs-content":"","ast-featured-img":"","footer-sml-layout":"","ast-disable-related-posts":"","theme-transparent-header-meta":"","adv-header-id-meta":"","stick-header-meta":"","header-above-stick-meta":"","header-main-stick-meta":"","header-below-stick-meta":"","astra-migrate-meta-layouts":"default","ast-page-background-enabled":"default","ast-page-background-meta":{"desktop":{"background-color":"var(--ast-global-color-4)","background-image":"","background-repeat":"repeat","background-position":"center center","background-size":"auto","background-attachment":"scroll","background-type":"","background-media":"","overlay-type":"","overlay-color":"","overlay-opacity":"","overlay-gradient":""},"tablet":{"background-color":"","background-image":"","background-repeat":"repeat","background-position":"center center","background-size":"auto","background-attachment":"scroll","background-type":"","background-media":"","overlay-type":"","overlay-color":"","overlay-opacity":"","overlay-gradient":""},"mobile":{"background-color":"","background-image":"","background-repeat":"repeat","background-position":"center center","background-size":"auto","background-attachment":"scroll","background-type":"","background-media":"","overlay-type":"","overlay-color":"","overlay-opacity":"","overlay-gradient":""}},"ast-content-background-meta":{"desktop":{"background-color":"var(--ast-global-color-5)","background-image":"","background-repeat":"repeat","background-position":"center center","background-size":"auto","background-attachment":"scroll","background-type":"","background-media":"","overlay-type":"","overlay-color":"","overlay-opacity":"","overlay-gradient":""},"tablet":{"background-color":"var(--ast-global-color-5)","background-image":"","background-repeat":"repeat","background-position":"center center","background-size":"auto","background-attachment":"scroll","background-type":"","background-media":"","overlay-type":"","overlay-color":"","overlay-opacity":"","overlay-gradient":""},"mobile":{"background-color":"var(--ast-global-color-5)","background-image":"","background-repeat":"repeat","background-position":"center center","background-size":"auto","background-attachment":"scroll","background-type":"","background-media":"","overlay-type":"","overlay-color":"","overlay-opacity":"","overlay-gradient":""}},"footnotes":""},"categories":[517],"tags":[],"class_list":["post-28553","post","type-post","status-publish","format-image","hentry","category-aconteceu","post_format-post-format-image"],"_links":{"self":[{"href":"https:\/\/noticiasnoface.com.br\/index.php\/wp-json\/wp\/v2\/posts\/28553","targetHints":{"allow":["GET"]}}],"collection":[{"href":"https:\/\/noticiasnoface.com.br\/index.php\/wp-json\/wp\/v2\/posts"}],"about":[{"href":"https:\/\/noticiasnoface.com.br\/index.php\/wp-json\/wp\/v2\/types\/post"}],"author":[{"embeddable":true,"href":"https:\/\/noticiasnoface.com.br\/index.php\/wp-json\/wp\/v2\/users\/1"}],"replies":[{"embeddable":true,"href":"https:\/\/noticiasnoface.com.br\/index.php\/wp-json\/wp\/v2\/comments?post=28553"}],"version-history":[{"count":1,"href":"https:\/\/noticiasnoface.com.br\/index.php\/wp-json\/wp\/v2\/posts\/28553\/revisions"}],"predecessor-version":[{"id":28554,"href":"https:\/\/noticiasnoface.com.br\/index.php\/wp-json\/wp\/v2\/posts\/28553\/revisions\/28554"}],"wp:attachment":[{"href":"https:\/\/noticiasnoface.com.br\/index.php\/wp-json\/wp\/v2\/media?parent=28553"}],"wp:term":[{"taxonomy":"category","embeddable":true,"href":"https:\/\/noticiasnoface.com.br\/index.php\/wp-json\/wp\/v2\/categories?post=28553"},{"taxonomy":"post_tag","embeddable":true,"href":"https:\/\/noticiasnoface.com.br\/index.php\/wp-json\/wp\/v2\/tags?post=28553"}],"curies":[{"name":"wp","href":"https:\/\/api.w.org\/{rel}","templated":true}]}}