{"id":28556,"date":"2025-06-11T12:47:07","date_gmt":"2025-06-11T15:47:07","guid":{"rendered":"https:\/\/noticiasnoface.com.br\/?p=28556"},"modified":"2025-06-11T12:47:07","modified_gmt":"2025-06-11T15:47:07","slug":"dr-cesar-maia-recebe-representantes-de-nova-parnamirim-e-apoia-corrida-parnarun","status":"publish","type":"post","link":"https:\/\/noticiasnoface.com.br\/index.php\/2025\/06\/11\/dr-cesar-maia-recebe-representantes-de-nova-parnamirim-e-apoia-corrida-parnarun\/","title":{"rendered":"Dr. C\u00e9sar Maia recebe representantes de Nova Parnamirim e apoia corrida \u201cParnarun\u201d"},"content":{"rendered":"\n<figure class=\"wp-block-image size-large\"><img data-opt-id=1177801131  fetchpriority=\"high\" decoding=\"async\" width=\"660\" height=\"496\" src=\"https:\/\/mlbfrsat7ahr.i.optimole.com\/w:auto\/h:auto\/q:mauto\/ig:avif\/https:\/\/noticiasnoface.com.br\/wp-content\/uploads\/2025\/06\/17fe4de2-f99d-4867-9833-4516c4f84173-1.jpg\" class=\"wp-image-28555\" srcset=\"https:\/\/mlbfrsat7ahr.i.optimole.com\/w:660\/h:496\/q:mauto\/ig:avif\/https:\/\/noticiasnoface.com.br\/wp-content\/uploads\/2025\/06\/17fe4de2-f99d-4867-9833-4516c4f84173-1.jpg 660w, https:\/\/mlbfrsat7ahr.i.optimole.com\/w:300\/h:225\/q:mauto\/ig:avif\/https:\/\/noticiasnoface.com.br\/wp-content\/uploads\/2025\/06\/17fe4de2-f99d-4867-9833-4516c4f84173-1.jpg 300w\" sizes=\"(max-width: 660px) 100vw, 660px\" \/><\/figure>\n\n\n\n<p>O presidente da C\u00e2mara Municipal de Parnamirim, Dr. C\u00e9sar Maia, recebeu nesta semana representantes do bairro de Nova Parnamirim, que celebra 36 anos de exist\u00eancia em 2025. Durante a reuni\u00e3o, foi discutida a organiza\u00e7\u00e3o da corrida de rua \u201cParnarun\u201d, que ser\u00e1 realizada no dia 12 de julho, como parte das comemora\u00e7\u00f5es pelo anivers\u00e1rio do bairro.<\/p>\n\n\n\n<p>Estiveram presentes no encontro o vereador L\u00e9o Lima e os representantes comunit\u00e1rios Deni Marinho, Josi Matos e Marc\u00edlio Sena, todos engajados na constru\u00e7\u00e3o de um evento que una esporte, cidadania e valoriza\u00e7\u00e3o da hist\u00f3ria local.<\/p>\n\n\n\n<p>Dr. C\u00e9sar Maia destacou a relev\u00e2ncia de a\u00e7\u00f5es como a Parnarun para aproximar o poder p\u00fablico da popula\u00e7\u00e3o. \u201cNova Parnamirim \u00e9 um bairro de grande import\u00e2ncia para o munic\u00edpio. Apoiar essa corrida \u00e9 reconhecer o esfor\u00e7o da comunidade e incentivar a participa\u00e7\u00e3o ativa da popula\u00e7\u00e3o nas comemora\u00e7\u00f5es e nas decis\u00f5es que impactam sua realidade\u201d, afirmou o presidente.<\/p>\n\n\n\n<p>A Parnarun promete movimentar moradores e corredores de toda a cidade, celebrando mais de tr\u00eas d\u00e9cadas de crescimento, identidade e pertencimento em Nova Parnamirim. Informa\u00e7\u00f5es sobre inscri\u00e7\u00f5es e detalhes do percurso ser\u00e3o divulgadas em breve.<\/p>\n","protected":false},"excerpt":{"rendered":"<p>O presidente da C\u00e2mara Municipal de Parnamirim, Dr. C\u00e9sar Maia, recebeu nesta semana representantes do bairro de Nova Parnamirim, que [&hellip;]<\/p>\n","protected":false},"author":1,"featured_media":0,"comment_status":"closed","ping_status":"","sticky":false,"template":"","format":"image","meta":{"site-sidebar-layout":"default","site-content-layout":"","ast-site-content-layout":"default","site-content-style":"default","site-sidebar-style":"default","ast-global-header-display":"","ast-banner-title-visibility":"","ast-main-header-display":"","ast-hfb-above-header-display":"","ast-hfb-below-header-display":"","ast-hfb-mobile-header-display":"","site-post-title":"","ast-breadcrumbs-content":"","ast-featured-img":"","footer-sml-layout":"","ast-disable-related-posts":"","theme-transparent-header-meta":"","adv-header-id-meta":"","stick-header-meta":"","header-above-stick-meta":"","header-main-stick-meta":"","header-below-stick-meta":"","astra-migrate-meta-layouts":"default","ast-page-background-enabled":"default","ast-page-background-meta":{"desktop":{"background-color":"var(--ast-global-color-4)","background-image":"","background-repeat":"repeat","background-position":"center center","background-size":"auto","background-attachment":"scroll","background-type":"","background-media":"","overlay-type":"","overlay-color":"","overlay-opacity":"","overlay-gradient":""},"tablet":{"background-color":"","background-image":"","background-repeat":"repeat","background-position":"center center","background-size":"auto","background-attachment":"scroll","background-type":"","background-media":"","overlay-type":"","overlay-color":"","overlay-opacity":"","overlay-gradient":""},"mobile":{"background-color":"","background-image":"","background-repeat":"repeat","background-position":"center center","background-size":"auto","background-attachment":"scroll","background-type":"","background-media":"","overlay-type":"","overlay-color":"","overlay-opacity":"","overlay-gradient":""}},"ast-content-background-meta":{"desktop":{"background-color":"var(--ast-global-color-5)","background-image":"","background-repeat":"repeat","background-position":"center center","background-size":"auto","background-attachment":"scroll","background-type":"","background-media":"","overlay-type":"","overlay-color":"","overlay-opacity":"","overlay-gradient":""},"tablet":{"background-color":"var(--ast-global-color-5)","background-image":"","background-repeat":"repeat","background-position":"center center","background-size":"auto","background-attachment":"scroll","background-type":"","background-media":"","overlay-type":"","overlay-color":"","overlay-opacity":"","overlay-gradient":""},"mobile":{"background-color":"var(--ast-global-color-5)","background-image":"","background-repeat":"repeat","background-position":"center center","background-size":"auto","background-attachment":"scroll","background-type":"","background-media":"","overlay-type":"","overlay-color":"","overlay-opacity":"","overlay-gradient":""}},"footnotes":""},"categories":[3817],"tags":[],"class_list":["post-28556","post","type-post","status-publish","format-image","hentry","category-camara-municipal-de-parnamirim","post_format-post-format-image"],"_links":{"self":[{"href":"https:\/\/noticiasnoface.com.br\/index.php\/wp-json\/wp\/v2\/posts\/28556","targetHints":{"allow":["GET"]}}],"collection":[{"href":"https:\/\/noticiasnoface.com.br\/index.php\/wp-json\/wp\/v2\/posts"}],"about":[{"href":"https:\/\/noticiasnoface.com.br\/index.php\/wp-json\/wp\/v2\/types\/post"}],"author":[{"embeddable":true,"href":"https:\/\/noticiasnoface.com.br\/index.php\/wp-json\/wp\/v2\/users\/1"}],"replies":[{"embeddable":true,"href":"https:\/\/noticiasnoface.com.br\/index.php\/wp-json\/wp\/v2\/comments?post=28556"}],"version-history":[{"count":1,"href":"https:\/\/noticiasnoface.com.br\/index.php\/wp-json\/wp\/v2\/posts\/28556\/revisions"}],"predecessor-version":[{"id":28557,"href":"https:\/\/noticiasnoface.com.br\/index.php\/wp-json\/wp\/v2\/posts\/28556\/revisions\/28557"}],"wp:attachment":[{"href":"https:\/\/noticiasnoface.com.br\/index.php\/wp-json\/wp\/v2\/media?parent=28556"}],"wp:term":[{"taxonomy":"category","embeddable":true,"href":"https:\/\/noticiasnoface.com.br\/index.php\/wp-json\/wp\/v2\/categories?post=28556"},{"taxonomy":"post_tag","embeddable":true,"href":"https:\/\/noticiasnoface.com.br\/index.php\/wp-json\/wp\/v2\/tags?post=28556"}],"curies":[{"name":"wp","href":"https:\/\/api.w.org\/{rel}","templated":true}]}}