{"id":28559,"date":"2025-06-11T22:42:54","date_gmt":"2025-06-12T01:42:54","guid":{"rendered":"https:\/\/noticiasnoface.com.br\/?p=28559"},"modified":"2025-06-11T22:44:43","modified_gmt":"2025-06-12T01:44:43","slug":"rota-22-traz-bolsonaro-de-volta-ao-rn-para-encontros-politicos-e-visitas-simbolicas","status":"publish","type":"post","link":"https:\/\/noticiasnoface.com.br\/index.php\/2025\/06\/11\/rota-22-traz-bolsonaro-de-volta-ao-rn-para-encontros-politicos-e-visitas-simbolicas\/","title":{"rendered":"Rota 22 traz Bolsonaro de volta ao RN para encontros pol\u00edticos e visitas simb\u00f3licas"},"content":{"rendered":"\n<figure class=\"wp-block-image size-large\"><img data-opt-id=1581833389  fetchpriority=\"high\" decoding=\"async\" src=\"file:\/\/\/private\/var\/mobile\/Containers\/Data\/Application\/2B5F0EFA-9CD2-46DC-A2DC-74FE2949AB0E\/tmp\/org.automattic.MediaImageServiceSymlinks\/thumbnail-33d1a724-f81b-45fe-88df-462d79c3e3dc-1536x1024.jpeg\" alt=\"\" class=\"wp-image--97797557\"\/><\/figure>\n\n\n\n<figure class=\"wp-block-image size-large\"><img data-opt-id=824140247  fetchpriority=\"high\" decoding=\"async\" width=\"1024\" height=\"683\" src=\"https:\/\/mlbfrsat7ahr.i.optimole.com\/w:1024\/h:683\/q:mauto\/ig:avif\/https:\/\/noticiasnoface.com.br\/wp-content\/uploads\/2025\/06\/673aa605-1d15-4c49-921c-a251220b0a49-2-1.jpg\" alt=\"\" class=\"wp-image-28561\" srcset=\"https:\/\/mlbfrsat7ahr.i.optimole.com\/w:1024\/h:683\/q:mauto\/ig:avif\/https:\/\/noticiasnoface.com.br\/wp-content\/uploads\/2025\/06\/673aa605-1d15-4c49-921c-a251220b0a49-2-1.jpg 1024w, https:\/\/mlbfrsat7ahr.i.optimole.com\/w:300\/h:200\/q:mauto\/ig:avif\/https:\/\/noticiasnoface.com.br\/wp-content\/uploads\/2025\/06\/673aa605-1d15-4c49-921c-a251220b0a49-2-1.jpg 300w, https:\/\/mlbfrsat7ahr.i.optimole.com\/w:768\/h:512\/q:mauto\/ig:avif\/https:\/\/noticiasnoface.com.br\/wp-content\/uploads\/2025\/06\/673aa605-1d15-4c49-921c-a251220b0a49-2-1.jpg 768w, https:\/\/mlbfrsat7ahr.i.optimole.com\/w:1536\/h:1024\/q:mauto\/ig:avif\/https:\/\/noticiasnoface.com.br\/wp-content\/uploads\/2025\/06\/673aa605-1d15-4c49-921c-a251220b0a49-2-1.jpg 1536w, https:\/\/mlbfrsat7ahr.i.optimole.com\/w:1600\/h:1067\/q:mauto\/ig:avif\/https:\/\/noticiasnoface.com.br\/wp-content\/uploads\/2025\/06\/673aa605-1d15-4c49-921c-a251220b0a49-2-1.jpg 1600w\" sizes=\"(max-width: 1000px) 100vw, 1000px\" \/><\/figure>\n\n\n\n<p>O ex-presidente Jair Bolsonaro (PL-RN) confirmou visita ao Rio Grande do Norte de quinta-feira (12) a s\u00e1bado (14), desta semana. Bolsonaro chega ao Estado \u00e0s 11h, da quinta-feira (12), no aeroporto de S\u00e3o Gon\u00e7alo do Amarante, \u00e0s 12h tem almo\u00e7o com influenciadores digitais, \u00e0s 14h30 recebe t\u00edtulos de cidadania natalense e norte-rio-grandense na C\u00e2mara Municipal de Natal; e \u00e0s 16h visita a Engorda de Ponta Negra.<\/p>\n\n\n\n<p>Bolsonaro retoma a agenda na sexta-feira (13) ao visitar, \u00e0s 7h, o Hospital Rio Grande para uma visita de agradecimento aos profissionais de sa\u00fade que o atenderam em situa\u00e7\u00e3o de urg\u00eancia, no m\u00eas de abril. \u00c0s 9h30, ele estar\u00e1 em Tangar\u00e1, 10h30 visita a equipe que tamb\u00e9m lhe atendeu no Hospital Municipal de Santa Cruz e ir\u00e1 ao Santu\u00e1rio de Santa Rita de C\u00e1ssia.<\/p>\n\n\n\n<p>Na sexta-feira (13) \u00e0 tarde, \u00e0s 13h, visita a Cidade da Moda, em Acari, \u00e0s 15h, ir\u00e1 \u00e0 Barragem de Oiticica, em Jucurutu e \u00e0s 19h, participa do Mossor\u00f3 Cidade Junina. No s\u00e1bado (14), \u00e0s 7h visita ao Anel Vi\u00e1rio de Mossor\u00f3 e recebe o t\u00edtulo de cidad\u00e3o mossoroense e \u00e0s 8h, ter\u00e1 o Semin\u00e1rio do Projeto Rota 22, no Hotel Garbos. Bolsonaro encerra a agenda \u00e0s 14h30, no embarque pelo Aeroporto de S\u00e3o Gon\u00e7alo do Amarante.<\/p>\n\n\n\n<p>A visita do ex-presidente integra o Projeto Rota 22. A\u00e7\u00e3o realizada pelo Partido Liberal (PL), em parceria com o Instituto \u00c1lvaro Valle e sob a lideran\u00e7a de Jair Bolsonaro e do senador Rog\u00e9rio Marinho. O Rota 22 promove oficinas e semin\u00e1rios com o objetivo de identificar demandas locais e fortalecer o compromisso do partido com a melhoria da qualidade de vida da popula\u00e7\u00e3o.<\/p>\n\n\n\n<p>Fique conectado com o Rota 22 \u2014 acesse o site plrota22.com.br e confira quando o projeto passar\u00e1 por sua regi\u00e3o. Mais informa\u00e7\u00f5es tamb\u00e9m est\u00e3o dispon\u00edveis nas redes sociais, pelos perfis @pl22rn e @plnacional22, e no canal de WhatsApp do Rota 22 no Rio Grande do Norte: canal.plrota22.com.br.<\/p>\n","protected":false},"excerpt":{"rendered":"<p>O ex-presidente Jair Bolsonaro (PL-RN) confirmou visita ao Rio Grande do Norte de quinta-feira (12) a s\u00e1bado (14), desta semana. [&hellip;]<\/p>\n","protected":false},"author":1,"featured_media":0,"comment_status":"closed","ping_status":"","sticky":false,"template":"","format":"image","meta":{"site-sidebar-layout":"default","site-content-layout":"","ast-site-content-layout":"default","site-content-style":"default","site-sidebar-style":"default","ast-global-header-display":"","ast-banner-title-visibility":"","ast-main-header-display":"","ast-hfb-above-header-display":"","ast-hfb-below-header-display":"","ast-hfb-mobile-header-display":"","site-post-title":"","ast-breadcrumbs-content":"","ast-featured-img":"","footer-sml-layout":"","ast-disable-related-posts":"","theme-transparent-header-meta":"","adv-header-id-meta":"","stick-header-meta":"","header-above-stick-meta":"","header-main-stick-meta":"","header-below-stick-meta":"","astra-migrate-meta-layouts":"default","ast-page-background-enabled":"default","ast-page-background-meta":{"desktop":{"background-color":"var(--ast-global-color-4)","background-image":"","background-repeat":"repeat","background-position":"center center","background-size":"auto","background-attachment":"scroll","background-type":"","background-media":"","overlay-type":"","overlay-color":"","overlay-opacity":"","overlay-gradient":""},"tablet":{"background-color":"","background-image":"","background-repeat":"repeat","background-position":"center center","background-size":"auto","background-attachment":"scroll","background-type":"","background-media":"","overlay-type":"","overlay-color":"","overlay-opacity":"","overlay-gradient":""},"mobile":{"background-color":"","background-image":"","background-repeat":"repeat","background-position":"center center","background-size":"auto","background-attachment":"scroll","background-type":"","background-media":"","overlay-type":"","overlay-color":"","overlay-opacity":"","overlay-gradient":""}},"ast-content-background-meta":{"desktop":{"background-color":"var(--ast-global-color-5)","background-image":"","background-repeat":"repeat","background-position":"center center","background-size":"auto","background-attachment":"scroll","background-type":"","background-media":"","overlay-type":"","overlay-color":"","overlay-opacity":"","overlay-gradient":""},"tablet":{"background-color":"var(--ast-global-color-5)","background-image":"","background-repeat":"repeat","background-position":"center center","background-size":"auto","background-attachment":"scroll","background-type":"","background-media":"","overlay-type":"","overlay-color":"","overlay-opacity":"","overlay-gradient":""},"mobile":{"background-color":"var(--ast-global-color-5)","background-image":"","background-repeat":"repeat","background-position":"center center","background-size":"auto","background-attachment":"scroll","background-type":"","background-media":"","overlay-type":"","overlay-color":"","overlay-opacity":"","overlay-gradient":""}},"footnotes":""},"categories":[517],"tags":[],"class_list":["post-28559","post","type-post","status-publish","format-image","hentry","category-aconteceu","post_format-post-format-image"],"_links":{"self":[{"href":"https:\/\/noticiasnoface.com.br\/index.php\/wp-json\/wp\/v2\/posts\/28559","targetHints":{"allow":["GET"]}}],"collection":[{"href":"https:\/\/noticiasnoface.com.br\/index.php\/wp-json\/wp\/v2\/posts"}],"about":[{"href":"https:\/\/noticiasnoface.com.br\/index.php\/wp-json\/wp\/v2\/types\/post"}],"author":[{"embeddable":true,"href":"https:\/\/noticiasnoface.com.br\/index.php\/wp-json\/wp\/v2\/users\/1"}],"replies":[{"embeddable":true,"href":"https:\/\/noticiasnoface.com.br\/index.php\/wp-json\/wp\/v2\/comments?post=28559"}],"version-history":[{"count":3,"href":"https:\/\/noticiasnoface.com.br\/index.php\/wp-json\/wp\/v2\/posts\/28559\/revisions"}],"predecessor-version":[{"id":28563,"href":"https:\/\/noticiasnoface.com.br\/index.php\/wp-json\/wp\/v2\/posts\/28559\/revisions\/28563"}],"wp:attachment":[{"href":"https:\/\/noticiasnoface.com.br\/index.php\/wp-json\/wp\/v2\/media?parent=28559"}],"wp:term":[{"taxonomy":"category","embeddable":true,"href":"https:\/\/noticiasnoface.com.br\/index.php\/wp-json\/wp\/v2\/categories?post=28559"},{"taxonomy":"post_tag","embeddable":true,"href":"https:\/\/noticiasnoface.com.br\/index.php\/wp-json\/wp\/v2\/tags?post=28559"}],"curies":[{"name":"wp","href":"https:\/\/api.w.org\/{rel}","templated":true}]}}