{"id":28574,"date":"2025-06-12T22:05:03","date_gmt":"2025-06-13T01:05:03","guid":{"rendered":"https:\/\/noticiasnoface.com.br\/?p=28574"},"modified":"2025-06-12T22:05:03","modified_gmt":"2025-06-13T01:05:03","slug":"camara-municipal-de-natal-homenageia-presidente-bolsonaro","status":"publish","type":"post","link":"https:\/\/noticiasnoface.com.br\/index.php\/2025\/06\/12\/camara-municipal-de-natal-homenageia-presidente-bolsonaro\/","title":{"rendered":"C\u00e2mara Municipal de Natal homenageia presidente Bolsonaro"},"content":{"rendered":"\n<figure class=\"wp-block-image size-large\"><img data-opt-id=62734766  fetchpriority=\"high\" decoding=\"async\" width=\"1024\" height=\"800\" src=\"https:\/\/mlbfrsat7ahr.i.optimole.com\/w:1024\/h:800\/q:mauto\/ig:avif\/https:\/\/noticiasnoface.com.br\/wp-content\/uploads\/2025\/06\/img_7338-1.jpg\" class=\"wp-image-28573\" srcset=\"https:\/\/mlbfrsat7ahr.i.optimole.com\/w:1024\/h:800\/q:mauto\/ig:avif\/https:\/\/noticiasnoface.com.br\/wp-content\/uploads\/2025\/06\/img_7338-1.jpg 1024w, https:\/\/mlbfrsat7ahr.i.optimole.com\/w:300\/h:234\/q:mauto\/ig:avif\/https:\/\/noticiasnoface.com.br\/wp-content\/uploads\/2025\/06\/img_7338-1.jpg 300w, https:\/\/mlbfrsat7ahr.i.optimole.com\/w:768\/h:600\/q:mauto\/ig:avif\/https:\/\/noticiasnoface.com.br\/wp-content\/uploads\/2025\/06\/img_7338-1.jpg 768w, https:\/\/mlbfrsat7ahr.i.optimole.com\/w:1320\/h:1031\/q:mauto\/ig:avif\/https:\/\/noticiasnoface.com.br\/wp-content\/uploads\/2025\/06\/img_7338-1.jpg 1320w\" sizes=\"(max-width: 1000px) 100vw, 1000px\" \/><figcaption class=\"wp-element-caption\">Hoje, com grande honra e em nome da C\u00e2mara Municipal de Natal, entregamos o T\u00edtulo de Cidad\u00e3o Natalense ao ex-Presidente da Rep\u00fablica, Jair Messias Bolsonaro.<br>Uma homenagem que reconhece a trajet\u00f3ria de um homem que marcou a hist\u00f3ria recente do nosso pa\u00eds, mobilizou cidad\u00e3os e agora passa a ser oficialmente um filho desta terra.<br>Natal \u00e9 uma cidade de f\u00e9, valores e acolhimento. E a partir de hoje, tamb\u00e9m \u00e9 a casa do cidad\u00e3o Jair Bolsonaro.<br>Seja bem-vindo!<br>A entrega foi feita ao lado do vereador Subtenente Eliabe, autor da proposi\u00e7\u00e3o.<\/figcaption><\/figure>\n","protected":false},"excerpt":{"rendered":"","protected":false},"author":1,"featured_media":0,"comment_status":"closed","ping_status":"","sticky":false,"template":"","format":"image","meta":{"site-sidebar-layout":"default","site-content-layout":"","ast-site-content-layout":"default","site-content-style":"default","site-sidebar-style":"default","ast-global-header-display":"","ast-banner-title-visibility":"","ast-main-header-display":"","ast-hfb-above-header-display":"","ast-hfb-below-header-display":"","ast-hfb-mobile-header-display":"","site-post-title":"","ast-breadcrumbs-content":"","ast-featured-img":"","footer-sml-layout":"","ast-disable-related-posts":"","theme-transparent-header-meta":"","adv-header-id-meta":"","stick-header-meta":"","header-above-stick-meta":"","header-main-stick-meta":"","header-below-stick-meta":"","astra-migrate-meta-layouts":"default","ast-page-background-enabled":"default","ast-page-background-meta":{"desktop":{"background-color":"var(--ast-global-color-4)","background-image":"","background-repeat":"repeat","background-position":"center center","background-size":"auto","background-attachment":"scroll","background-type":"","background-media":"","overlay-type":"","overlay-color":"","overlay-opacity":"","overlay-gradient":""},"tablet":{"background-color":"","background-image":"","background-repeat":"repeat","background-position":"center center","background-size":"auto","background-attachment":"scroll","background-type":"","background-media":"","overlay-type":"","overlay-color":"","overlay-opacity":"","overlay-gradient":""},"mobile":{"background-color":"","background-image":"","background-repeat":"repeat","background-position":"center center","background-size":"auto","background-attachment":"scroll","background-type":"","background-media":"","overlay-type":"","overlay-color":"","overlay-opacity":"","overlay-gradient":""}},"ast-content-background-meta":{"desktop":{"background-color":"var(--ast-global-color-5)","background-image":"","background-repeat":"repeat","background-position":"center center","background-size":"auto","background-attachment":"scroll","background-type":"","background-media":"","overlay-type":"","overlay-color":"","overlay-opacity":"","overlay-gradient":""},"tablet":{"background-color":"var(--ast-global-color-5)","background-image":"","background-repeat":"repeat","background-position":"center center","background-size":"auto","background-attachment":"scroll","background-type":"","background-media":"","overlay-type":"","overlay-color":"","overlay-opacity":"","overlay-gradient":""},"mobile":{"background-color":"var(--ast-global-color-5)","background-image":"","background-repeat":"repeat","background-position":"center center","background-size":"auto","background-attachment":"scroll","background-type":"","background-media":"","overlay-type":"","overlay-color":"","overlay-opacity":"","overlay-gradient":""}},"footnotes":""},"categories":[3816],"tags":[],"class_list":["post-28574","post","type-post","status-publish","format-image","hentry","category-camara-municipal-de-natal","post_format-post-format-image"],"_links":{"self":[{"href":"https:\/\/noticiasnoface.com.br\/index.php\/wp-json\/wp\/v2\/posts\/28574","targetHints":{"allow":["GET"]}}],"collection":[{"href":"https:\/\/noticiasnoface.com.br\/index.php\/wp-json\/wp\/v2\/posts"}],"about":[{"href":"https:\/\/noticiasnoface.com.br\/index.php\/wp-json\/wp\/v2\/types\/post"}],"author":[{"embeddable":true,"href":"https:\/\/noticiasnoface.com.br\/index.php\/wp-json\/wp\/v2\/users\/1"}],"replies":[{"embeddable":true,"href":"https:\/\/noticiasnoface.com.br\/index.php\/wp-json\/wp\/v2\/comments?post=28574"}],"version-history":[{"count":1,"href":"https:\/\/noticiasnoface.com.br\/index.php\/wp-json\/wp\/v2\/posts\/28574\/revisions"}],"predecessor-version":[{"id":28575,"href":"https:\/\/noticiasnoface.com.br\/index.php\/wp-json\/wp\/v2\/posts\/28574\/revisions\/28575"}],"wp:attachment":[{"href":"https:\/\/noticiasnoface.com.br\/index.php\/wp-json\/wp\/v2\/media?parent=28574"}],"wp:term":[{"taxonomy":"category","embeddable":true,"href":"https:\/\/noticiasnoface.com.br\/index.php\/wp-json\/wp\/v2\/categories?post=28574"},{"taxonomy":"post_tag","embeddable":true,"href":"https:\/\/noticiasnoface.com.br\/index.php\/wp-json\/wp\/v2\/tags?post=28574"}],"curies":[{"name":"wp","href":"https:\/\/api.w.org\/{rel}","templated":true}]}}