{"id":28594,"date":"2025-06-13T22:48:11","date_gmt":"2025-06-14T01:48:11","guid":{"rendered":"https:\/\/noticiasnoface.com.br\/?p=28594"},"modified":"2025-06-13T22:48:11","modified_gmt":"2025-06-14T01:48:11","slug":"presidente-da-camara-dr-cesar-maia-retoma-projeto-saude-e-acao-com-atendimentos-gratuitos-a-populacao","status":"publish","type":"post","link":"https:\/\/noticiasnoface.com.br\/index.php\/2025\/06\/13\/presidente-da-camara-dr-cesar-maia-retoma-projeto-saude-e-acao-com-atendimentos-gratuitos-a-populacao\/","title":{"rendered":"Presidente da C\u00e2mara, Dr. C\u00e9sar Maia, retoma projeto \u201cSa\u00fade e A\u00e7\u00e3o\u201d com atendimentos gratuitos \u00e0 popula\u00e7\u00e3o"},"content":{"rendered":"\n<figure class=\"wp-block-image size-large\"><img data-opt-id=1037774136  fetchpriority=\"high\" decoding=\"async\" width=\"768\" height=\"1024\" src=\"https:\/\/mlbfrsat7ahr.i.optimole.com\/w:768\/h:1024\/q:mauto\/ig:avif\/https:\/\/noticiasnoface.com.br\/wp-content\/uploads\/2025\/06\/6eaa9ad8-72c2-43d4-899d-9ed71d177439-1.jpg\" class=\"wp-image-28593\" srcset=\"https:\/\/mlbfrsat7ahr.i.optimole.com\/w:768\/h:1024\/q:mauto\/ig:avif\/https:\/\/noticiasnoface.com.br\/wp-content\/uploads\/2025\/06\/6eaa9ad8-72c2-43d4-899d-9ed71d177439-1.jpg 768w, https:\/\/mlbfrsat7ahr.i.optimole.com\/w:225\/h:300\/q:mauto\/ig:avif\/https:\/\/noticiasnoface.com.br\/wp-content\/uploads\/2025\/06\/6eaa9ad8-72c2-43d4-899d-9ed71d177439-1.jpg 225w, https:\/\/mlbfrsat7ahr.i.optimole.com\/w:810\/h:1080\/q:mauto\/ig:avif\/https:\/\/noticiasnoface.com.br\/wp-content\/uploads\/2025\/06\/6eaa9ad8-72c2-43d4-899d-9ed71d177439-1.jpg 1152w, https:\/\/mlbfrsat7ahr.i.optimole.com\/w:810\/h:1080\/q:mauto\/ig:avif\/https:\/\/noticiasnoface.com.br\/wp-content\/uploads\/2025\/06\/6eaa9ad8-72c2-43d4-899d-9ed71d177439-1.jpg 1500w\" sizes=\"(max-width: 768px) 100vw, 768px\" \/><\/figure>\n\n\n\n<p>O presidente da C\u00e2mara Municipal de Parnamirim, vereador Dr. C\u00e9sar Maia, retomou nesta semana o projeto Sa\u00fade e A\u00e7\u00e3o, uma iniciativa que leva atendimentos m\u00e9dicos e orienta\u00e7\u00f5es de sa\u00fade diretamente aos bairros do munic\u00edpio.<\/p>\n\n\n\n<p>A a\u00e7\u00e3o mais recente ocorreu no Clube de M\u00e3es do bairro Santos Reis, onde foram realizadas mais de 20 consultas m\u00e9dicas gratuitas, beneficiando diretamente moradores da regi\u00e3o.<\/p>\n\n\n\n<p>Reconhecido nacionalmente, o Sa\u00fade e A\u00e7\u00e3o j\u00e1 foi premiado pela Uni\u00e3o dos Vereadores do Brasil (UVB) como uma iniciativa de destaque entre os legislativos municipais, por seu impacto social e compromisso com a promo\u00e7\u00e3o da sa\u00fade p\u00fablica.<\/p>\n\n\n\n<p>\u201cO nosso mandato tem um olhar especial para as comunidades. Levar atendimento m\u00e9dico a quem mais precisa \u00e9 mais do que uma a\u00e7\u00e3o social, \u00e9 um dever com o povo de Parnamirim\u201d, destacou Dr. C\u00e9sar Maia.<\/p>\n\n\n\n<p>O projeto seguir\u00e1 atendendo outros bairros da cidade nas pr\u00f3ximas semanas, ampliando o acesso \u00e0 sa\u00fade e fortalecendo o v\u00ednculo entre o legislativo e a popula\u00e7\u00e3o.<\/p>\n","protected":false},"excerpt":{"rendered":"<p>O presidente da C\u00e2mara Municipal de Parnamirim, vereador Dr. C\u00e9sar Maia, retomou nesta semana o projeto Sa\u00fade e A\u00e7\u00e3o, uma [&hellip;]<\/p>\n","protected":false},"author":1,"featured_media":0,"comment_status":"closed","ping_status":"","sticky":false,"template":"","format":"image","meta":{"site-sidebar-layout":"default","site-content-layout":"","ast-site-content-layout":"default","site-content-style":"default","site-sidebar-style":"default","ast-global-header-display":"","ast-banner-title-visibility":"","ast-main-header-display":"","ast-hfb-above-header-display":"","ast-hfb-below-header-display":"","ast-hfb-mobile-header-display":"","site-post-title":"","ast-breadcrumbs-content":"","ast-featured-img":"","footer-sml-layout":"","ast-disable-related-posts":"","theme-transparent-header-meta":"","adv-header-id-meta":"","stick-header-meta":"","header-above-stick-meta":"","header-main-stick-meta":"","header-below-stick-meta":"","astra-migrate-meta-layouts":"default","ast-page-background-enabled":"default","ast-page-background-meta":{"desktop":{"background-color":"var(--ast-global-color-4)","background-image":"","background-repeat":"repeat","background-position":"center center","background-size":"auto","background-attachment":"scroll","background-type":"","background-media":"","overlay-type":"","overlay-color":"","overlay-opacity":"","overlay-gradient":""},"tablet":{"background-color":"","background-image":"","background-repeat":"repeat","background-position":"center center","background-size":"auto","background-attachment":"scroll","background-type":"","background-media":"","overlay-type":"","overlay-color":"","overlay-opacity":"","overlay-gradient":""},"mobile":{"background-color":"","background-image":"","background-repeat":"repeat","background-position":"center center","background-size":"auto","background-attachment":"scroll","background-type":"","background-media":"","overlay-type":"","overlay-color":"","overlay-opacity":"","overlay-gradient":""}},"ast-content-background-meta":{"desktop":{"background-color":"var(--ast-global-color-5)","background-image":"","background-repeat":"repeat","background-position":"center center","background-size":"auto","background-attachment":"scroll","background-type":"","background-media":"","overlay-type":"","overlay-color":"","overlay-opacity":"","overlay-gradient":""},"tablet":{"background-color":"var(--ast-global-color-5)","background-image":"","background-repeat":"repeat","background-position":"center center","background-size":"auto","background-attachment":"scroll","background-type":"","background-media":"","overlay-type":"","overlay-color":"","overlay-opacity":"","overlay-gradient":""},"mobile":{"background-color":"var(--ast-global-color-5)","background-image":"","background-repeat":"repeat","background-position":"center center","background-size":"auto","background-attachment":"scroll","background-type":"","background-media":"","overlay-type":"","overlay-color":"","overlay-opacity":"","overlay-gradient":""}},"footnotes":""},"categories":[3817],"tags":[],"class_list":["post-28594","post","type-post","status-publish","format-image","hentry","category-camara-municipal-de-parnamirim","post_format-post-format-image"],"_links":{"self":[{"href":"https:\/\/noticiasnoface.com.br\/index.php\/wp-json\/wp\/v2\/posts\/28594","targetHints":{"allow":["GET"]}}],"collection":[{"href":"https:\/\/noticiasnoface.com.br\/index.php\/wp-json\/wp\/v2\/posts"}],"about":[{"href":"https:\/\/noticiasnoface.com.br\/index.php\/wp-json\/wp\/v2\/types\/post"}],"author":[{"embeddable":true,"href":"https:\/\/noticiasnoface.com.br\/index.php\/wp-json\/wp\/v2\/users\/1"}],"replies":[{"embeddable":true,"href":"https:\/\/noticiasnoface.com.br\/index.php\/wp-json\/wp\/v2\/comments?post=28594"}],"version-history":[{"count":1,"href":"https:\/\/noticiasnoface.com.br\/index.php\/wp-json\/wp\/v2\/posts\/28594\/revisions"}],"predecessor-version":[{"id":28595,"href":"https:\/\/noticiasnoface.com.br\/index.php\/wp-json\/wp\/v2\/posts\/28594\/revisions\/28595"}],"wp:attachment":[{"href":"https:\/\/noticiasnoface.com.br\/index.php\/wp-json\/wp\/v2\/media?parent=28594"}],"wp:term":[{"taxonomy":"category","embeddable":true,"href":"https:\/\/noticiasnoface.com.br\/index.php\/wp-json\/wp\/v2\/categories?post=28594"},{"taxonomy":"post_tag","embeddable":true,"href":"https:\/\/noticiasnoface.com.br\/index.php\/wp-json\/wp\/v2\/tags?post=28594"}],"curies":[{"name":"wp","href":"https:\/\/api.w.org\/{rel}","templated":true}]}}