{"id":28626,"date":"2025-06-16T21:27:40","date_gmt":"2025-06-17T00:27:40","guid":{"rendered":"https:\/\/noticiasnoface.com.br\/?p=28626"},"modified":"2025-06-16T21:27:40","modified_gmt":"2025-06-17T00:27:40","slug":"comissao-de-justica-analisa-51-projetos","status":"publish","type":"post","link":"https:\/\/noticiasnoface.com.br\/index.php\/2025\/06\/16\/comissao-de-justica-analisa-51-projetos\/","title":{"rendered":"Comiss\u00e3o de Justi\u00e7a analisa 51 projetos&nbsp;"},"content":{"rendered":"\n<figure class=\"wp-block-image foto-noticia\"><img data-opt-id=1740530378  fetchpriority=\"high\" decoding=\"async\" src=\"https:\/\/www.cmnat.rn.gov.br\/_ups\/noticias\/2025\/06\/16\/bf7709531361c888f131ef1802426c0c.jpeg\" alt=\"\"\/><\/figure>\n\n\n\n<p>A Comiss\u00e3o de Legisla\u00e7\u00e3o, Justi\u00e7a e Reda\u00e7\u00e3o Final da C\u00e2mara Municipal de Natal se reuniu nesta segunda-feira (16) e analisou 51 proposi\u00e7\u00f5es legislativas. Durante a reuni\u00e3o, foram designados relatores para 25 projetos e emitidos pareceres sobre outros 26.<\/p>\n\n\n\n<p>Entre os destaques, est\u00e1 o Projeto de Lei n\u00ba 116\/2025, de autoria do vereador Kleber Fernandes (Republicanos), que institui o Programa de Formaliza\u00e7\u00e3o do Com\u00e9rcio para Ambulantes no munic\u00edpio. \u201c\u00c9 importante estimular os ambulantes a se formalizarem, com CNPJ e como MEIs, para que tenham acesso a benef\u00edcios e tamb\u00e9m proporcionem mais seguran\u00e7a jur\u00eddica \u00e0 popula\u00e7\u00e3o\u201d, defendeu Kleber.<\/p>\n\n\n\n<p>Outro projeto relevante \u00e9 o PL n\u00ba 129\/2025, de autoria do vereador Daniell Renall (Republicanos), que trata da obrigatoriedade de curso b\u00e1sico de primeiros socorros para equipes de escolas e CMEIs de Natal. O vereador Tony Henrique &nbsp;(PL), relator da proposta, destacou a import\u00e2ncia da capacita\u00e7\u00e3o. \u201cPrecisamos de profissionais aptos a agir em emerg\u00eancias at\u00e9 a chegada do atendimento especializado\u201d, justificou.<\/p>\n\n\n\n<p>Tamb\u00e9m recebeu parecer favor\u00e1vel o Projeto de Lei Complementar n\u00ba 24\/2023, enviado pelo Executivo, que cria o Conselho Municipal de Seguran\u00e7a P\u00fablica e Defesa Social (COMSEMDES). Segundo Kleber Fernandes, que tamb\u00e9m relatou a mat\u00e9ria, o conselho ter\u00e1 participa\u00e7\u00e3o democr\u00e1tica de diversos setores da sociedade e vai refor\u00e7ar o papel do munic\u00edpio na \u00e1rea da seguran\u00e7a p\u00fablica, alinhando-se \u00e0s novas legisla\u00e7\u00f5es federais.<\/p>\n\n\n\n<p>Ao final da reuni\u00e3o, o presidente da comiss\u00e3o, vereador Aldo Clemente (PSDB), destacou o sucesso do S\u00e3o Jo\u00e3o de Natal, encerrado recentemente no Polo Arena das Dunas. \u201cO evento movimentou a economia local, gerou emprego e renda e proporcionou entretenimento gratuito para milhares de pessoas. A ocupa\u00e7\u00e3o hoteleira aumentou mais de 12% em rela\u00e7\u00e3o ao mesmo per\u00edodo do ano passado\u201d, afirmou.<\/p>\n\n\n\n<p>Texto: Phablo Galv\u00e3o&nbsp;<br \/>Fotos: Francisco de Assis<\/p>\n","protected":false},"excerpt":{"rendered":"<p>A Comiss\u00e3o de Legisla\u00e7\u00e3o, Justi\u00e7a e Reda\u00e7\u00e3o Final da C\u00e2mara Municipal de Natal se reuniu nesta segunda-feira (16) e analisou [&hellip;]<\/p>\n","protected":false},"author":1,"featured_media":0,"comment_status":"closed","ping_status":"","sticky":false,"template":"","format":"image","meta":{"site-sidebar-layout":"default","site-content-layout":"","ast-site-content-layout":"default","site-content-style":"default","site-sidebar-style":"default","ast-global-header-display":"","ast-banner-title-visibility":"","ast-main-header-display":"","ast-hfb-above-header-display":"","ast-hfb-below-header-display":"","ast-hfb-mobile-header-display":"","site-post-title":"","ast-breadcrumbs-content":"","ast-featured-img":"","footer-sml-layout":"","ast-disable-related-posts":"","theme-transparent-header-meta":"","adv-header-id-meta":"","stick-header-meta":"","header-above-stick-meta":"","header-main-stick-meta":"","header-below-stick-meta":"","astra-migrate-meta-layouts":"default","ast-page-background-enabled":"default","ast-page-background-meta":{"desktop":{"background-color":"var(--ast-global-color-4)","background-image":"","background-repeat":"repeat","background-position":"center center","background-size":"auto","background-attachment":"scroll","background-type":"","background-media":"","overlay-type":"","overlay-color":"","overlay-opacity":"","overlay-gradient":""},"tablet":{"background-color":"","background-image":"","background-repeat":"repeat","background-position":"center center","background-size":"auto","background-attachment":"scroll","background-type":"","background-media":"","overlay-type":"","overlay-color":"","overlay-opacity":"","overlay-gradient":""},"mobile":{"background-color":"","background-image":"","background-repeat":"repeat","background-position":"center center","background-size":"auto","background-attachment":"scroll","background-type":"","background-media":"","overlay-type":"","overlay-color":"","overlay-opacity":"","overlay-gradient":""}},"ast-content-background-meta":{"desktop":{"background-color":"var(--ast-global-color-5)","background-image":"","background-repeat":"repeat","background-position":"center center","background-size":"auto","background-attachment":"scroll","background-type":"","background-media":"","overlay-type":"","overlay-color":"","overlay-opacity":"","overlay-gradient":""},"tablet":{"background-color":"var(--ast-global-color-5)","background-image":"","background-repeat":"repeat","background-position":"center center","background-size":"auto","background-attachment":"scroll","background-type":"","background-media":"","overlay-type":"","overlay-color":"","overlay-opacity":"","overlay-gradient":""},"mobile":{"background-color":"var(--ast-global-color-5)","background-image":"","background-repeat":"repeat","background-position":"center center","background-size":"auto","background-attachment":"scroll","background-type":"","background-media":"","overlay-type":"","overlay-color":"","overlay-opacity":"","overlay-gradient":""}},"footnotes":""},"categories":[3816],"tags":[],"class_list":["post-28626","post","type-post","status-publish","format-image","hentry","category-camara-municipal-de-natal","post_format-post-format-image"],"_links":{"self":[{"href":"https:\/\/noticiasnoface.com.br\/index.php\/wp-json\/wp\/v2\/posts\/28626","targetHints":{"allow":["GET"]}}],"collection":[{"href":"https:\/\/noticiasnoface.com.br\/index.php\/wp-json\/wp\/v2\/posts"}],"about":[{"href":"https:\/\/noticiasnoface.com.br\/index.php\/wp-json\/wp\/v2\/types\/post"}],"author":[{"embeddable":true,"href":"https:\/\/noticiasnoface.com.br\/index.php\/wp-json\/wp\/v2\/users\/1"}],"replies":[{"embeddable":true,"href":"https:\/\/noticiasnoface.com.br\/index.php\/wp-json\/wp\/v2\/comments?post=28626"}],"version-history":[{"count":1,"href":"https:\/\/noticiasnoface.com.br\/index.php\/wp-json\/wp\/v2\/posts\/28626\/revisions"}],"predecessor-version":[{"id":28627,"href":"https:\/\/noticiasnoface.com.br\/index.php\/wp-json\/wp\/v2\/posts\/28626\/revisions\/28627"}],"wp:attachment":[{"href":"https:\/\/noticiasnoface.com.br\/index.php\/wp-json\/wp\/v2\/media?parent=28626"}],"wp:term":[{"taxonomy":"category","embeddable":true,"href":"https:\/\/noticiasnoface.com.br\/index.php\/wp-json\/wp\/v2\/categories?post=28626"},{"taxonomy":"post_tag","embeddable":true,"href":"https:\/\/noticiasnoface.com.br\/index.php\/wp-json\/wp\/v2\/tags?post=28626"}],"curies":[{"name":"wp","href":"https:\/\/api.w.org\/{rel}","templated":true}]}}