{"id":28629,"date":"2025-06-16T21:28:20","date_gmt":"2025-06-17T00:28:20","guid":{"rendered":"https:\/\/noticiasnoface.com.br\/?p=28629"},"modified":"2025-06-16T21:28:20","modified_gmt":"2025-06-17T00:28:20","slug":"audiencia-publica-destaca-a-importancia-da-conscientizacao-sobre-a-anemia-falciforme-em-parnamirim","status":"publish","type":"post","link":"https:\/\/noticiasnoface.com.br\/index.php\/2025\/06\/16\/audiencia-publica-destaca-a-importancia-da-conscientizacao-sobre-a-anemia-falciforme-em-parnamirim\/","title":{"rendered":"Audi\u00eancia P\u00fablica destaca a import\u00e2ncia da conscientiza\u00e7\u00e3o sobre a anemia falciforme em Parnamirim"},"content":{"rendered":"\n<figure class=\"wp-block-image size-large\"><img data-opt-id=212992199  fetchpriority=\"high\" decoding=\"async\" width=\"1024\" height=\"689\" src=\"https:\/\/mlbfrsat7ahr.i.optimole.com\/w:1024\/h:689\/q:mauto\/ig:avif\/https:\/\/noticiasnoface.com.br\/wp-content\/uploads\/2025\/06\/b6602e46-efbc-42e0-a774-0e37f867437c-1.jpg\" class=\"wp-image-28628\" srcset=\"https:\/\/mlbfrsat7ahr.i.optimole.com\/w:1024\/h:689\/q:mauto\/ig:avif\/https:\/\/noticiasnoface.com.br\/wp-content\/uploads\/2025\/06\/b6602e46-efbc-42e0-a774-0e37f867437c-1.jpg 1024w, https:\/\/mlbfrsat7ahr.i.optimole.com\/w:300\/h:202\/q:mauto\/ig:avif\/https:\/\/noticiasnoface.com.br\/wp-content\/uploads\/2025\/06\/b6602e46-efbc-42e0-a774-0e37f867437c-1.jpg 300w, https:\/\/mlbfrsat7ahr.i.optimole.com\/w:768\/h:516\/q:mauto\/ig:avif\/https:\/\/noticiasnoface.com.br\/wp-content\/uploads\/2025\/06\/b6602e46-efbc-42e0-a774-0e37f867437c-1.jpg 768w, https:\/\/mlbfrsat7ahr.i.optimole.com\/w:1536\/h:1033\/q:mauto\/ig:avif\/https:\/\/noticiasnoface.com.br\/wp-content\/uploads\/2025\/06\/b6602e46-efbc-42e0-a774-0e37f867437c-1.jpg 1536w, https:\/\/mlbfrsat7ahr.i.optimole.com\/w:1600\/h:1076\/q:mauto\/ig:avif\/https:\/\/noticiasnoface.com.br\/wp-content\/uploads\/2025\/06\/b6602e46-efbc-42e0-a774-0e37f867437c-1.jpg 1600w\" sizes=\"(max-width: 1000px) 100vw, 1000px\" \/><\/figure>\n\n\n\n<p>Na manh\u00e3 desta segunda-feira (16\/06), a C\u00e2mara Municipal de Parnamirim sediou uma audi\u00eancia p\u00fablica dedicada ao debate sobre a import\u00e2ncia da conscientiza\u00e7\u00e3o a respeito da anemia falciforme. O evento, realizado no Plen\u00e1rio Dr. M\u00e1rio Medeiros, foi proposto pelo vereador Eurico da Jap\u00e3o e contou com a presen\u00e7a de autoridades da sa\u00fade, representantes da sociedade civil e profissionais da educa\u00e7\u00e3o.<\/p>\n\n\n\n<p>A anemia falciforme \u00e9 uma doen\u00e7a gen\u00e9tica e heredit\u00e1ria que afeta a forma dos gl\u00f3bulos vermelhos, tornando-os parecidos com foices. Essa deforma\u00e7\u00e3o dificulta a circula\u00e7\u00e3o do sangue e pode causar crises de dor, anemia cr\u00f4nica e danos a \u00f3rg\u00e3os vitais. O diagn\u00f3stico precoce, geralmente feito pelo \u201cteste do pezinho\u201d em rec\u00e9m-nascidos, \u00e9 fundamental para garantir acompanhamento m\u00e9dico adequado e qualidade de vida aos portadores.<\/p>\n\n\n\n<p>A proposta da audi\u00eancia surgiu a partir da apresenta\u00e7\u00e3o do Projeto de Lei n\u00ba 099\/2025, de autoria do vereador Eurico da Jap\u00e3o. A iniciativa visa instituir uma pol\u00edtica p\u00fablica municipal espec\u00edfica para atender pessoas com anemia falciforme, assegurando diagn\u00f3stico precoce, acesso a medicamentos e um tratamento digno e cont\u00ednuo.<\/p>\n\n\n\n<p>Durante o encontro, o vereador Eurico ressaltou o papel fundamental da audi\u00eancia na promo\u00e7\u00e3o da informa\u00e7\u00e3o: \u201c\u00c9 uma realiza\u00e7\u00e3o feita com muito respeito e senso de responsabilidade, com o objetivo de conscientizar os profissionais da sa\u00fade, da educa\u00e7\u00e3o e a popula\u00e7\u00e3o em geral sobre uma condi\u00e7\u00e3o que atinge tantas fam\u00edlias\u201d, afirmou. Ele tamb\u00e9m agradeceu ao presidente da C\u00e2mara, vereador Dr. C\u00e9sar Maia, pelo apoio e trabalho em prol da causa.<\/p>\n\n\n\n<p>O presidente, por sua vez, refor\u00e7ou a import\u00e2ncia do espa\u00e7o p\u00fablico para discutir o tema: \u201cPrecisamos buscar solu\u00e7\u00f5es e estimular o diagn\u00f3stico precoce. Um tema como esse precisa ser debatido de forma aberta e respons\u00e1vel\u201d, declarou.<\/p>\n\n\n\n<p>A Dra. Maria Z\u00e9lia Fernandes, hematologista e professora da UFRN, alertou sobre o desconhecimento da doen\u00e7a mesmo entre profissionais de sa\u00fade: \u201cApesar de ter sido identificada h\u00e1 mais de um s\u00e9culo, muitos m\u00e9dicos ainda confundem a anemia falciforme com outros tipos. O diagn\u00f3stico, idealmente feito nas primeiras semanas de vida, \u00e9 essencial\u201d, afirmou.<\/p>\n\n\n\n<p><em>Presen\u00e7as e falas marcantes<\/em><br \/>Al\u00e9m do presidente Dr. C\u00e9sar Maia e do propositor Eurico da Jap\u00e3o, a mesa contou com a presen\u00e7a da Dra. Brenda Martins Borges (especialista em cl\u00ednica m\u00e9dica hematol\u00f3gica), da advogada Walquiria Vidal (diretora jur\u00eddica da APPAF) e da pr\u00f3pria Dra. Maria Z\u00e9lia Fernandes.<\/p>\n\n\n\n<p>A extens\u00e3o da mesa reuniu tamb\u00e9m Francisco Canind\u00e9 de Moura (vice-presidente da APPAF), Ana Ang\u00e9lica Cabral (t\u00e9cnica de enfermagem do Hemonorte), Girlene da Silva Pereira (diretora da UBS Coahbinal), Edson Costa Galv\u00e3o (diretor da UBS Prof. Cl\u00f3vis Gon\u00e7alves dos Santos, em Ema\u00fas), Maria das Gra\u00e7as Ferreira (diretora da UBS Jo\u00e3o Dias Gomes), Francisca L\u00facia Fran\u00e7a (psic\u00f3loga e representante da Secretaria Municipal de Educa\u00e7\u00e3o) e Julia Ferreira (diretora t\u00e9cnica da Maternidade Divino Amor).<\/p>\n\n\n\n<p>Da plateia, tamb\u00e9m contribu\u00edram com falas importantes Nazareno Neres, o professor Hip\u00f3crates Viana (conhecido como \u201cProfessor Poquinha\u201d) e Ingrid Samara, portadora de anemia falciforme, que compartilhou sua experi\u00eancia pessoal e os desafios enfrentados no acesso ao tratamento.<\/p>\n\n\n\n<p><em>Compromisso com a sa\u00fade p\u00fablica<\/em><br \/>Ao final da audi\u00eancia, ficou evidente o compromisso dos participantes com a formula\u00e7\u00e3o de pol\u00edticas p\u00fablicas que ampliem o acesso \u00e0 informa\u00e7\u00e3o e ao tratamento adequado para pessoas com anemia falciforme. O Projeto de Lei segue em tramita\u00e7\u00e3o e com previs\u00e3o de aprova\u00e7\u00e3o ainda esta semana.<\/p>\n","protected":false},"excerpt":{"rendered":"<p>Na manh\u00e3 desta segunda-feira (16\/06), a C\u00e2mara Municipal de Parnamirim sediou uma audi\u00eancia p\u00fablica dedicada ao debate sobre a import\u00e2ncia [&hellip;]<\/p>\n","protected":false},"author":1,"featured_media":0,"comment_status":"closed","ping_status":"","sticky":false,"template":"","format":"image","meta":{"site-sidebar-layout":"default","site-content-layout":"","ast-site-content-layout":"default","site-content-style":"default","site-sidebar-style":"default","ast-global-header-display":"","ast-banner-title-visibility":"","ast-main-header-display":"","ast-hfb-above-header-display":"","ast-hfb-below-header-display":"","ast-hfb-mobile-header-display":"","site-post-title":"","ast-breadcrumbs-content":"","ast-featured-img":"","footer-sml-layout":"","ast-disable-related-posts":"","theme-transparent-header-meta":"","adv-header-id-meta":"","stick-header-meta":"","header-above-stick-meta":"","header-main-stick-meta":"","header-below-stick-meta":"","astra-migrate-meta-layouts":"default","ast-page-background-enabled":"default","ast-page-background-meta":{"desktop":{"background-color":"var(--ast-global-color-4)","background-image":"","background-repeat":"repeat","background-position":"center center","background-size":"auto","background-attachment":"scroll","background-type":"","background-media":"","overlay-type":"","overlay-color":"","overlay-opacity":"","overlay-gradient":""},"tablet":{"background-color":"","background-image":"","background-repeat":"repeat","background-position":"center center","background-size":"auto","background-attachment":"scroll","background-type":"","background-media":"","overlay-type":"","overlay-color":"","overlay-opacity":"","overlay-gradient":""},"mobile":{"background-color":"","background-image":"","background-repeat":"repeat","background-position":"center center","background-size":"auto","background-attachment":"scroll","background-type":"","background-media":"","overlay-type":"","overlay-color":"","overlay-opacity":"","overlay-gradient":""}},"ast-content-background-meta":{"desktop":{"background-color":"var(--ast-global-color-5)","background-image":"","background-repeat":"repeat","background-position":"center center","background-size":"auto","background-attachment":"scroll","background-type":"","background-media":"","overlay-type":"","overlay-color":"","overlay-opacity":"","overlay-gradient":""},"tablet":{"background-color":"var(--ast-global-color-5)","background-image":"","background-repeat":"repeat","background-position":"center center","background-size":"auto","background-attachment":"scroll","background-type":"","background-media":"","overlay-type":"","overlay-color":"","overlay-opacity":"","overlay-gradient":""},"mobile":{"background-color":"var(--ast-global-color-5)","background-image":"","background-repeat":"repeat","background-position":"center center","background-size":"auto","background-attachment":"scroll","background-type":"","background-media":"","overlay-type":"","overlay-color":"","overlay-opacity":"","overlay-gradient":""}},"footnotes":""},"categories":[3817],"tags":[],"class_list":["post-28629","post","type-post","status-publish","format-image","hentry","category-camara-municipal-de-parnamirim","post_format-post-format-image"],"_links":{"self":[{"href":"https:\/\/noticiasnoface.com.br\/index.php\/wp-json\/wp\/v2\/posts\/28629","targetHints":{"allow":["GET"]}}],"collection":[{"href":"https:\/\/noticiasnoface.com.br\/index.php\/wp-json\/wp\/v2\/posts"}],"about":[{"href":"https:\/\/noticiasnoface.com.br\/index.php\/wp-json\/wp\/v2\/types\/post"}],"author":[{"embeddable":true,"href":"https:\/\/noticiasnoface.com.br\/index.php\/wp-json\/wp\/v2\/users\/1"}],"replies":[{"embeddable":true,"href":"https:\/\/noticiasnoface.com.br\/index.php\/wp-json\/wp\/v2\/comments?post=28629"}],"version-history":[{"count":1,"href":"https:\/\/noticiasnoface.com.br\/index.php\/wp-json\/wp\/v2\/posts\/28629\/revisions"}],"predecessor-version":[{"id":28630,"href":"https:\/\/noticiasnoface.com.br\/index.php\/wp-json\/wp\/v2\/posts\/28629\/revisions\/28630"}],"wp:attachment":[{"href":"https:\/\/noticiasnoface.com.br\/index.php\/wp-json\/wp\/v2\/media?parent=28629"}],"wp:term":[{"taxonomy":"category","embeddable":true,"href":"https:\/\/noticiasnoface.com.br\/index.php\/wp-json\/wp\/v2\/categories?post=28629"},{"taxonomy":"post_tag","embeddable":true,"href":"https:\/\/noticiasnoface.com.br\/index.php\/wp-json\/wp\/v2\/tags?post=28629"}],"curies":[{"name":"wp","href":"https:\/\/api.w.org\/{rel}","templated":true}]}}