{"id":28641,"date":"2025-06-18T21:46:28","date_gmt":"2025-06-19T00:46:28","guid":{"rendered":"https:\/\/noticiasnoface.com.br\/?p=28641"},"modified":"2025-06-18T21:46:28","modified_gmt":"2025-06-19T00:46:28","slug":"ator-gregorio-duvivier-foi-monitorado-pela-abin-paralela-aponta-pf","status":"publish","type":"post","link":"https:\/\/noticiasnoface.com.br\/index.php\/2025\/06\/18\/ator-gregorio-duvivier-foi-monitorado-pela-abin-paralela-aponta-pf\/","title":{"rendered":"Ator Greg\u00f3rio Duvivier foi monitorado pela Abin Paralela, aponta PF"},"content":{"rendered":"\n<p><\/p>\n\n\n\n<p>\u200b<\/p>\n\n\n\n<h2 class=\"wp-block-heading subhead\">Ministro Alexandre de Moraes, do Supremo Tribunal Federal (STF), retirou o sigilo da investiga\u00e7\u00e3o sobre a Ag\u00eancia Brasileira de Intelig\u00eancia (Abin) durante o governo Bolsonaro<\/h2>\n\n\n\n<p>18\/06\/25 \u00e0s 18:52&nbsp;|&nbsp;Atualizado&nbsp;18\/06\/25 \u00e0s 18:52<\/p>\n\n\n\n<figure class=\"wp-block-image\"><img data-opt-id=1988463431  fetchpriority=\"high\" decoding=\"async\" src=\"https:\/\/admin.cnnbrasil.com.br\/wp-content\/uploads\/sites\/12\/2025\/06\/Hoje-e-o-ultimo-dia-de-@ceudalingua-em-Lisboa-Por-aqui-tudo-esgotado.-Mas-ainda-tem-lugares-na-sessao-extra-do-Porto-terca-as-18h30.-Corre-la-Link-na-bio.-Foto-da-@raquelpellicano.jpg?w=419&amp;h=283&amp;crop=0\" alt=\"Ator Greg\u00f3rio Duvivier\"\/><figcaption class=\"wp-element-caption\">Ator Greg\u00f3rio Duvivier&nbsp; \u2022&nbsp;Raquel Pellicano \/ Reprodu\u00e7\u00e3o<\/figcaption><\/figure>\n\n\n\n<p>ouvir not\u00edcia<\/p>\n\n\n\n<p>0:00&nbsp;1.0x<\/p>\n\n\n\n<p>O nome do ator e humorista Greg\u00f3rio Duvivier consta na lista de pessoas que foram monitoradas pela Abin Paralela, segundo relat\u00f3rio da Pol\u00edcia Federal (PF).<\/p>\n\n\n\n<p>A investiga\u00e7\u00e3o sobre as a\u00e7\u00f5es da Ag\u00eancia Brasileira de Intelig\u00eancia (Abin) durante o governo Bolsonaro teve o sigilo retirado pelo ministro&nbsp;<a href=\"https:\/\/www.cnnbrasil.com.br\/politica\/stf-retira-sigilo-e-cita-jair-e-carlos-como-articuladores-da-abin-paralela\/\" target=\"_blank\" rel=\"noopener\">Alexandre de Moraes, do Supremo Tribunal Federal (STF), nesta quarta-feira (18).<\/a><\/p>\n\n\n\n<p>De acordo com o documento, foi solicitado o levantamento de um dossi\u00ea sobre o cofundador do canal &#8220;Porta dos Fundos&#8221;.<\/p>\n\n\n\n<p>O pedido partiu do policial federal Marcelo Ara\u00fajo Bormevet, que chefiava o Centro de Intelig\u00eancia Nacional (CIN) da Abin e era homem de confian\u00e7a do ent\u00e3o diretor da ag\u00eancia, delegado Alexandre Ramagem.<\/p>\n\n\n\n<p>Bormevet foi preso pela PF&nbsp;<a href=\"https:\/\/www.cnnbrasil.com.br\/politica\/abin-paralela-assessor-de-ramagem-mandou-sentar-o-pau-em-assessor-de-barroso-diz-pf\/\" target=\"_blank\" rel=\"noopener\">em opera\u00e7\u00e3o no in\u00edcio de julho de 2024.<\/a><\/p>\n\n\n\n<p>O levantamento de informa\u00e7\u00f5es ficou a cargo de Giancarlo Gomes Rodrigues, subordinado de Bormevet.<\/p>\n\n\n\n<p>&#8220;O Greg\u00f3rio j\u00e1 est\u00e1 na minha lista&#8221;, escreveu ao receber a ordem, apontou o relat\u00f3rio da PF.<\/p>\n\n\n\n<p>No documento, os investigadores afirmam que &#8220;Bormevet e Giancarlo tiveram papel de destaque na organiza\u00e7\u00e3o criminosa (ORCRIM) em especial na tarefa de produ\u00e7\u00e3o e difus\u00e3o de desinforma\u00e7\u00e3o&#8221;.<\/p>\n\n\n\n<p>&#8220;As campanhas de desinforma\u00e7\u00e3o eram produzidas pelos servidores a partir de dados dispon\u00edveis que eram sistematicamente distorcidos no interesse da organiza\u00e7\u00e3o&#8221;, acrescenta o relat\u00f3rio.<\/p>\n\n\n\n<p>&#8220;Os servidores foram respons\u00e1veis por in\u00fameras a\u00e7\u00f5es de \u201cca\u00e7ar podres\u201d e ataque sistem\u00e1tico contra aqueles que interferissem na obten\u00e7\u00e3o das vantagens perseguidas pela ORCRIM&#8221;, conclui.<\/p>\n\n\n\n<p><\/p>\n","protected":false},"excerpt":{"rendered":"<p>\u200b Ministro Alexandre de Moraes, do Supremo Tribunal Federal (STF), retirou o sigilo da investiga\u00e7\u00e3o sobre a Ag\u00eancia Brasileira de [&hellip;]<\/p>\n","protected":false},"author":1,"featured_media":0,"comment_status":"closed","ping_status":"","sticky":false,"template":"","format":"image","meta":{"site-sidebar-layout":"default","site-content-layout":"","ast-site-content-layout":"default","site-content-style":"default","site-sidebar-style":"default","ast-global-header-display":"","ast-banner-title-visibility":"","ast-main-header-display":"","ast-hfb-above-header-display":"","ast-hfb-below-header-display":"","ast-hfb-mobile-header-display":"","site-post-title":"","ast-breadcrumbs-content":"","ast-featured-img":"","footer-sml-layout":"","ast-disable-related-posts":"","theme-transparent-header-meta":"","adv-header-id-meta":"","stick-header-meta":"","header-above-stick-meta":"","header-main-stick-meta":"","header-below-stick-meta":"","astra-migrate-meta-layouts":"default","ast-page-background-enabled":"default","ast-page-background-meta":{"desktop":{"background-color":"var(--ast-global-color-4)","background-image":"","background-repeat":"repeat","background-position":"center center","background-size":"auto","background-attachment":"scroll","background-type":"","background-media":"","overlay-type":"","overlay-color":"","overlay-opacity":"","overlay-gradient":""},"tablet":{"background-color":"","background-image":"","background-repeat":"repeat","background-position":"center center","background-size":"auto","background-attachment":"scroll","background-type":"","background-media":"","overlay-type":"","overlay-color":"","overlay-opacity":"","overlay-gradient":""},"mobile":{"background-color":"","background-image":"","background-repeat":"repeat","background-position":"center center","background-size":"auto","background-attachment":"scroll","background-type":"","background-media":"","overlay-type":"","overlay-color":"","overlay-opacity":"","overlay-gradient":""}},"ast-content-background-meta":{"desktop":{"background-color":"var(--ast-global-color-5)","background-image":"","background-repeat":"repeat","background-position":"center center","background-size":"auto","background-attachment":"scroll","background-type":"","background-media":"","overlay-type":"","overlay-color":"","overlay-opacity":"","overlay-gradient":""},"tablet":{"background-color":"var(--ast-global-color-5)","background-image":"","background-repeat":"repeat","background-position":"center center","background-size":"auto","background-attachment":"scroll","background-type":"","background-media":"","overlay-type":"","overlay-color":"","overlay-opacity":"","overlay-gradient":""},"mobile":{"background-color":"var(--ast-global-color-5)","background-image":"","background-repeat":"repeat","background-position":"center center","background-size":"auto","background-attachment":"scroll","background-type":"","background-media":"","overlay-type":"","overlay-color":"","overlay-opacity":"","overlay-gradient":""}},"footnotes":""},"categories":[517],"tags":[],"class_list":["post-28641","post","type-post","status-publish","format-image","hentry","category-aconteceu","post_format-post-format-image"],"_links":{"self":[{"href":"https:\/\/noticiasnoface.com.br\/index.php\/wp-json\/wp\/v2\/posts\/28641","targetHints":{"allow":["GET"]}}],"collection":[{"href":"https:\/\/noticiasnoface.com.br\/index.php\/wp-json\/wp\/v2\/posts"}],"about":[{"href":"https:\/\/noticiasnoface.com.br\/index.php\/wp-json\/wp\/v2\/types\/post"}],"author":[{"embeddable":true,"href":"https:\/\/noticiasnoface.com.br\/index.php\/wp-json\/wp\/v2\/users\/1"}],"replies":[{"embeddable":true,"href":"https:\/\/noticiasnoface.com.br\/index.php\/wp-json\/wp\/v2\/comments?post=28641"}],"version-history":[{"count":1,"href":"https:\/\/noticiasnoface.com.br\/index.php\/wp-json\/wp\/v2\/posts\/28641\/revisions"}],"predecessor-version":[{"id":28642,"href":"https:\/\/noticiasnoface.com.br\/index.php\/wp-json\/wp\/v2\/posts\/28641\/revisions\/28642"}],"wp:attachment":[{"href":"https:\/\/noticiasnoface.com.br\/index.php\/wp-json\/wp\/v2\/media?parent=28641"}],"wp:term":[{"taxonomy":"category","embeddable":true,"href":"https:\/\/noticiasnoface.com.br\/index.php\/wp-json\/wp\/v2\/categories?post=28641"},{"taxonomy":"post_tag","embeddable":true,"href":"https:\/\/noticiasnoface.com.br\/index.php\/wp-json\/wp\/v2\/tags?post=28641"}],"curies":[{"name":"wp","href":"https:\/\/api.w.org\/{rel}","templated":true}]}}