{"id":28654,"date":"2025-06-18T22:03:28","date_gmt":"2025-06-19T01:03:28","guid":{"rendered":"https:\/\/noticiasnoface.com.br\/?p=28654"},"modified":"2025-06-18T22:03:28","modified_gmt":"2025-06-19T01:03:28","slug":"vereadores-visitam-base-aerea-de-natal-para-fortalecimento-das-relacoes-institucionais","status":"publish","type":"post","link":"https:\/\/noticiasnoface.com.br\/index.php\/2025\/06\/18\/vereadores-visitam-base-aerea-de-natal-para-fortalecimento-das-relacoes-institucionais\/","title":{"rendered":"Vereadores visitam Base A\u00e9rea de Natal para fortalecimento das rela\u00e7\u00f5es institucionais"},"content":{"rendered":"\n<figure class=\"wp-block-image size-large\"><img data-opt-id=1307731850  fetchpriority=\"high\" decoding=\"async\" width=\"1024\" height=\"682\" src=\"https:\/\/mlbfrsat7ahr.i.optimole.com\/w:1024\/h:682\/q:mauto\/ig:avif\/https:\/\/noticiasnoface.com.br\/wp-content\/uploads\/2025\/06\/17f42dfa-18e6-4331-9e09-a2a14c2715e8-1.jpg\" class=\"wp-image-28653\" srcset=\"https:\/\/mlbfrsat7ahr.i.optimole.com\/w:1024\/h:682\/q:mauto\/ig:avif\/https:\/\/noticiasnoface.com.br\/wp-content\/uploads\/2025\/06\/17f42dfa-18e6-4331-9e09-a2a14c2715e8-1.jpg 1024w, https:\/\/mlbfrsat7ahr.i.optimole.com\/w:300\/h:200\/q:mauto\/ig:avif\/https:\/\/noticiasnoface.com.br\/wp-content\/uploads\/2025\/06\/17f42dfa-18e6-4331-9e09-a2a14c2715e8-1.jpg 300w, https:\/\/mlbfrsat7ahr.i.optimole.com\/w:768\/h:512\/q:mauto\/ig:avif\/https:\/\/noticiasnoface.com.br\/wp-content\/uploads\/2025\/06\/17f42dfa-18e6-4331-9e09-a2a14c2715e8-1.jpg 768w, https:\/\/mlbfrsat7ahr.i.optimole.com\/w:1536\/h:1023\/q:mauto\/ig:avif\/https:\/\/noticiasnoface.com.br\/wp-content\/uploads\/2025\/06\/17f42dfa-18e6-4331-9e09-a2a14c2715e8-1.jpg 1536w, https:\/\/mlbfrsat7ahr.i.optimole.com\/w:1600\/h:1066\/q:mauto\/ig:avif\/https:\/\/noticiasnoface.com.br\/wp-content\/uploads\/2025\/06\/17f42dfa-18e6-4331-9e09-a2a14c2715e8-1.jpg 1600w\" sizes=\"(max-width: 1000px) 100vw, 1000px\" \/><\/figure>\n\n\n\n<p>Na tarde desta quarta-feira (18\/06), a Base A\u00e9rea de Natal (BANT) sediou uma palestra do comandante, Brigadeiro-do-Ar Ricardo Guerra Rezende, sobre as possibilidades de parceria entre a BANT \u2014 que, apesar do nome, est\u00e1 localizada em Parnamirim \u2014 e a C\u00e2mara Municipal. O evento ocorreu no audit\u00f3rio do Grupo de Instru\u00e7\u00e3o T\u00e1tica Especializada (GITE) e reuniu autoridades civis e militares, incluindo o presidente da C\u00e2mara Municipal de Parnamirim, vereador Dr. C\u00e9sar Maia, a Prefeita Nilda, vereadores Binho de Ambr\u00f3sio, Eurico da Jap\u00e3o, Gabriel C\u00e9sar, Marquinhos da Climep, Prof. Diego, Rodrigo Cruz, e Serginho, al\u00e9m de alguns secret\u00e1rios municipais.<\/p>\n\n\n\n<p>Durante o encontro, foram discutidas a cess\u00e3o n\u00e3o onerosa de \u00e1reas militares para uso de \u00f3rg\u00e3os civis e destacada a import\u00e2ncia das emendas parlamentares no apoio \u00e0 comunidade da Base, composta por cerca de 2.900 militares residentes em Parnamirim, al\u00e9m de seus familiares. O Brigadeiro Rezende ressaltou que a folha de pagamento da Base, que gira em torno de R$ 75 milh\u00f5es mensais, beneficia diretamente a economia do munic\u00edpio.<\/p>\n\n\n\n<p>O presidente da C\u00e2mara, vereador Dr. C\u00e9sar Maia, avaliou a reuni\u00e3o como produtiva e ressaltou: \u201c\u00c9 uma tarde muito especial aqui, com o Brig. Rezende, que apresentou diversos projetos para a C\u00e2mara e para o povo de Parnamirim. Nada mais justo que acompanharmos de perto os conv\u00eanios e vermos como a cidade est\u00e1 sendo beneficiada pela Base A\u00e9rea e sua contribui\u00e7\u00e3o econ\u00f4mica para o munic\u00edpio.\u201d<\/p>\n\n\n\n<p>Para o Brig. Rezende, a aproxima\u00e7\u00e3o institucional \u00e9 fundamental: \u201cEsse \u00e9 um momento muito importante para a Base A\u00e9rea porque estamos inseridos na sociedade parnamirinense. Essa parceria \u00e9 prof\u00edcua para todos. Nos sentimos parte da sociedade local e queremos colocar os servi\u00e7os da For\u00e7a A\u00e9rea \u00e0 disposi\u00e7\u00e3o para facilitar o acesso a lazer, cultura e benef\u00edcios para a popula\u00e7\u00e3o.\u201d<\/p>\n\n\n\n<p><em>Base A\u00e9rea de Natal<\/em><br \/>Fundada em 2 de mar\u00e7o de 1942 e operacional desde agosto do mesmo ano, a Base A\u00e9rea de Natal \u00e9 a maior da For\u00e7a A\u00e9rea Brasileira, ocupando mais de 15 km\u00b2. Abriga cinco unidades a\u00e9reas, um grupo de comunica\u00e7\u00f5es e controle, al\u00e9m de centros de instru\u00e7\u00e3o especializados, desempenhando papel estrat\u00e9gico e social para a cidade e regi\u00e3o.<\/p>\n","protected":false},"excerpt":{"rendered":"<p>Na tarde desta quarta-feira (18\/06), a Base A\u00e9rea de Natal (BANT) sediou uma palestra do comandante, Brigadeiro-do-Ar Ricardo Guerra Rezende, [&hellip;]<\/p>\n","protected":false},"author":1,"featured_media":0,"comment_status":"closed","ping_status":"","sticky":false,"template":"","format":"image","meta":{"site-sidebar-layout":"default","site-content-layout":"","ast-site-content-layout":"default","site-content-style":"default","site-sidebar-style":"default","ast-global-header-display":"","ast-banner-title-visibility":"","ast-main-header-display":"","ast-hfb-above-header-display":"","ast-hfb-below-header-display":"","ast-hfb-mobile-header-display":"","site-post-title":"","ast-breadcrumbs-content":"","ast-featured-img":"","footer-sml-layout":"","ast-disable-related-posts":"","theme-transparent-header-meta":"","adv-header-id-meta":"","stick-header-meta":"","header-above-stick-meta":"","header-main-stick-meta":"","header-below-stick-meta":"","astra-migrate-meta-layouts":"default","ast-page-background-enabled":"default","ast-page-background-meta":{"desktop":{"background-color":"var(--ast-global-color-4)","background-image":"","background-repeat":"repeat","background-position":"center center","background-size":"auto","background-attachment":"scroll","background-type":"","background-media":"","overlay-type":"","overlay-color":"","overlay-opacity":"","overlay-gradient":""},"tablet":{"background-color":"","background-image":"","background-repeat":"repeat","background-position":"center center","background-size":"auto","background-attachment":"scroll","background-type":"","background-media":"","overlay-type":"","overlay-color":"","overlay-opacity":"","overlay-gradient":""},"mobile":{"background-color":"","background-image":"","background-repeat":"repeat","background-position":"center center","background-size":"auto","background-attachment":"scroll","background-type":"","background-media":"","overlay-type":"","overlay-color":"","overlay-opacity":"","overlay-gradient":""}},"ast-content-background-meta":{"desktop":{"background-color":"var(--ast-global-color-5)","background-image":"","background-repeat":"repeat","background-position":"center center","background-size":"auto","background-attachment":"scroll","background-type":"","background-media":"","overlay-type":"","overlay-color":"","overlay-opacity":"","overlay-gradient":""},"tablet":{"background-color":"var(--ast-global-color-5)","background-image":"","background-repeat":"repeat","background-position":"center center","background-size":"auto","background-attachment":"scroll","background-type":"","background-media":"","overlay-type":"","overlay-color":"","overlay-opacity":"","overlay-gradient":""},"mobile":{"background-color":"var(--ast-global-color-5)","background-image":"","background-repeat":"repeat","background-position":"center center","background-size":"auto","background-attachment":"scroll","background-type":"","background-media":"","overlay-type":"","overlay-color":"","overlay-opacity":"","overlay-gradient":""}},"footnotes":""},"categories":[3817],"tags":[],"class_list":["post-28654","post","type-post","status-publish","format-image","hentry","category-camara-municipal-de-parnamirim","post_format-post-format-image"],"_links":{"self":[{"href":"https:\/\/noticiasnoface.com.br\/index.php\/wp-json\/wp\/v2\/posts\/28654","targetHints":{"allow":["GET"]}}],"collection":[{"href":"https:\/\/noticiasnoface.com.br\/index.php\/wp-json\/wp\/v2\/posts"}],"about":[{"href":"https:\/\/noticiasnoface.com.br\/index.php\/wp-json\/wp\/v2\/types\/post"}],"author":[{"embeddable":true,"href":"https:\/\/noticiasnoface.com.br\/index.php\/wp-json\/wp\/v2\/users\/1"}],"replies":[{"embeddable":true,"href":"https:\/\/noticiasnoface.com.br\/index.php\/wp-json\/wp\/v2\/comments?post=28654"}],"version-history":[{"count":1,"href":"https:\/\/noticiasnoface.com.br\/index.php\/wp-json\/wp\/v2\/posts\/28654\/revisions"}],"predecessor-version":[{"id":28655,"href":"https:\/\/noticiasnoface.com.br\/index.php\/wp-json\/wp\/v2\/posts\/28654\/revisions\/28655"}],"wp:attachment":[{"href":"https:\/\/noticiasnoface.com.br\/index.php\/wp-json\/wp\/v2\/media?parent=28654"}],"wp:term":[{"taxonomy":"category","embeddable":true,"href":"https:\/\/noticiasnoface.com.br\/index.php\/wp-json\/wp\/v2\/categories?post=28654"},{"taxonomy":"post_tag","embeddable":true,"href":"https:\/\/noticiasnoface.com.br\/index.php\/wp-json\/wp\/v2\/tags?post=28654"}],"curies":[{"name":"wp","href":"https:\/\/api.w.org\/{rel}","templated":true}]}}