{"id":28656,"date":"2025-06-18T22:04:34","date_gmt":"2025-06-19T01:04:34","guid":{"rendered":"https:\/\/noticiasnoface.com.br\/?p=28656"},"modified":"2025-06-18T22:04:34","modified_gmt":"2025-06-19T01:04:34","slug":"camara-municipal-homenageia-30-anos-do-projeto-seis-e-meia","status":"publish","type":"post","link":"https:\/\/noticiasnoface.com.br\/index.php\/2025\/06\/18\/camara-municipal-homenageia-30-anos-do-projeto-seis-e-meia\/","title":{"rendered":"C\u00e2mara Municipal homenageia 30 anos do Projeto Seis e Meia&nbsp;"},"content":{"rendered":"\n<figure class=\"wp-block-image foto-noticia\"><img data-opt-id=199477089  fetchpriority=\"high\" decoding=\"async\" src=\"https:\/\/www.cmnat.rn.gov.br\/_ups\/noticias\/2025\/06\/18\/565b70ebb2b898f9f40985324342cf51.jpg\" alt=\"\"\/><\/figure>\n\n\n\n<p>A C\u00e2mara Municipal de Natal realizou, nesta ter\u00e7a-feira (17), sess\u00e3o solene em homenagem ao Projeto Seis e Meia, iniciativa cultural com tr\u00eas d\u00e9cadas de atua\u00e7\u00e3o voltada \u00e0 valoriza\u00e7\u00e3o da m\u00fasica popular brasileira e da produ\u00e7\u00e3o art\u00edstica potiguar. A solenidade foi de proposi\u00e7\u00e3o do vereador Daniell Rendall (Republicanos) e reuniu artistas, produtores, jornalistas e representantes de institui\u00e7\u00f5es ligadas \u00e0 cultura do estado.<\/p>\n\n\n\n<p>Foram homenageadas pessoas ligadas \u00e0 trajet\u00f3ria do projeto, incluindo artistas como Isaque Galv\u00e3o, Sueldo Soares, Melquiades, Iranilda Albuquerque (a \u201cDeusa do Forr\u00f3\u201d), Fernando Luiz e Dodora Cardoso, al\u00e9m de jornalistas, produtores e representantes de institui\u00e7\u00f5es culturais. Nomes como Hilneth Correia, Olga Aranha, M\u00e1rcio R\u00eago, Roberto Linhares, Jeane Bezerril, Castelo Casado, Marcelo Veni e Karina Mandel, tamb\u00e9m receberam reconhecimento.<\/p>\n\n\n\n<p>Criador do Projeto Seis e Meia, o produtor cultural William Collier agradeceu a homenagem e ressaltou a trajet\u00f3ria do projeto ao longo de tr\u00eas d\u00e9cadas. \u201cUm projeto com 30 anos de exist\u00eancia e mais de dois mil shows realizados tem muita hist\u00f3ria. Passar\u00edamos a noite inteira contando. Estou muito gratificado com essa homenagem e agrade\u00e7o ao vereador Daniell Rendall. Espero que o projeto dure muitos anos ainda. Hoje estamos de casa nova, no Teatro Riachuelo, mas foi no Teatro Alberto Maranh\u00e3o que tudo come\u00e7ou. Considero o Seis e Meia o maior projeto de m\u00fasica do Brasil\u201d, relembrou.<\/p>\n\n\n\n<p>Autor da proposi\u00e7\u00e3o, o vereador Daniell Rendall destacou o Seis e Meia como uma das mais bem-sucedidas pol\u00edticas culturais da cidade. \u201cEm 30 anos, o Projeto Seis e Meia se consolidou como a iniciativa cultural mais bem-sucedida que temos em Natal e no Rio Grande do Norte. Democratizou o acesso \u00e0 cultura, ao lazer, trouxe artistas nacionais, valorizou os artistas da terra e continua fazendo isso todos os meses. Hoje \u00e9 dia de celebrar esse projeto grandioso, que deu certo e que merece todo o nosso reconhecimento\u201d,&nbsp; afirmou.&nbsp;<\/p>\n\n\n\n<p>Produtor cultural e atual realizador do Projeto, Amaury J\u00fanior ressaltou o impacto da iniciativa em sua trajet\u00f3ria e no fortalecimento da m\u00fasica popular brasileira. \u201cO Projeto Seis e Meia me formou musicalmente, artisticamente, como cidad\u00e3o, produtor e gestor cultural. Foi ali que assisti, pela primeira vez, a shows de Baden Powell, Paulo Diniz, Baby do Brasil, Vanusa e Dominguinhos. H\u00e1 dez anos divido a realiza\u00e7\u00e3o com William Collier, mantendo viva essa chama, dialogando com o novo, mas sempre valorizando a mem\u00f3ria da m\u00fasica brasileira. Quem faz o Seis e Meia \u00e9 o p\u00fablico\u201d, celebrou.<\/p>\n\n\n\n<p>Entre os homenageados, a cantora potiguar Dodora Cardoso, com 47 anos de carreira, falou da emo\u00e7\u00e3o de ser reconhecida em vida. \u201c\u00c9 quase imposs\u00edvel descrever em palavras a emo\u00e7\u00e3o, a alegria e a gratid\u00e3o de estar aqui nesse momento. Nada melhor do que ser homenageada em vida. Agrade\u00e7o \u00e0 C\u00e2mara Municipal e a todas as pessoas envolvidas nesse projeto. Estou muito feliz e muito emocionada\u201d, agradeceu.<\/p>\n\n\n\n<p>A mesa dos trabalhos foi composta pelo vereador Daniell Rendall; a vereadora Camila Ara\u00fajo (Uni\u00e3o); a empres\u00e1ria Miriam Sousa, da TV Ponta Negra; o produtor cultural Amaury J\u00fanior, do grupo Idearte; o fundador do projeto Seis e Meia, William Collier; a escritora Leide C\u00e2mara, da Academia Norte-Rio-Grandense de Letras; Matheus Feitosa, diretor do N\u00facleo de M\u00fasica da Funcarte, e o representante do Sistema Fecom\u00e9rcio, Gedson Nunes.<\/p>\n\n\n\n<p>Texto: Ilana Albuquerque&nbsp;<br \/>Fotos: Ver\u00f4nica Macedo<\/p>\n\n\n\n<p><\/p>\n","protected":false},"excerpt":{"rendered":"<p>A C\u00e2mara Municipal de Natal realizou, nesta ter\u00e7a-feira (17), sess\u00e3o solene em homenagem ao Projeto Seis e Meia, iniciativa cultural [&hellip;]<\/p>\n","protected":false},"author":1,"featured_media":0,"comment_status":"closed","ping_status":"","sticky":false,"template":"","format":"image","meta":{"site-sidebar-layout":"default","site-content-layout":"","ast-site-content-layout":"default","site-content-style":"default","site-sidebar-style":"default","ast-global-header-display":"","ast-banner-title-visibility":"","ast-main-header-display":"","ast-hfb-above-header-display":"","ast-hfb-below-header-display":"","ast-hfb-mobile-header-display":"","site-post-title":"","ast-breadcrumbs-content":"","ast-featured-img":"","footer-sml-layout":"","ast-disable-related-posts":"","theme-transparent-header-meta":"","adv-header-id-meta":"","stick-header-meta":"","header-above-stick-meta":"","header-main-stick-meta":"","header-below-stick-meta":"","astra-migrate-meta-layouts":"default","ast-page-background-enabled":"default","ast-page-background-meta":{"desktop":{"background-color":"var(--ast-global-color-4)","background-image":"","background-repeat":"repeat","background-position":"center center","background-size":"auto","background-attachment":"scroll","background-type":"","background-media":"","overlay-type":"","overlay-color":"","overlay-opacity":"","overlay-gradient":""},"tablet":{"background-color":"","background-image":"","background-repeat":"repeat","background-position":"center center","background-size":"auto","background-attachment":"scroll","background-type":"","background-media":"","overlay-type":"","overlay-color":"","overlay-opacity":"","overlay-gradient":""},"mobile":{"background-color":"","background-image":"","background-repeat":"repeat","background-position":"center center","background-size":"auto","background-attachment":"scroll","background-type":"","background-media":"","overlay-type":"","overlay-color":"","overlay-opacity":"","overlay-gradient":""}},"ast-content-background-meta":{"desktop":{"background-color":"var(--ast-global-color-5)","background-image":"","background-repeat":"repeat","background-position":"center center","background-size":"auto","background-attachment":"scroll","background-type":"","background-media":"","overlay-type":"","overlay-color":"","overlay-opacity":"","overlay-gradient":""},"tablet":{"background-color":"var(--ast-global-color-5)","background-image":"","background-repeat":"repeat","background-position":"center center","background-size":"auto","background-attachment":"scroll","background-type":"","background-media":"","overlay-type":"","overlay-color":"","overlay-opacity":"","overlay-gradient":""},"mobile":{"background-color":"var(--ast-global-color-5)","background-image":"","background-repeat":"repeat","background-position":"center center","background-size":"auto","background-attachment":"scroll","background-type":"","background-media":"","overlay-type":"","overlay-color":"","overlay-opacity":"","overlay-gradient":""}},"footnotes":""},"categories":[3816],"tags":[],"class_list":["post-28656","post","type-post","status-publish","format-image","hentry","category-camara-municipal-de-natal","post_format-post-format-image"],"_links":{"self":[{"href":"https:\/\/noticiasnoface.com.br\/index.php\/wp-json\/wp\/v2\/posts\/28656","targetHints":{"allow":["GET"]}}],"collection":[{"href":"https:\/\/noticiasnoface.com.br\/index.php\/wp-json\/wp\/v2\/posts"}],"about":[{"href":"https:\/\/noticiasnoface.com.br\/index.php\/wp-json\/wp\/v2\/types\/post"}],"author":[{"embeddable":true,"href":"https:\/\/noticiasnoface.com.br\/index.php\/wp-json\/wp\/v2\/users\/1"}],"replies":[{"embeddable":true,"href":"https:\/\/noticiasnoface.com.br\/index.php\/wp-json\/wp\/v2\/comments?post=28656"}],"version-history":[{"count":1,"href":"https:\/\/noticiasnoface.com.br\/index.php\/wp-json\/wp\/v2\/posts\/28656\/revisions"}],"predecessor-version":[{"id":28657,"href":"https:\/\/noticiasnoface.com.br\/index.php\/wp-json\/wp\/v2\/posts\/28656\/revisions\/28657"}],"wp:attachment":[{"href":"https:\/\/noticiasnoface.com.br\/index.php\/wp-json\/wp\/v2\/media?parent=28656"}],"wp:term":[{"taxonomy":"category","embeddable":true,"href":"https:\/\/noticiasnoface.com.br\/index.php\/wp-json\/wp\/v2\/categories?post=28656"},{"taxonomy":"post_tag","embeddable":true,"href":"https:\/\/noticiasnoface.com.br\/index.php\/wp-json\/wp\/v2\/tags?post=28656"}],"curies":[{"name":"wp","href":"https:\/\/api.w.org\/{rel}","templated":true}]}}