{"id":28658,"date":"2025-06-19T21:48:08","date_gmt":"2025-06-20T00:48:08","guid":{"rendered":"https:\/\/noticiasnoface.com.br\/?p=28658"},"modified":"2025-06-19T21:48:08","modified_gmt":"2025-06-20T00:48:08","slug":"mundim-descontrole-do-governo-e-a-grande-razao-para-juros-estarem-altos-2","status":"publish","type":"post","link":"https:\/\/noticiasnoface.com.br\/index.php\/2025\/06\/19\/mundim-descontrole-do-governo-e-a-grande-razao-para-juros-estarem-altos-2\/","title":{"rendered":"Mundim: Descontrole do governo \u00e9 a grande raz\u00e3o para juros estarem altos"},"content":{"rendered":"\n<p>&nbsp;<\/p>\n\n\n\n<figure class=\"wp-block-image size-large\"><img data-opt-id=337083091  fetchpriority=\"high\" decoding=\"async\" src=\"file:\/\/\/private\/var\/mobile\/Containers\/Data\/Application\/2B5F0EFA-9CD2-46DC-A2DC-74FE2949AB0E\/tmp\/org.automattic.MediaImageServiceSymlinks\/thumbnail-d3844d34-46a7-4c3a-b241-252013e3a1df-1100x619.jpeg\" class=\"wp-image-439073868\"\/><\/figure>\n\n\n\n<p>\u200b<\/p>\n\n\n\n<h2 class=\"wp-block-heading subhead\">Comentarista de economia defende ajuste fiscal para que pa\u00eds gere investimentos e crescimento econ\u00f4mico sustent\u00e1vel<\/h2>\n\n\n\n<p>18\/06\/25 \u00e0s 21:17&nbsp;|&nbsp;Atualizado&nbsp;18\/06\/25 \u00e0s 21:17<\/p>\n\n\n\n<p>ouvir not\u00edcia<\/p>\n\n\n\n<p>0:00&nbsp;1.0x<\/p>\n\n\n\n<p>O Banco Central (BC) voltou a elevar os juros b\u00e1sicos do pa\u00eds nesta quarta-feira (18),&nbsp;<a href=\"https:\/\/www.cnnbrasil.com.br\/economia\/macroeconomia\/copom-junho-2025\/\" target=\"_blank\" rel=\"noopener\">levando a taxa Selic a 15% ao ano<\/a>. Para Rita Mundim, comentarista de economia da&nbsp;<strong>CNN<\/strong>, &#8220;a grande raz\u00e3o do juro estar alto, a grande raz\u00e3o da infla\u00e7\u00e3o, \u00e9 o descontrole do governo&#8221;.<\/p>\n\n\n\n<p>&#8220;O credor, na hora que v\u00ea um pa\u00eds se endividando, um pa\u00eds que n\u00e3o faz quest\u00e3o de ter uma pol\u00edtica que entregue super\u00e1vit fiscal, e que vai gerando d\u00e9ficit ap\u00f3s d\u00e9ficit, crescendo o endividamento, com d\u00e9ficit nominal na casa de R$ 1 trilh\u00e3o, esse pa\u00eds vai entrando na casa da desconfian\u00e7a&#8221;, explica Mundim.<\/p>\n\n\n\n<p>&#8220;A\u00ed voc\u00ea pega um Banco Central &#8211; que gra\u00e7as a Deus \u00e9 independente &#8211; e ele tem que fazer a parte dele que \u00e9 subir os juros para continuar atraindo o capital externo e mantendo o dinheiro aqui dentro&#8221;, pontua.<\/p>\n\n\n\n<p>A comentarista pondera, por\u00e9m, que este \u00e9 um capital de baixa qualidade, que vem de fora, comprado com juros mais baratos, para render com as taxas elevadas do Brasil.<\/p>\n\n\n\n<p>Mundim defende que o pa\u00eds tenha um crescimento sustent\u00e1vel, atrav\u00e9s do investimento direto, um dinheiro que de fato fique no Brasil. Para isso, contudo, \u00e9 necess\u00e1rio que o governo trabalhe a quest\u00e3o fiscal.<\/p>\n\n\n\n<p>&#8220;A gente precisa atrair um dinheiro sustent\u00e1vel, do investimento, e isso&nbsp;se d\u00e1 atrav\u00e9s da responsabilidade fiscal do governo. A\u00ed o&nbsp;juro cai e o&nbsp;investimento direto sobe. O&nbsp;dinheiro vem &#8216;comprar Brasil&#8217;, n\u00e3o tomar t\u00edtulos&#8221;, indica.<\/p>\n\n\n\n<p>Sua avalia\u00e7\u00e3o \u00e9 de que o governo toma decis\u00f5es incoerentes ao optar por aumentar a carga tribut\u00e1ria &#8211; como fez ao&nbsp;<a href=\"https:\/\/www.cnnbrasil.com.br\/economia\/macroeconomia\/governo-eleva-iof-e-estima-arrecadar-r-61-bi-em-dois-anos\/\" target=\"_blank\" rel=\"noopener\">elevar o Imposto sobre Opera\u00e7\u00f5es Financeiras (IOF)<\/a>&nbsp;&#8211;&nbsp;inv\u00e9s de cortar despesas.<\/p>\n\n\n\n<p>&#8220;O governo pisa no acelerador, ele quer entregar crescimento, e o Banco Central pisa no freio, a gente tem que frear esse crescimento da forma que ele se d\u00e1. [&#8230;] A pol\u00edtica monet\u00e1ria tem que agir quando a pol\u00edtica fiscal n\u00e3o existe, [&#8230;] \u00e9 uma coisa muito atabalhoada&#8221;, indaga.<\/p>\n\n\n\n<p>&#8220;\u00c9 um crescimento baseado num cr\u00e9dito com a taxa de juros nas alturas, deixando as fam\u00edlias endividadas, inadimplentes, e as empresas tamb\u00e9m inadimplentes, grandes empresas em recupera\u00e7\u00e3o judicial, [&#8230;] s\u00e3o medidas populistas tomadas na hora errada e que tem um custo enorme para a sociedade brasileira&#8221;, conclui.<\/p>\n\n\n\n<p><\/p>\n","protected":false},"excerpt":{"rendered":"<p>&nbsp; \u200b Comentarista de economia defende ajuste fiscal para que pa\u00eds gere investimentos e crescimento econ\u00f4mico sustent\u00e1vel 18\/06\/25 \u00e0s 21:17&nbsp;|&nbsp;Atualizado&nbsp;18\/06\/25 [&hellip;]<\/p>\n","protected":false},"author":1,"featured_media":0,"comment_status":"closed","ping_status":"","sticky":false,"template":"","format":"image","meta":{"site-sidebar-layout":"default","site-content-layout":"","ast-site-content-layout":"default","site-content-style":"default","site-sidebar-style":"default","ast-global-header-display":"","ast-banner-title-visibility":"","ast-main-header-display":"","ast-hfb-above-header-display":"","ast-hfb-below-header-display":"","ast-hfb-mobile-header-display":"","site-post-title":"","ast-breadcrumbs-content":"","ast-featured-img":"","footer-sml-layout":"","ast-disable-related-posts":"","theme-transparent-header-meta":"","adv-header-id-meta":"","stick-header-meta":"","header-above-stick-meta":"","header-main-stick-meta":"","header-below-stick-meta":"","astra-migrate-meta-layouts":"default","ast-page-background-enabled":"default","ast-page-background-meta":{"desktop":{"background-color":"var(--ast-global-color-4)","background-image":"","background-repeat":"repeat","background-position":"center center","background-size":"auto","background-attachment":"scroll","background-type":"","background-media":"","overlay-type":"","overlay-color":"","overlay-opacity":"","overlay-gradient":""},"tablet":{"background-color":"","background-image":"","background-repeat":"repeat","background-position":"center center","background-size":"auto","background-attachment":"scroll","background-type":"","background-media":"","overlay-type":"","overlay-color":"","overlay-opacity":"","overlay-gradient":""},"mobile":{"background-color":"","background-image":"","background-repeat":"repeat","background-position":"center center","background-size":"auto","background-attachment":"scroll","background-type":"","background-media":"","overlay-type":"","overlay-color":"","overlay-opacity":"","overlay-gradient":""}},"ast-content-background-meta":{"desktop":{"background-color":"var(--ast-global-color-5)","background-image":"","background-repeat":"repeat","background-position":"center center","background-size":"auto","background-attachment":"scroll","background-type":"","background-media":"","overlay-type":"","overlay-color":"","overlay-opacity":"","overlay-gradient":""},"tablet":{"background-color":"var(--ast-global-color-5)","background-image":"","background-repeat":"repeat","background-position":"center center","background-size":"auto","background-attachment":"scroll","background-type":"","background-media":"","overlay-type":"","overlay-color":"","overlay-opacity":"","overlay-gradient":""},"mobile":{"background-color":"var(--ast-global-color-5)","background-image":"","background-repeat":"repeat","background-position":"center center","background-size":"auto","background-attachment":"scroll","background-type":"","background-media":"","overlay-type":"","overlay-color":"","overlay-opacity":"","overlay-gradient":""}},"footnotes":""},"categories":[517],"tags":[],"class_list":["post-28658","post","type-post","status-publish","format-image","hentry","category-aconteceu","post_format-post-format-image"],"_links":{"self":[{"href":"https:\/\/noticiasnoface.com.br\/index.php\/wp-json\/wp\/v2\/posts\/28658","targetHints":{"allow":["GET"]}}],"collection":[{"href":"https:\/\/noticiasnoface.com.br\/index.php\/wp-json\/wp\/v2\/posts"}],"about":[{"href":"https:\/\/noticiasnoface.com.br\/index.php\/wp-json\/wp\/v2\/types\/post"}],"author":[{"embeddable":true,"href":"https:\/\/noticiasnoface.com.br\/index.php\/wp-json\/wp\/v2\/users\/1"}],"replies":[{"embeddable":true,"href":"https:\/\/noticiasnoface.com.br\/index.php\/wp-json\/wp\/v2\/comments?post=28658"}],"version-history":[{"count":1,"href":"https:\/\/noticiasnoface.com.br\/index.php\/wp-json\/wp\/v2\/posts\/28658\/revisions"}],"predecessor-version":[{"id":28659,"href":"https:\/\/noticiasnoface.com.br\/index.php\/wp-json\/wp\/v2\/posts\/28658\/revisions\/28659"}],"wp:attachment":[{"href":"https:\/\/noticiasnoface.com.br\/index.php\/wp-json\/wp\/v2\/media?parent=28658"}],"wp:term":[{"taxonomy":"category","embeddable":true,"href":"https:\/\/noticiasnoface.com.br\/index.php\/wp-json\/wp\/v2\/categories?post=28658"},{"taxonomy":"post_tag","embeddable":true,"href":"https:\/\/noticiasnoface.com.br\/index.php\/wp-json\/wp\/v2\/tags?post=28658"}],"curies":[{"name":"wp","href":"https:\/\/api.w.org\/{rel}","templated":true}]}}