{"id":28663,"date":"2025-06-20T21:18:48","date_gmt":"2025-06-21T00:18:48","guid":{"rendered":"https:\/\/noticiasnoface.com.br\/?p=28663"},"modified":"2025-06-20T21:18:48","modified_gmt":"2025-06-21T00:18:48","slug":"casa-legislativa-parnamirinense-discute-ldo-2026-na-segunda-feira-23","status":"publish","type":"post","link":"https:\/\/noticiasnoface.com.br\/index.php\/2025\/06\/20\/casa-legislativa-parnamirinense-discute-ldo-2026-na-segunda-feira-23\/","title":{"rendered":"Casa Legislativa parnamirinense discute LDO 2026 na segunda-feira (23)"},"content":{"rendered":"\n<figure class=\"wp-block-image size-large\"><img data-opt-id=831293459  fetchpriority=\"high\" decoding=\"async\" width=\"819\" height=\"1024\" src=\"https:\/\/mlbfrsat7ahr.i.optimole.com\/w:819\/h:1024\/q:mauto\/ig:avif\/https:\/\/noticiasnoface.com.br\/wp-content\/uploads\/2025\/06\/b95963fa-f2c8-4efe-91cc-f2b47342b366-1.jpg\" class=\"wp-image-28662\" srcset=\"https:\/\/mlbfrsat7ahr.i.optimole.com\/w:819\/h:1024\/q:mauto\/ig:avif\/https:\/\/noticiasnoface.com.br\/wp-content\/uploads\/2025\/06\/b95963fa-f2c8-4efe-91cc-f2b47342b366-1.jpg 819w, https:\/\/mlbfrsat7ahr.i.optimole.com\/w:240\/h:300\/q:mauto\/ig:avif\/https:\/\/noticiasnoface.com.br\/wp-content\/uploads\/2025\/06\/b95963fa-f2c8-4efe-91cc-f2b47342b366-1.jpg 240w, https:\/\/mlbfrsat7ahr.i.optimole.com\/w:768\/h:960\/q:mauto\/ig:avif\/https:\/\/noticiasnoface.com.br\/wp-content\/uploads\/2025\/06\/b95963fa-f2c8-4efe-91cc-f2b47342b366-1.jpg 768w, https:\/\/mlbfrsat7ahr.i.optimole.com\/w:864\/h:1080\/q:mauto\/ig:avif\/https:\/\/noticiasnoface.com.br\/wp-content\/uploads\/2025\/06\/b95963fa-f2c8-4efe-91cc-f2b47342b366-1.jpg 1080w\" sizes=\"(max-width: 819px) 100vw, 819px\" \/><\/figure>\n\n\n\n<p>Na pr\u00f3xima segunda-feira (23), a C\u00e2mara de Parnamirim realizar\u00e1, atrav\u00e9s da proposi\u00e7\u00e3o da Comiss\u00e3o de Financas, Or\u00e7amento e Fiscaliza\u00e7\u00e3o Financeira, uma audi\u00eancia p\u00fablica voltada para discutir a Lei de Diretrizes Or\u00e7ament\u00e1rias (LDO) de 2026.<\/p>\n\n\n\n<p>A LDO tem a responsabilidade anual de definir as pol\u00edticas p\u00fablicas e estabelecer as prioridades para o ano seguinte, al\u00e9m de dispor sobre crit\u00e9rios e a forma de limita\u00e7\u00e3o de empenho, entre outras fun\u00e7\u00f5es. A Lei de Diretrizes Or\u00e7ament\u00e1rias \u00e9 essencial para garantir equil\u00edbrio entre receitas e despesas.<br \/>&nbsp;<br \/>Servi\u00e7o<br \/>O qu\u00ea: Audi\u00eancia P\u00fablica: LDO &#8211; Lei de Diretrizes Or\u00e7ament\u00e1rias 2026.<br \/>Onde: Plen\u00e1rio Dr. M\u00e1rio Medeiros, C\u00e2mara Municipal de Parnamirim.<br \/>Quando: Segunda-feira (23), \u00e0s 16h.<\/p>\n","protected":false},"excerpt":{"rendered":"<p>Na pr\u00f3xima segunda-feira (23), a C\u00e2mara de Parnamirim realizar\u00e1, atrav\u00e9s da proposi\u00e7\u00e3o da Comiss\u00e3o de Financas, Or\u00e7amento e Fiscaliza\u00e7\u00e3o Financeira, [&hellip;]<\/p>\n","protected":false},"author":1,"featured_media":0,"comment_status":"closed","ping_status":"","sticky":false,"template":"","format":"image","meta":{"site-sidebar-layout":"default","site-content-layout":"","ast-site-content-layout":"default","site-content-style":"default","site-sidebar-style":"default","ast-global-header-display":"","ast-banner-title-visibility":"","ast-main-header-display":"","ast-hfb-above-header-display":"","ast-hfb-below-header-display":"","ast-hfb-mobile-header-display":"","site-post-title":"","ast-breadcrumbs-content":"","ast-featured-img":"","footer-sml-layout":"","ast-disable-related-posts":"","theme-transparent-header-meta":"","adv-header-id-meta":"","stick-header-meta":"","header-above-stick-meta":"","header-main-stick-meta":"","header-below-stick-meta":"","astra-migrate-meta-layouts":"default","ast-page-background-enabled":"default","ast-page-background-meta":{"desktop":{"background-color":"var(--ast-global-color-4)","background-image":"","background-repeat":"repeat","background-position":"center center","background-size":"auto","background-attachment":"scroll","background-type":"","background-media":"","overlay-type":"","overlay-color":"","overlay-opacity":"","overlay-gradient":""},"tablet":{"background-color":"","background-image":"","background-repeat":"repeat","background-position":"center center","background-size":"auto","background-attachment":"scroll","background-type":"","background-media":"","overlay-type":"","overlay-color":"","overlay-opacity":"","overlay-gradient":""},"mobile":{"background-color":"","background-image":"","background-repeat":"repeat","background-position":"center center","background-size":"auto","background-attachment":"scroll","background-type":"","background-media":"","overlay-type":"","overlay-color":"","overlay-opacity":"","overlay-gradient":""}},"ast-content-background-meta":{"desktop":{"background-color":"var(--ast-global-color-5)","background-image":"","background-repeat":"repeat","background-position":"center center","background-size":"auto","background-attachment":"scroll","background-type":"","background-media":"","overlay-type":"","overlay-color":"","overlay-opacity":"","overlay-gradient":""},"tablet":{"background-color":"var(--ast-global-color-5)","background-image":"","background-repeat":"repeat","background-position":"center center","background-size":"auto","background-attachment":"scroll","background-type":"","background-media":"","overlay-type":"","overlay-color":"","overlay-opacity":"","overlay-gradient":""},"mobile":{"background-color":"var(--ast-global-color-5)","background-image":"","background-repeat":"repeat","background-position":"center center","background-size":"auto","background-attachment":"scroll","background-type":"","background-media":"","overlay-type":"","overlay-color":"","overlay-opacity":"","overlay-gradient":""}},"footnotes":""},"categories":[3817],"tags":[],"class_list":["post-28663","post","type-post","status-publish","format-image","hentry","category-camara-municipal-de-parnamirim","post_format-post-format-image"],"_links":{"self":[{"href":"https:\/\/noticiasnoface.com.br\/index.php\/wp-json\/wp\/v2\/posts\/28663","targetHints":{"allow":["GET"]}}],"collection":[{"href":"https:\/\/noticiasnoface.com.br\/index.php\/wp-json\/wp\/v2\/posts"}],"about":[{"href":"https:\/\/noticiasnoface.com.br\/index.php\/wp-json\/wp\/v2\/types\/post"}],"author":[{"embeddable":true,"href":"https:\/\/noticiasnoface.com.br\/index.php\/wp-json\/wp\/v2\/users\/1"}],"replies":[{"embeddable":true,"href":"https:\/\/noticiasnoface.com.br\/index.php\/wp-json\/wp\/v2\/comments?post=28663"}],"version-history":[{"count":1,"href":"https:\/\/noticiasnoface.com.br\/index.php\/wp-json\/wp\/v2\/posts\/28663\/revisions"}],"predecessor-version":[{"id":28664,"href":"https:\/\/noticiasnoface.com.br\/index.php\/wp-json\/wp\/v2\/posts\/28663\/revisions\/28664"}],"wp:attachment":[{"href":"https:\/\/noticiasnoface.com.br\/index.php\/wp-json\/wp\/v2\/media?parent=28663"}],"wp:term":[{"taxonomy":"category","embeddable":true,"href":"https:\/\/noticiasnoface.com.br\/index.php\/wp-json\/wp\/v2\/categories?post=28663"},{"taxonomy":"post_tag","embeddable":true,"href":"https:\/\/noticiasnoface.com.br\/index.php\/wp-json\/wp\/v2\/tags?post=28663"}],"curies":[{"name":"wp","href":"https:\/\/api.w.org\/{rel}","templated":true}]}}