{"id":28670,"date":"2025-06-20T21:22:32","date_gmt":"2025-06-21T00:22:32","guid":{"rendered":"https:\/\/noticiasnoface.com.br\/?p=28670"},"modified":"2025-06-20T21:22:32","modified_gmt":"2025-06-21T00:22:32","slug":"terremoto-de-2-5-na-escala-richter-atinge-minas-gerais","status":"publish","type":"post","link":"https:\/\/noticiasnoface.com.br\/index.php\/2025\/06\/20\/terremoto-de-2-5-na-escala-richter-atinge-minas-gerais\/","title":{"rendered":"Terremoto de 2.5 na Escala Richter atinge Minas Gerais"},"content":{"rendered":"\n<p>&nbsp;<\/p>\n\n\n\n<p>\u200b<\/p>\n\n\n\n<h2 class=\"wp-block-heading subhead\">Epicentro foi no munic\u00edpio de Cris\u00f3lita; estado det\u00e9m o maior n\u00famero de abalos s\u00edsmicos do pa\u00eds<\/h2>\n\n\n\n<p>20\/06\/25 \u00e0s 20:17&nbsp;|&nbsp;Atualizado&nbsp;20\/06\/25 \u00e0s 20:17<\/p>\n\n\n\n<figure class=\"wp-block-image\"><img data-opt-id=1968062913  fetchpriority=\"high\" decoding=\"async\" src=\"https:\/\/admin.cnnbrasil.com.br\/wp-content\/uploads\/sites\/12\/2025\/06\/terremoto-Minas-Gerais.png?w=419&amp;h=283&amp;crop=0\" alt=\"\"\/><figcaption class=\"wp-element-caption\">\u00daltimo evento s\u00edsmico registrado em Minas Gerais ocorreu no dia 13 de junho, no munic\u00edpio de Ibirit\u00e9&nbsp; \u2022&nbsp;Reprodu\u00e7\u00e3o\/Rede Sismogr\u00e1fica Brasileira<\/figcaption><\/figure>\n\n\n\n<p>ouvir not\u00edcia<\/p>\n\n\n\n<p>0:00&nbsp;1.0x<\/p>\n\n\n\n<p>Um terremoto de magnitude 2.5 na Escala Richter atingiu Minas Gerais na madrugada desta sexta-feira (20). O sismo foi monitorado pelas esta\u00e7\u00f5es da Rede Sismogr\u00e1fica Brasileira (RSBR) e analisado pelo Centro de Sismologia da USP<\/p>\n\n\n\n<p>O epicentro do tremor foi no munic\u00edpio de Cris\u00f3lita, na regi\u00e3o do Vale do Mucuri, a cerca de 569 km de&nbsp;<a href=\"https:\/\/www.cnnbrasil.com.br\/nacional\/sudeste\/mg\/tremor-de-terra-atinge-cidade-da-grande-belo-horizonte\/\" target=\"_blank\" rel=\"noopener\">Belo Horizonte.<\/a>&nbsp;O sismo ocorreu \u00e0s 03h33.<\/p>\n\n\n\n<p>De acordo com o RSBR, ainda n\u00e3o h\u00e1 relatos de que s moradores tenham sentido o abalo. O \u00faltimo evento s\u00edsmico registrado em Minas Gerais ocorreu no dia 13 de junho, no munic\u00edpio de Ibirit\u00e9, e teve magnitude 2.3 na Escala Richter.<\/p>\n\n\n\n<p>\u201cPequenos tremores de terra em Minas Gerais n\u00e3o s\u00e3o incomuns, muito pelo contr\u00e1rio. \u00c9 o<a href=\"https:\/\/www.cnnbrasil.com.br\/nacional\/sudeste\/mg\/cidade-em-minas-gerais-registra-nove-tremores-de-terra-em-dois-dias\/\" target=\"_blank\" rel=\"noopener\">estado com o maior n\u00famero de abalos s\u00edsmicos registrados<\/a>\u201d, afirmou Bruno Colla\u00e7o, sism\u00f3logo da RSBR. \u201cOs tremores naturais, na sua grande maioria, se devem \u00e0s grandes press\u00f5es geol\u00f3gicas que atuam na crosta terrestre\u201d, concluiu.<\/p>\n\n\n\n<p><\/p>\n","protected":false},"excerpt":{"rendered":"<p>&nbsp; \u200b Epicentro foi no munic\u00edpio de Cris\u00f3lita; estado det\u00e9m o maior n\u00famero de abalos s\u00edsmicos do pa\u00eds 20\/06\/25 \u00e0s [&hellip;]<\/p>\n","protected":false},"author":1,"featured_media":0,"comment_status":"closed","ping_status":"","sticky":false,"template":"","format":"image","meta":{"site-sidebar-layout":"default","site-content-layout":"","ast-site-content-layout":"default","site-content-style":"default","site-sidebar-style":"default","ast-global-header-display":"","ast-banner-title-visibility":"","ast-main-header-display":"","ast-hfb-above-header-display":"","ast-hfb-below-header-display":"","ast-hfb-mobile-header-display":"","site-post-title":"","ast-breadcrumbs-content":"","ast-featured-img":"","footer-sml-layout":"","ast-disable-related-posts":"","theme-transparent-header-meta":"","adv-header-id-meta":"","stick-header-meta":"","header-above-stick-meta":"","header-main-stick-meta":"","header-below-stick-meta":"","astra-migrate-meta-layouts":"default","ast-page-background-enabled":"default","ast-page-background-meta":{"desktop":{"background-color":"var(--ast-global-color-4)","background-image":"","background-repeat":"repeat","background-position":"center center","background-size":"auto","background-attachment":"scroll","background-type":"","background-media":"","overlay-type":"","overlay-color":"","overlay-opacity":"","overlay-gradient":""},"tablet":{"background-color":"","background-image":"","background-repeat":"repeat","background-position":"center center","background-size":"auto","background-attachment":"scroll","background-type":"","background-media":"","overlay-type":"","overlay-color":"","overlay-opacity":"","overlay-gradient":""},"mobile":{"background-color":"","background-image":"","background-repeat":"repeat","background-position":"center center","background-size":"auto","background-attachment":"scroll","background-type":"","background-media":"","overlay-type":"","overlay-color":"","overlay-opacity":"","overlay-gradient":""}},"ast-content-background-meta":{"desktop":{"background-color":"var(--ast-global-color-5)","background-image":"","background-repeat":"repeat","background-position":"center center","background-size":"auto","background-attachment":"scroll","background-type":"","background-media":"","overlay-type":"","overlay-color":"","overlay-opacity":"","overlay-gradient":""},"tablet":{"background-color":"var(--ast-global-color-5)","background-image":"","background-repeat":"repeat","background-position":"center center","background-size":"auto","background-attachment":"scroll","background-type":"","background-media":"","overlay-type":"","overlay-color":"","overlay-opacity":"","overlay-gradient":""},"mobile":{"background-color":"var(--ast-global-color-5)","background-image":"","background-repeat":"repeat","background-position":"center center","background-size":"auto","background-attachment":"scroll","background-type":"","background-media":"","overlay-type":"","overlay-color":"","overlay-opacity":"","overlay-gradient":""}},"footnotes":""},"categories":[517],"tags":[],"class_list":["post-28670","post","type-post","status-publish","format-image","hentry","category-aconteceu","post_format-post-format-image"],"_links":{"self":[{"href":"https:\/\/noticiasnoface.com.br\/index.php\/wp-json\/wp\/v2\/posts\/28670","targetHints":{"allow":["GET"]}}],"collection":[{"href":"https:\/\/noticiasnoface.com.br\/index.php\/wp-json\/wp\/v2\/posts"}],"about":[{"href":"https:\/\/noticiasnoface.com.br\/index.php\/wp-json\/wp\/v2\/types\/post"}],"author":[{"embeddable":true,"href":"https:\/\/noticiasnoface.com.br\/index.php\/wp-json\/wp\/v2\/users\/1"}],"replies":[{"embeddable":true,"href":"https:\/\/noticiasnoface.com.br\/index.php\/wp-json\/wp\/v2\/comments?post=28670"}],"version-history":[{"count":1,"href":"https:\/\/noticiasnoface.com.br\/index.php\/wp-json\/wp\/v2\/posts\/28670\/revisions"}],"predecessor-version":[{"id":28671,"href":"https:\/\/noticiasnoface.com.br\/index.php\/wp-json\/wp\/v2\/posts\/28670\/revisions\/28671"}],"wp:attachment":[{"href":"https:\/\/noticiasnoface.com.br\/index.php\/wp-json\/wp\/v2\/media?parent=28670"}],"wp:term":[{"taxonomy":"category","embeddable":true,"href":"https:\/\/noticiasnoface.com.br\/index.php\/wp-json\/wp\/v2\/categories?post=28670"},{"taxonomy":"post_tag","embeddable":true,"href":"https:\/\/noticiasnoface.com.br\/index.php\/wp-json\/wp\/v2\/tags?post=28670"}],"curies":[{"name":"wp","href":"https:\/\/api.w.org\/{rel}","templated":true}]}}