{"id":28687,"date":"2025-06-23T21:49:58","date_gmt":"2025-06-24T00:49:58","guid":{"rendered":"https:\/\/noticiasnoface.com.br\/?p=28687"},"modified":"2025-06-23T21:49:58","modified_gmt":"2025-06-24T00:49:58","slug":"trump-diz-que-israel-e-ira-concordaram-com-cessar-fogo","status":"publish","type":"post","link":"https:\/\/noticiasnoface.com.br\/index.php\/2025\/06\/23\/trump-diz-que-israel-e-ira-concordaram-com-cessar-fogo\/","title":{"rendered":"Trump diz que Israel e Ir\u00e3 concordaram com cessar-fogo"},"content":{"rendered":"\n<p><\/p>\n\n\n\n<figure class=\"wp-block-image size-large\"><img data-opt-id=436945404  fetchpriority=\"high\" decoding=\"async\" width=\"1024\" height=\"552\" src=\"https:\/\/mlbfrsat7ahr.i.optimole.com\/w:1024\/h:552\/q:mauto\/ig:avif\/https:\/\/noticiasnoface.com.br\/wp-content\/uploads\/2025\/06\/img_8027-1.jpg\" class=\"wp-image-28686\" srcset=\"https:\/\/mlbfrsat7ahr.i.optimole.com\/w:1024\/h:552\/q:mauto\/ig:avif\/https:\/\/noticiasnoface.com.br\/wp-content\/uploads\/2025\/06\/img_8027-1.jpg 1024w, https:\/\/mlbfrsat7ahr.i.optimole.com\/w:300\/h:162\/q:mauto\/ig:avif\/https:\/\/noticiasnoface.com.br\/wp-content\/uploads\/2025\/06\/img_8027-1.jpg 300w, https:\/\/mlbfrsat7ahr.i.optimole.com\/w:768\/h:414\/q:mauto\/ig:avif\/https:\/\/noticiasnoface.com.br\/wp-content\/uploads\/2025\/06\/img_8027-1.jpg 768w, https:\/\/mlbfrsat7ahr.i.optimole.com\/w:1266\/h:682\/q:mauto\/ig:avif\/https:\/\/noticiasnoface.com.br\/wp-content\/uploads\/2025\/06\/img_8027-1.jpg 1266w\" sizes=\"(max-width: 1000px) 100vw, 1000px\" \/><\/figure>\n\n\n\n<p>\u200b<\/p>\n\n\n\n<h2 class=\"wp-block-heading subhead\">Em publica\u00e7\u00e3o na Truth Social, presidente dos EUA parabenizou os pa\u00edses e disse que espera que o cessar-fogo se torne permanente<\/h2>\n\n\n\n<p>23\/06\/25 \u00e0s 19:07&nbsp;|&nbsp;Atualizado&nbsp;23\/06\/25 \u00e0s 21:47<\/p>\n\n\n\n<p>ouvir not\u00edcia<\/p>\n\n\n\n<p>0:00&nbsp;1.0x<\/p>\n\n\n\n<p>O presidente dos Estados Unidos, Donald Trump, anunciou nesta segunda-feira (23) um cessar-fogo &#8220;completo e total&#8221; entre Israel e o Ir\u00e3, com objetivo de encerrar o conflito entre as duas na\u00e7\u00f5es.<\/p>\n\n\n\n<p>Em uma publica\u00e7\u00e3o na Truth Social, o l\u00edder americano parabenizou os pa\u00edses e disse que espera que o cessar-fogo se torne permanente.<\/p>\n\n\n\n<p>&#8220;Foi totalmente acordado entre Israel e Ir\u00e3 que haver\u00e1 um cessar-fogo completo e total (em aproximadamente 6 horas a partir de agora, quando Israel e Ir\u00e3 tiverem encerrado e conclu\u00eddo suas miss\u00f5es finais em andamento!)&#8221;, escreveu o presidente nas redes sociais.<\/p>\n\n\n\n<p>A publica\u00e7\u00e3o foi feita por volta das 19h, no hor\u00e1rio de Bras\u00edlia, indicando que o cessar-fogo deve come\u00e7ar \u00e0 1h desta ter\u00e7a-feira (24).<\/p>\n\n\n\n<p>&#8220;Esta \u00e9 uma guerra que poderia ter durado anos e destru\u00eddo todo o&nbsp;<a href=\"https:\/\/www.cnnbrasil.com.br\/internacional\/conflitos-no-oriente-medio-estao-interligados-diz-especialista\/\" target=\"_blank\" rel=\"noopener\">Oriente M\u00e9dio<\/a>, mas n\u00e3o destruiu e nunca destruir\u00e1!&#8221;, concluiu Trump.<\/p>\n\n\n\n<p>O cessar-fogo ser\u00e1 implementado gradualmente ao longo das pr\u00f3ximas 24 horas, de acordo com a publica\u00e7\u00e3o do presidente.<\/p>\n\n\n\n<p>\u201cOficialmente, o Ir\u00e3 iniciar\u00e1 o CESSAR-FOGO e, na 12\u00aa hora, Israel iniciar\u00e1 o CESSAR-FOGO e, na 24\u00aa hora, o FIM Oficial da GUERRA DOS 12 DIAS ser\u00e1 saudado pelo mundo. Durante cada CESSAR-FOGO, o outro lado permanecer\u00e1 PAC\u00cdFICO e RESPEITOSO\u201d, escreveu Trump.<\/p>\n\n\n\n<p>Oficialmente, tanto Israel quanto o Ir\u00e3 n\u00e3o confirmaram ainda o cessar-fogo,&nbsp;<a href=\"https:\/\/www.cnnbrasil.com.br\/internacional\/autoridade-do-ira-confirma-que-o-pais-concordou-com-cessar-fogo\/\" target=\"_blank\" rel=\"noopener\">mas fontes afirmaram que os pa\u00edses concordaram com a pausa.<\/a><\/p>\n\n\n\n<p><\/p>\n","protected":false},"excerpt":{"rendered":"<p>\u200b Em publica\u00e7\u00e3o na Truth Social, presidente dos EUA parabenizou os pa\u00edses e disse que espera que o cessar-fogo se [&hellip;]<\/p>\n","protected":false},"author":1,"featured_media":0,"comment_status":"closed","ping_status":"","sticky":false,"template":"","format":"image","meta":{"site-sidebar-layout":"default","site-content-layout":"","ast-site-content-layout":"default","site-content-style":"default","site-sidebar-style":"default","ast-global-header-display":"","ast-banner-title-visibility":"","ast-main-header-display":"","ast-hfb-above-header-display":"","ast-hfb-below-header-display":"","ast-hfb-mobile-header-display":"","site-post-title":"","ast-breadcrumbs-content":"","ast-featured-img":"","footer-sml-layout":"","ast-disable-related-posts":"","theme-transparent-header-meta":"","adv-header-id-meta":"","stick-header-meta":"","header-above-stick-meta":"","header-main-stick-meta":"","header-below-stick-meta":"","astra-migrate-meta-layouts":"default","ast-page-background-enabled":"default","ast-page-background-meta":{"desktop":{"background-color":"var(--ast-global-color-4)","background-image":"","background-repeat":"repeat","background-position":"center center","background-size":"auto","background-attachment":"scroll","background-type":"","background-media":"","overlay-type":"","overlay-color":"","overlay-opacity":"","overlay-gradient":""},"tablet":{"background-color":"","background-image":"","background-repeat":"repeat","background-position":"center center","background-size":"auto","background-attachment":"scroll","background-type":"","background-media":"","overlay-type":"","overlay-color":"","overlay-opacity":"","overlay-gradient":""},"mobile":{"background-color":"","background-image":"","background-repeat":"repeat","background-position":"center center","background-size":"auto","background-attachment":"scroll","background-type":"","background-media":"","overlay-type":"","overlay-color":"","overlay-opacity":"","overlay-gradient":""}},"ast-content-background-meta":{"desktop":{"background-color":"var(--ast-global-color-5)","background-image":"","background-repeat":"repeat","background-position":"center center","background-size":"auto","background-attachment":"scroll","background-type":"","background-media":"","overlay-type":"","overlay-color":"","overlay-opacity":"","overlay-gradient":""},"tablet":{"background-color":"var(--ast-global-color-5)","background-image":"","background-repeat":"repeat","background-position":"center center","background-size":"auto","background-attachment":"scroll","background-type":"","background-media":"","overlay-type":"","overlay-color":"","overlay-opacity":"","overlay-gradient":""},"mobile":{"background-color":"var(--ast-global-color-5)","background-image":"","background-repeat":"repeat","background-position":"center center","background-size":"auto","background-attachment":"scroll","background-type":"","background-media":"","overlay-type":"","overlay-color":"","overlay-opacity":"","overlay-gradient":""}},"footnotes":""},"categories":[517],"tags":[],"class_list":["post-28687","post","type-post","status-publish","format-image","hentry","category-aconteceu","post_format-post-format-image"],"_links":{"self":[{"href":"https:\/\/noticiasnoface.com.br\/index.php\/wp-json\/wp\/v2\/posts\/28687","targetHints":{"allow":["GET"]}}],"collection":[{"href":"https:\/\/noticiasnoface.com.br\/index.php\/wp-json\/wp\/v2\/posts"}],"about":[{"href":"https:\/\/noticiasnoface.com.br\/index.php\/wp-json\/wp\/v2\/types\/post"}],"author":[{"embeddable":true,"href":"https:\/\/noticiasnoface.com.br\/index.php\/wp-json\/wp\/v2\/users\/1"}],"replies":[{"embeddable":true,"href":"https:\/\/noticiasnoface.com.br\/index.php\/wp-json\/wp\/v2\/comments?post=28687"}],"version-history":[{"count":1,"href":"https:\/\/noticiasnoface.com.br\/index.php\/wp-json\/wp\/v2\/posts\/28687\/revisions"}],"predecessor-version":[{"id":28688,"href":"https:\/\/noticiasnoface.com.br\/index.php\/wp-json\/wp\/v2\/posts\/28687\/revisions\/28688"}],"wp:attachment":[{"href":"https:\/\/noticiasnoface.com.br\/index.php\/wp-json\/wp\/v2\/media?parent=28687"}],"wp:term":[{"taxonomy":"category","embeddable":true,"href":"https:\/\/noticiasnoface.com.br\/index.php\/wp-json\/wp\/v2\/categories?post=28687"},{"taxonomy":"post_tag","embeddable":true,"href":"https:\/\/noticiasnoface.com.br\/index.php\/wp-json\/wp\/v2\/tags?post=28687"}],"curies":[{"name":"wp","href":"https:\/\/api.w.org\/{rel}","templated":true}]}}