{"id":28692,"date":"2025-06-23T21:52:33","date_gmt":"2025-06-24T00:52:33","guid":{"rendered":"https:\/\/noticiasnoface.com.br\/?p=28692"},"modified":"2025-06-23T21:52:33","modified_gmt":"2025-06-24T00:52:33","slug":"conta-de-instagram-foi-criada-com-e-mail-em-nome-de-cid","status":"publish","type":"post","link":"https:\/\/noticiasnoface.com.br\/index.php\/2025\/06\/23\/conta-de-instagram-foi-criada-com-e-mail-em-nome-de-cid\/","title":{"rendered":"Conta de Instagram foi criada com e-mail em nome de Cid"},"content":{"rendered":"\n<p>&nbsp;<\/p>\n\n\n\n<figure class=\"wp-block-image size-large\"><img data-opt-id=1764939718  fetchpriority=\"high\" decoding=\"async\" width=\"1009\" height=\"1024\" src=\"https:\/\/mlbfrsat7ahr.i.optimole.com\/w:1009\/h:1024\/q:mauto\/ig:avif\/https:\/\/noticiasnoface.com.br\/wp-content\/uploads\/2025\/06\/img_8039-1.jpg\" class=\"wp-image-28691\" srcset=\"https:\/\/mlbfrsat7ahr.i.optimole.com\/w:1009\/h:1024\/q:mauto\/ig:avif\/https:\/\/noticiasnoface.com.br\/wp-content\/uploads\/2025\/06\/img_8039-1.jpg 1009w, https:\/\/mlbfrsat7ahr.i.optimole.com\/w:296\/h:300\/q:mauto\/ig:avif\/https:\/\/noticiasnoface.com.br\/wp-content\/uploads\/2025\/06\/img_8039-1.jpg 296w, https:\/\/mlbfrsat7ahr.i.optimole.com\/w:768\/h:780\/q:mauto\/ig:avif\/https:\/\/noticiasnoface.com.br\/wp-content\/uploads\/2025\/06\/img_8039-1.jpg 768w, https:\/\/mlbfrsat7ahr.i.optimole.com\/w:1063\/h:1080\/q:mauto\/ig:avif\/https:\/\/noticiasnoface.com.br\/wp-content\/uploads\/2025\/06\/img_8039-1.jpg 1320w\" sizes=\"(max-width: 1000px) 100vw, 1000px\" \/><\/figure>\n\n\n\n<p>\u200b<\/p>\n\n\n\n<h2 class=\"wp-block-heading subhead\">Informa\u00e7\u00e3o foi passada pela Meta ao STF sobre perfil que teria sido usado por delator para conversar com advogado<\/h2>\n\n\n\n<p>23\/06\/25 \u00e0s 18:59&nbsp;|&nbsp;Atualizado&nbsp;23\/06\/25 \u00e0s 20:17<\/p>\n\n\n\n<p>ouvir not\u00edcia<\/p>\n\n\n\n<p>0:00&nbsp;1.0x<\/p>\n\n\n\n<p>A&nbsp;<strong>Meta<\/strong>&nbsp;informou ao Supremo Tribunal Federal (<strong>STF<\/strong>) que a conta&nbsp;<strong>&#8220;@gabrielar702\u201d<\/strong>&nbsp;foi criada no Instagram com um e-mail em nome do tenente-coronel<strong>&nbsp;Mauro Cid<\/strong>. O ex-ajudante de ordens de&nbsp;<strong>Jair Bolsonaro<\/strong>&nbsp;(PL) teria utilizado este perfil para conversar com o advogado&nbsp;<strong>Eduardo Kuntz<\/strong>&nbsp;sobre o seu acordo de colabora\u00e7\u00e3o premiada.<\/p>\n\n\n\n<p>O ministro&nbsp;<strong>Alexandre de Moraes<\/strong>&nbsp;retirou, nesta segunda-feira (23), o sigilo das repostas enviadas semana passada&nbsp;<strong>pela Meta e pelo Google<\/strong>.<\/p>\n\n\n\n<p>De acordo com Meta, o perfil &#8220;<a href=\"https:\/\/www.cnnbrasil.com.br\/politica\/cid-teria-enviado-selfie-para-provar-que-usava-perfil-em-rede-social\/\" target=\"_blank\" rel=\"noopener\">@gabrielar702<\/a>\u201d utilizou o e-mail<strong>&nbsp;maurocid@gmail.com<\/strong>&nbsp;para validar a conta no Instagram, criada em 19 de janeiro de 2024. J\u00e1 endere\u00e7o eletr\u00f4nico foi criado em 2005, segundo dados do Google.<\/p>\n\n\n\n<p><a href=\"https:\/\/www.cnnbrasil.com.br\/politica\/moraes-manda-meta-abrir-dados-de-perfil-supostamente-ligado-a-cid\/\" target=\"_blank\" rel=\"noopener\">Moraes determinou que as empresas de tecnologia<\/a>&nbsp;fornecessem os dados da conta que, em tese, teria sido usado por<strong>&nbsp;Mauro Cid<\/strong>&nbsp;para trocar mensagens relacionadas ao processo que apura uma suposta trama golpista.<\/p>\n\n\n\n<p>A Meta listou ainda uma s\u00e9rie de IPs que foram usados para acessar a conta&nbsp;<strong>&#8220;@gabrielar702\u201d<\/strong>entre 1\u00ba de maio de 2023 a 13 de junho de 2025, conforme delimitado por Moraes.<\/p>\n\n\n\n<p>A determina\u00e7\u00e3o atendeu a um pedido da defesa de Mauro Cid, ap\u00f3s reportagem da revista Veja dizer que Cid mentiu durante interrogat\u00f3rio no STF. Segundo a publica\u00e7\u00e3o, o tenente-coronel teria usado o perfil @gabrielar702 para comentar sobre o processo em que ele fechou acordo de dela\u00e7\u00e3o premiada.<\/p>\n\n\n\n<p>No interrogat\u00f3rio, questionado por Celso Vilardi, advogado Bolsonaro, o ex-ajudante de ordens respondeu que n\u00e3o tinha conversado com ningu\u00e9m por rede social sobre a dela\u00e7\u00e3o. E ainda afirmou que n\u00e3o reconhecia o perfil&nbsp;<strong>&#8220;@gabrielar702\u201d<\/strong>&nbsp;como sendo de sua mulher.<\/p>\n\n\n\n<p>Ap\u00f3s a publica\u00e7\u00e3o da revista, a defesa de Mauro Cid negou a autoria das mensagens e disse que a reportagem apresenta<strong>&nbsp;&#8220;falsidade grotesca&#8221;<\/strong>. Os advogados do ex-ajudante de ordens de&nbsp;<a href=\"https:\/\/www.cnnbrasil.com.br\/politica\/bolsonaro-posta-fotos-com-trump-e-netanyahu-apos-ataque-dos-eua-ao-ira\/\" target=\"_blank\" rel=\"noopener\">Bolsonaro<\/a>&nbsp;pediram ao relator que fosse aberta uma investiga\u00e7\u00e3o sobre o perfil.<\/p>\n\n\n\n<p>Na semana passada, o advogado<strong>&nbsp;Eduardo Kuntz<\/strong>, que representa o coronel da reserva Marcelo C\u00e2mara, informou ao STF que era o interlocutor das conversas atribu\u00eddas a Cid.<\/p>\n\n\n\n<p>Ap\u00f3s o epis\u00f3dio,&nbsp;<a href=\"https:\/\/www.cnnbrasil.com.br\/blogs\/luisa-martins\/politica\/moraes-determina-prisao-de-marcelo-camara\/\" target=\"_blank\" rel=\"noopener\">Moraes determinou a pris\u00e3o de C\u00e2mara por descumprir medidas cautelares<\/a>. Ele era proibido de falar com outros investigados, mesmo que por interm\u00e9dio de outras pessoas.<\/p>\n\n\n\n<p>O ministro ainda determinou abertura de inqu\u00e9rito contra o advogado Eduardo Kuntz. Moraes observou que Kuntz teve &#8220;conversas realizadas pelo Instagram e por meio de contatos pessoais na Sociedade H\u00edpica de Bras\u00edlia&#8221; no per\u00edodo em que C\u00e2mara estava preso.<\/p>\n\n\n\n<p>A&nbsp;<strong>CNN<\/strong>&nbsp;tenta contato com a defesa de Cid para comentar o caso.<\/p>\n\n\n\n<p><\/p>\n","protected":false},"excerpt":{"rendered":"<p>&nbsp; \u200b Informa\u00e7\u00e3o foi passada pela Meta ao STF sobre perfil que teria sido usado por delator para conversar com [&hellip;]<\/p>\n","protected":false},"author":1,"featured_media":0,"comment_status":"closed","ping_status":"","sticky":false,"template":"","format":"image","meta":{"site-sidebar-layout":"default","site-content-layout":"","ast-site-content-layout":"default","site-content-style":"default","site-sidebar-style":"default","ast-global-header-display":"","ast-banner-title-visibility":"","ast-main-header-display":"","ast-hfb-above-header-display":"","ast-hfb-below-header-display":"","ast-hfb-mobile-header-display":"","site-post-title":"","ast-breadcrumbs-content":"","ast-featured-img":"","footer-sml-layout":"","ast-disable-related-posts":"","theme-transparent-header-meta":"","adv-header-id-meta":"","stick-header-meta":"","header-above-stick-meta":"","header-main-stick-meta":"","header-below-stick-meta":"","astra-migrate-meta-layouts":"default","ast-page-background-enabled":"default","ast-page-background-meta":{"desktop":{"background-color":"var(--ast-global-color-4)","background-image":"","background-repeat":"repeat","background-position":"center center","background-size":"auto","background-attachment":"scroll","background-type":"","background-media":"","overlay-type":"","overlay-color":"","overlay-opacity":"","overlay-gradient":""},"tablet":{"background-color":"","background-image":"","background-repeat":"repeat","background-position":"center center","background-size":"auto","background-attachment":"scroll","background-type":"","background-media":"","overlay-type":"","overlay-color":"","overlay-opacity":"","overlay-gradient":""},"mobile":{"background-color":"","background-image":"","background-repeat":"repeat","background-position":"center center","background-size":"auto","background-attachment":"scroll","background-type":"","background-media":"","overlay-type":"","overlay-color":"","overlay-opacity":"","overlay-gradient":""}},"ast-content-background-meta":{"desktop":{"background-color":"var(--ast-global-color-5)","background-image":"","background-repeat":"repeat","background-position":"center center","background-size":"auto","background-attachment":"scroll","background-type":"","background-media":"","overlay-type":"","overlay-color":"","overlay-opacity":"","overlay-gradient":""},"tablet":{"background-color":"var(--ast-global-color-5)","background-image":"","background-repeat":"repeat","background-position":"center center","background-size":"auto","background-attachment":"scroll","background-type":"","background-media":"","overlay-type":"","overlay-color":"","overlay-opacity":"","overlay-gradient":""},"mobile":{"background-color":"var(--ast-global-color-5)","background-image":"","background-repeat":"repeat","background-position":"center center","background-size":"auto","background-attachment":"scroll","background-type":"","background-media":"","overlay-type":"","overlay-color":"","overlay-opacity":"","overlay-gradient":""}},"footnotes":""},"categories":[517],"tags":[],"class_list":["post-28692","post","type-post","status-publish","format-image","hentry","category-aconteceu","post_format-post-format-image"],"_links":{"self":[{"href":"https:\/\/noticiasnoface.com.br\/index.php\/wp-json\/wp\/v2\/posts\/28692","targetHints":{"allow":["GET"]}}],"collection":[{"href":"https:\/\/noticiasnoface.com.br\/index.php\/wp-json\/wp\/v2\/posts"}],"about":[{"href":"https:\/\/noticiasnoface.com.br\/index.php\/wp-json\/wp\/v2\/types\/post"}],"author":[{"embeddable":true,"href":"https:\/\/noticiasnoface.com.br\/index.php\/wp-json\/wp\/v2\/users\/1"}],"replies":[{"embeddable":true,"href":"https:\/\/noticiasnoface.com.br\/index.php\/wp-json\/wp\/v2\/comments?post=28692"}],"version-history":[{"count":1,"href":"https:\/\/noticiasnoface.com.br\/index.php\/wp-json\/wp\/v2\/posts\/28692\/revisions"}],"predecessor-version":[{"id":28693,"href":"https:\/\/noticiasnoface.com.br\/index.php\/wp-json\/wp\/v2\/posts\/28692\/revisions\/28693"}],"wp:attachment":[{"href":"https:\/\/noticiasnoface.com.br\/index.php\/wp-json\/wp\/v2\/media?parent=28692"}],"wp:term":[{"taxonomy":"category","embeddable":true,"href":"https:\/\/noticiasnoface.com.br\/index.php\/wp-json\/wp\/v2\/categories?post=28692"},{"taxonomy":"post_tag","embeddable":true,"href":"https:\/\/noticiasnoface.com.br\/index.php\/wp-json\/wp\/v2\/tags?post=28692"}],"curies":[{"name":"wp","href":"https:\/\/api.w.org\/{rel}","templated":true}]}}