{"id":28698,"date":"2025-06-23T22:07:37","date_gmt":"2025-06-24T01:07:37","guid":{"rendered":"https:\/\/noticiasnoface.com.br\/?p=28698"},"modified":"2025-06-23T22:07:37","modified_gmt":"2025-06-24T01:07:37","slug":"cei-dos-planos-de-saude-pedira-conducao-coercitiva-de-operadoras","status":"publish","type":"post","link":"https:\/\/noticiasnoface.com.br\/index.php\/2025\/06\/23\/cei-dos-planos-de-saude-pedira-conducao-coercitiva-de-operadoras\/","title":{"rendered":"CEI dos Planos de Sa\u00fade pedir\u00e1 condu\u00e7\u00e3o coercitiva de operadoras&nbsp;"},"content":{"rendered":"\n<figure class=\"wp-block-image foto-noticia\"><img data-opt-id=994716028  fetchpriority=\"high\" decoding=\"async\" src=\"https:\/\/www.cmnat.rn.gov.br\/_ups\/noticias\/2025\/06\/23\/3ab85c7c791407ea8aa07c4afd3d7cdd.jpg\" alt=\"\"\/><\/figure>\n\n\n\n<p>Nesta segunda-feira (23), a Comiss\u00e3o Especial de Inqu\u00e9rito (CEI) que apura negativas de atendimento a pessoas com Transtorno do Espectro Autista (TEA) por operadoras de planos de sa\u00fade em Natal decidiu acionar o Poder Judici\u00e1rio para solicitar a condu\u00e7\u00e3o coercitiva dos representantes das empresas Hapvida e Humana Sa\u00fade. Ambas foram convocadas para prestar esclarecimentos \u00e0 comiss\u00e3o, mas n\u00e3o compareceram nem justificaram a aus\u00eancia.<\/p>\n\n\n\n<p>Segundo o presidente da CEI, vereador Kleber Fernandes (PSDB), a aus\u00eancia sem justificativa caracteriza afronta ao Poder Legislativo e, principalmente, desrespeito aos consumidores. \u201cEsta Casa Legislativa n\u00e3o se calar\u00e1 diante das reiteradas afrontas e desrespeitos. S\u00e3o in\u00fameras den\u00fancias de descredenciamento de cl\u00ednicas, negativas de autoriza\u00e7\u00e3o e descaso generalizado com fam\u00edlias que lutam para garantir o tratamento de seus filhos. A judicializa\u00e7\u00e3o \u00e9 necess\u00e1ria diante do sil\u00eancio das operadoras\u201d, declarou.<\/p>\n\n\n\n<p>A \u00fanica operadora que apresentou justificativa foi a Unimed Natal, que solicitou o reaprazamento de sua oitiva em raz\u00e3o de mudan\u00e7as recentes na diretoria. O pedido foi aceito pela comiss\u00e3o, e a pr\u00f3xima reuni\u00e3o ficou marcada para o dia 6 de agosto, quando os novos gestores da Unimed dever\u00e3o se apresentar.<\/p>\n\n\n\n<p>O vice-presidente da comiss\u00e3o, vereador Daniel Santiago (PP), criticou duramente o comportamento das operadoras. \u201cSe eles desrespeitam uma convoca\u00e7\u00e3o assinada por 28 dos 29 vereadores, imagina o que fazem com essas crian\u00e7as e essas fam\u00edlias. Estamos respaldados pelo povo, e a Procuradoria da Casa j\u00e1 est\u00e1 encaminhando a judicializa\u00e7\u00e3o para garantir a condu\u00e7\u00e3o coercitiva\u201d, afirmou.<\/p>\n\n\n\n<p>A CEI dos Planos de Sa\u00fade foi instalada em 10 de junho com base em den\u00fancias recorrentes de pais e m\u00e3es at\u00edpicos sobre negativas ilegais no custeio e fornecimento de terapias por planos de sa\u00fade. A comiss\u00e3o \u00e9 composta pelos vereadores Kleber Fernandes (PSDB), Daniel Santiago (PP), T\u00e9rcio Tinoco (Uni\u00e3o Brasil), Th\u00e1bata Pimenta (PSOL) e Herberth Sena (PV).<\/p>\n\n\n\n<p>Antes da instala\u00e7\u00e3o da CEI, a Comiss\u00e3o de Defesa do Consumidor da C\u00e2mara Municipal realizou uma audi\u00eancia p\u00fablica para discutir as negativas de cobertura de tratamentos para pessoas com Transtorno do Espectro Autista por parte das operadoras de planos de sa\u00fade. Apesar de devidamente convidadas, nenhuma das empresas compareceu ao debate, o que gerou forte repercuss\u00e3o entre os parlamentares e levou \u00e0 cria\u00e7\u00e3o da Comiss\u00e3o Especial de Inqu\u00e9rito, com apoio de 28 dos 29 vereadores da Casa. A convoca\u00e7\u00e3o para a oitiva realizada nesta segunda-feira (23) foi um desdobramento direto daquela audi\u00eancia, com o objetivo de ouvir formalmente as operadoras sobre os casos denunciados.<\/p>\n\n\n\n<p>Texto: Ilana Albuquerque&nbsp;<br \/>Fotos: Ver\u00f4nica Macedo<\/p>\n","protected":false},"excerpt":{"rendered":"<p>Nesta segunda-feira (23), a Comiss\u00e3o Especial de Inqu\u00e9rito (CEI) que apura negativas de atendimento a pessoas com Transtorno do Espectro [&hellip;]<\/p>\n","protected":false},"author":1,"featured_media":0,"comment_status":"closed","ping_status":"","sticky":false,"template":"","format":"image","meta":{"site-sidebar-layout":"default","site-content-layout":"","ast-site-content-layout":"default","site-content-style":"default","site-sidebar-style":"default","ast-global-header-display":"","ast-banner-title-visibility":"","ast-main-header-display":"","ast-hfb-above-header-display":"","ast-hfb-below-header-display":"","ast-hfb-mobile-header-display":"","site-post-title":"","ast-breadcrumbs-content":"","ast-featured-img":"","footer-sml-layout":"","ast-disable-related-posts":"","theme-transparent-header-meta":"","adv-header-id-meta":"","stick-header-meta":"","header-above-stick-meta":"","header-main-stick-meta":"","header-below-stick-meta":"","astra-migrate-meta-layouts":"default","ast-page-background-enabled":"default","ast-page-background-meta":{"desktop":{"background-color":"var(--ast-global-color-4)","background-image":"","background-repeat":"repeat","background-position":"center center","background-size":"auto","background-attachment":"scroll","background-type":"","background-media":"","overlay-type":"","overlay-color":"","overlay-opacity":"","overlay-gradient":""},"tablet":{"background-color":"","background-image":"","background-repeat":"repeat","background-position":"center center","background-size":"auto","background-attachment":"scroll","background-type":"","background-media":"","overlay-type":"","overlay-color":"","overlay-opacity":"","overlay-gradient":""},"mobile":{"background-color":"","background-image":"","background-repeat":"repeat","background-position":"center center","background-size":"auto","background-attachment":"scroll","background-type":"","background-media":"","overlay-type":"","overlay-color":"","overlay-opacity":"","overlay-gradient":""}},"ast-content-background-meta":{"desktop":{"background-color":"var(--ast-global-color-5)","background-image":"","background-repeat":"repeat","background-position":"center center","background-size":"auto","background-attachment":"scroll","background-type":"","background-media":"","overlay-type":"","overlay-color":"","overlay-opacity":"","overlay-gradient":""},"tablet":{"background-color":"var(--ast-global-color-5)","background-image":"","background-repeat":"repeat","background-position":"center center","background-size":"auto","background-attachment":"scroll","background-type":"","background-media":"","overlay-type":"","overlay-color":"","overlay-opacity":"","overlay-gradient":""},"mobile":{"background-color":"var(--ast-global-color-5)","background-image":"","background-repeat":"repeat","background-position":"center center","background-size":"auto","background-attachment":"scroll","background-type":"","background-media":"","overlay-type":"","overlay-color":"","overlay-opacity":"","overlay-gradient":""}},"footnotes":""},"categories":[3816],"tags":[],"class_list":["post-28698","post","type-post","status-publish","format-image","hentry","category-camara-municipal-de-natal","post_format-post-format-image"],"_links":{"self":[{"href":"https:\/\/noticiasnoface.com.br\/index.php\/wp-json\/wp\/v2\/posts\/28698","targetHints":{"allow":["GET"]}}],"collection":[{"href":"https:\/\/noticiasnoface.com.br\/index.php\/wp-json\/wp\/v2\/posts"}],"about":[{"href":"https:\/\/noticiasnoface.com.br\/index.php\/wp-json\/wp\/v2\/types\/post"}],"author":[{"embeddable":true,"href":"https:\/\/noticiasnoface.com.br\/index.php\/wp-json\/wp\/v2\/users\/1"}],"replies":[{"embeddable":true,"href":"https:\/\/noticiasnoface.com.br\/index.php\/wp-json\/wp\/v2\/comments?post=28698"}],"version-history":[{"count":1,"href":"https:\/\/noticiasnoface.com.br\/index.php\/wp-json\/wp\/v2\/posts\/28698\/revisions"}],"predecessor-version":[{"id":28699,"href":"https:\/\/noticiasnoface.com.br\/index.php\/wp-json\/wp\/v2\/posts\/28698\/revisions\/28699"}],"wp:attachment":[{"href":"https:\/\/noticiasnoface.com.br\/index.php\/wp-json\/wp\/v2\/media?parent=28698"}],"wp:term":[{"taxonomy":"category","embeddable":true,"href":"https:\/\/noticiasnoface.com.br\/index.php\/wp-json\/wp\/v2\/categories?post=28698"},{"taxonomy":"post_tag","embeddable":true,"href":"https:\/\/noticiasnoface.com.br\/index.php\/wp-json\/wp\/v2\/tags?post=28698"}],"curies":[{"name":"wp","href":"https:\/\/api.w.org\/{rel}","templated":true}]}}