{"id":28704,"date":"2025-06-24T22:57:44","date_gmt":"2025-06-25T01:57:44","guid":{"rendered":"https:\/\/noticiasnoface.com.br\/?p=28704"},"modified":"2025-06-24T22:57:44","modified_gmt":"2025-06-25T01:57:44","slug":"apos-casamento-marido-de-giovanna-lancellotti-revela-planos-de-lua-de-mel","status":"publish","type":"post","link":"https:\/\/noticiasnoface.com.br\/index.php\/2025\/06\/24\/apos-casamento-marido-de-giovanna-lancellotti-revela-planos-de-lua-de-mel\/","title":{"rendered":"Ap\u00f3s casamento, marido de Giovanna Lancellotti revela planos de lua de mel"},"content":{"rendered":"\n<p>&nbsp;<\/p>\n\n\n\n<p>\u200b<\/p>\n\n\n\n<h2 class=\"wp-block-heading subhead\">Atriz oficializou uni\u00e3o com Gabriel David no Rio de Janeiro, no \u00faltimo fim de semana<\/h2>\n\n\n\n<p>24\/06\/25 \u00e0s 22:53&nbsp;|&nbsp;Atualizado&nbsp;24\/06\/25 \u00e0s 22:53<\/p>\n\n\n\n<figure class=\"wp-block-image\"><img data-opt-id=963152214  fetchpriority=\"high\" decoding=\"async\" src=\"https:\/\/admin.cnnbrasil.com.br\/wp-content\/uploads\/sites\/12\/2025\/06\/marido-lancellotti.jpg?w=419&amp;h=283&amp;crop=0\" alt=\"\"\/><figcaption class=\"wp-element-caption\">Giovanna Lancellotti e Gabriel David est\u00e3o juntos desde 2021&nbsp; \u2022&nbsp;Instagram\/Giovanna Lancellotti<\/figcaption><\/figure>\n\n\n\n<p>ouvir not\u00edcia<\/p>\n\n\n\n<p>0:00&nbsp;1.0x<\/p>\n\n\n\n<p>O empres\u00e1rio&nbsp;<strong>Gabriel David<\/strong>, 27, que se casou no \u00faltimo fim de semana com a atriz&nbsp;<strong>Giovanna Lancellotti<\/strong>, 32, falou nesta ter\u00e7a-feira (24) sobre os planos de lua de mel do casal.<\/p>\n\n\n\n<p>Segundo ele, a viagem rom\u00e2ntica que precede o cas\u00f3rio deve acontecer nos pr\u00f3ximos meses devido aos trabalhos atuais de ambos.<\/p>\n\n\n\n<p>&#8220;Infelizmente,&nbsp;<strong>n\u00e3o vai ser agora<\/strong>. A Giovanna segue trabalhando, ela est\u00e1 no meio da novela. Ela tem bastante tempo de trabalho, eu tamb\u00e9m tenho uns trabalhos&#8221;, explicou Gabriel David.<\/p>\n\n\n\n<p>Ao responder perguntas dos internautas, o empres\u00e1rio falou sobre o casamento, que aconteceu no Rio de Janeiro, e tamb\u00e9m sobre o segundo cas\u00f3rio com&nbsp;<a href=\"https:\/\/www.cnnbrasil.com.br\/entretenimento\/giovanna-lancellotti-posta-fotos-ineditas-de-casamento-magia-acontecendo\/\" target=\"_blank\" rel=\"noopener\">Giovanna Lancellotti<\/a>, na cidade natal dela, S\u00e3o Jo\u00e3o da Boa Vista (SP).<\/p>\n\n\n\n<p>&#8220;Cabiam poucas pessoas, a gente chamou de fato ali pessoas que vivem no nosso dia a dia, nossas fam\u00edlias. N\u00e3o deu nem para chamar todo mundo&#8221;, contou ele sobre a&nbsp;<a href=\"https:\/\/www.cnnbrasil.com.br\/entretenimento\/saiba-como-foi-o-casamento-de-giovanna-lancellotti-com-presidente-da-liesa\/\" target=\"_blank\" rel=\"noopener\">cerim\u00f4nia aos p\u00e9s do Cristo Redentor<\/a>.<\/p>\n\n\n\n<p>&#8220;A gente queria muito fazer uma festa de casamento para comemorar esse momento t\u00e3o importante das nossas vidas. E vai acontecer nos pr\u00f3ximos dias&#8221;, acrescentou.<\/p>\n\n\n\n<p>Gabriel David,&nbsp;<a href=\"https:\/\/www.cnnbrasil.com.br\/entretenimento\/conheca-gabriel-david-marido-de-giovanna-lancellotti-e-presidente-da-liesa\/\" target=\"_blank\" rel=\"noopener\">atual presidente da Liga Independente das Escolas de Samba do Rio de Janeiro (Liesa),<\/a>&nbsp;e a atriz de &#8220;Dona de Mim&#8221;&nbsp;<a href=\"https:\/\/www.cnnbrasil.com.br\/entretenimento\/giovanna-lancellotti-e-gabriel-david-anunciam-noivado-em-viagem-a-tailandia\/#:~:text=A%20atriz%20e%20o%20diretor,e%20%E2%80%9CTemporada%20de%20Ver%C3%A3o%E2%80%9D.\" target=\"_blank\" rel=\"noopener\">anunciaram o noivado em viagem \u00e0 Tail\u00e2ndia em mar\u00e7o do ano passado<\/a>.<\/p>\n\n\n\n<p>O casal est\u00e1&nbsp;<strong>junto desde 2021<\/strong>, mas j\u00e1 eram amigos h\u00e1 algum tempo. A dupla s\u00f3 come\u00e7ou a flertar ap\u00f3s uma ajuda de Pedro Scooby, amigo pr\u00f3ximo do casal.<\/p>\n","protected":false},"excerpt":{"rendered":"<p>&nbsp; \u200b Atriz oficializou uni\u00e3o com Gabriel David no Rio de Janeiro, no \u00faltimo fim de semana 24\/06\/25 \u00e0s 22:53&nbsp;|&nbsp;Atualizado&nbsp;24\/06\/25 [&hellip;]<\/p>\n","protected":false},"author":1,"featured_media":0,"comment_status":"closed","ping_status":"","sticky":false,"template":"","format":"image","meta":{"site-sidebar-layout":"default","site-content-layout":"","ast-site-content-layout":"default","site-content-style":"default","site-sidebar-style":"default","ast-global-header-display":"","ast-banner-title-visibility":"","ast-main-header-display":"","ast-hfb-above-header-display":"","ast-hfb-below-header-display":"","ast-hfb-mobile-header-display":"","site-post-title":"","ast-breadcrumbs-content":"","ast-featured-img":"","footer-sml-layout":"","ast-disable-related-posts":"","theme-transparent-header-meta":"","adv-header-id-meta":"","stick-header-meta":"","header-above-stick-meta":"","header-main-stick-meta":"","header-below-stick-meta":"","astra-migrate-meta-layouts":"default","ast-page-background-enabled":"default","ast-page-background-meta":{"desktop":{"background-color":"var(--ast-global-color-4)","background-image":"","background-repeat":"repeat","background-position":"center center","background-size":"auto","background-attachment":"scroll","background-type":"","background-media":"","overlay-type":"","overlay-color":"","overlay-opacity":"","overlay-gradient":""},"tablet":{"background-color":"","background-image":"","background-repeat":"repeat","background-position":"center center","background-size":"auto","background-attachment":"scroll","background-type":"","background-media":"","overlay-type":"","overlay-color":"","overlay-opacity":"","overlay-gradient":""},"mobile":{"background-color":"","background-image":"","background-repeat":"repeat","background-position":"center center","background-size":"auto","background-attachment":"scroll","background-type":"","background-media":"","overlay-type":"","overlay-color":"","overlay-opacity":"","overlay-gradient":""}},"ast-content-background-meta":{"desktop":{"background-color":"var(--ast-global-color-5)","background-image":"","background-repeat":"repeat","background-position":"center center","background-size":"auto","background-attachment":"scroll","background-type":"","background-media":"","overlay-type":"","overlay-color":"","overlay-opacity":"","overlay-gradient":""},"tablet":{"background-color":"var(--ast-global-color-5)","background-image":"","background-repeat":"repeat","background-position":"center center","background-size":"auto","background-attachment":"scroll","background-type":"","background-media":"","overlay-type":"","overlay-color":"","overlay-opacity":"","overlay-gradient":""},"mobile":{"background-color":"var(--ast-global-color-5)","background-image":"","background-repeat":"repeat","background-position":"center center","background-size":"auto","background-attachment":"scroll","background-type":"","background-media":"","overlay-type":"","overlay-color":"","overlay-opacity":"","overlay-gradient":""}},"footnotes":""},"categories":[517],"tags":[],"class_list":["post-28704","post","type-post","status-publish","format-image","hentry","category-aconteceu","post_format-post-format-image"],"_links":{"self":[{"href":"https:\/\/noticiasnoface.com.br\/index.php\/wp-json\/wp\/v2\/posts\/28704","targetHints":{"allow":["GET"]}}],"collection":[{"href":"https:\/\/noticiasnoface.com.br\/index.php\/wp-json\/wp\/v2\/posts"}],"about":[{"href":"https:\/\/noticiasnoface.com.br\/index.php\/wp-json\/wp\/v2\/types\/post"}],"author":[{"embeddable":true,"href":"https:\/\/noticiasnoface.com.br\/index.php\/wp-json\/wp\/v2\/users\/1"}],"replies":[{"embeddable":true,"href":"https:\/\/noticiasnoface.com.br\/index.php\/wp-json\/wp\/v2\/comments?post=28704"}],"version-history":[{"count":1,"href":"https:\/\/noticiasnoface.com.br\/index.php\/wp-json\/wp\/v2\/posts\/28704\/revisions"}],"predecessor-version":[{"id":28705,"href":"https:\/\/noticiasnoface.com.br\/index.php\/wp-json\/wp\/v2\/posts\/28704\/revisions\/28705"}],"wp:attachment":[{"href":"https:\/\/noticiasnoface.com.br\/index.php\/wp-json\/wp\/v2\/media?parent=28704"}],"wp:term":[{"taxonomy":"category","embeddable":true,"href":"https:\/\/noticiasnoface.com.br\/index.php\/wp-json\/wp\/v2\/categories?post=28704"},{"taxonomy":"post_tag","embeddable":true,"href":"https:\/\/noticiasnoface.com.br\/index.php\/wp-json\/wp\/v2\/tags?post=28704"}],"curies":[{"name":"wp","href":"https:\/\/api.w.org\/{rel}","templated":true}]}}