{"id":28706,"date":"2025-06-24T22:58:25","date_gmt":"2025-06-25T01:58:25","guid":{"rendered":"https:\/\/noticiasnoface.com.br\/?p=28706"},"modified":"2025-06-24T22:58:25","modified_gmt":"2025-06-25T01:58:25","slug":"orlando-silva-e-ciro-nogueira-comentam-cenarios-para-2026-apos-pesquisa","status":"publish","type":"post","link":"https:\/\/noticiasnoface.com.br\/index.php\/2025\/06\/24\/orlando-silva-e-ciro-nogueira-comentam-cenarios-para-2026-apos-pesquisa\/","title":{"rendered":"Orlando Silva e Ciro Nogueira comentam cen\u00e1rios para 2026 ap\u00f3s pesquisa"},"content":{"rendered":"\n<p><\/p>\n\n\n\n<p>\u200b<\/p>\n\n\n\n<h2 class=\"wp-block-heading subhead\">Instituto Paran\u00e1 Pesquisas realizou simula\u00e7\u00f5es de segundo turno para as pr\u00f3ximas elei\u00e7\u00f5es<\/h2>\n\n\n\n<p>24\/06\/25 \u00e0s 22:39&nbsp;|&nbsp;Atualizado&nbsp;24\/06\/25 \u00e0s 22:44<\/p>\n\n\n\n<figure class=\"wp-block-image\"><img data-opt-id=174076431  fetchpriority=\"high\" decoding=\"async\" src=\"https:\/\/admin.cnnbrasil.com.br\/wp-content\/uploads\/sites\/12\/2025\/06\/CNN_bde16a.png?w=419&amp;h=283&amp;crop=0\" alt=\"\"\/><figcaption class=\"wp-element-caption\">O deputado Orlando Silva (e) e o senador Ciro Nogueira (d)&nbsp; \u2022&nbsp;Cleia Viana\/C\u00e2mara dos Deputados\/Roque de S\u00e1\/Ag\u00eancia Senado<\/figcaption><\/figure>\n\n\n\n<p>ouvir not\u00edcia<\/p>\n\n\n\n<p>0:00&nbsp;1.0x<\/p>\n\n\n\n<p>Em entrevista ao&nbsp;<strong>CNN Arena<\/strong>, o senador&nbsp;<strong>Ciro Nogueira<\/strong>&nbsp;(PP-PI) e o deputado&nbsp;<strong>Orlando Silva<\/strong>(PCdoB-SP) comentaram, nesta ter\u00e7a-feira (24), os poss\u00edveis cen\u00e1rios para as elei\u00e7\u00f5es de 2026, ap\u00f3s a divulga\u00e7\u00e3o de simula\u00e7\u00f5es de segundo turno ao Planalto feitas pelo instituto&nbsp;<strong>Paran\u00e1 Pesquisas<\/strong>.<\/p>\n\n\n\n<p>Na pesquisa, o&nbsp;presidente da Rep\u00fablica,&nbsp;<strong>Luiz In\u00e1cio Lula da Silva<\/strong>&nbsp;(PT),&nbsp;<a href=\"https:\/\/www.cnnbrasil.com.br\/politica\/parana-pesquisas-lula-empata-com-michelle-eduardo-e-tarcisio-em-2o-turno\/\" target=\"_blank\" rel=\"noopener\">empataria tecnicamente<\/a>&nbsp;com a ex-primeira-dama&nbsp;<strong>Michelle Bolsonaro<\/strong>&nbsp;(PL), com o atual governador de S\u00e3o Paulo,&nbsp;<strong>Tarc\u00edsio de Freitas<\/strong>&nbsp;(Republicanos), e com o deputado licenciado<strong>&nbsp;Eduardo Bolsonaro<\/strong>&nbsp;(PL-SP).<\/p>\n\n\n\n<p>Lula ficaria atr\u00e1s do ex-presidente&nbsp;<strong>Jair Bolsonaro<\/strong>&nbsp;(PL), que est\u00e1 ineleg\u00edvel at\u00e9 2030 ap\u00f3s condena\u00e7\u00f5es do&nbsp;<strong>TSE (Tribunal Superior Eleitoral)<\/strong>.<\/p>\n\n\n\n<h2 class=\"wp-block-heading\">Ciro Nogueira<\/h2>\n\n\n\n<p>Para o senador, &#8220;existe, hoje, um sentimento de&nbsp;<strong>decep\u00e7\u00e3o da popula\u00e7\u00e3o<\/strong>&nbsp;que acreditou no projeto do presidente Lula&#8221;.<\/p>\n\n\n\n<p>Considerando a pesquisa, Ciro acredita que o problema da esquerda \u00e9 o atual chefe do Executivo. &#8220;Ter um l\u00edder que n\u00e3o foi capaz de criar novas lideran\u00e7as, um homem ultrapassado e n\u00e3o tem mais vontade de enfrentar os problemas do pa\u00eds. Hoje o Lula \u00e9 um homem que passa mais tempo fora do pa\u00eds&#8221;, disse.<\/p>\n\n\n\n<p>&#8220;Na vis\u00e3o da esquerda quem deve movimentar a economia \u00e9 o governo,&nbsp;<strong>eles est\u00e3o completamente ultrapassados<\/strong>&nbsp;e deu errado no mundo inteiro&#8221;, destacou.<\/p>\n\n\n\n<p>&#8220;O governo tem que ser o indutor, mas n\u00e3o o respons\u00e1vel pela economia&#8221;, enfatizou.<\/p>\n\n\n\n<p>Quando questionado sobre a direita ter um novo nome, Ciro direcionou a responsabilidade para o ex-presidente e declarou suporte a ele. &#8220;Essa \u00e9 uma escolha que&nbsp;<a href=\"https:\/\/www.cnnbrasil.com.br\/politica\/bolsonaro-nao-tentou-atrapalhar-transicao-de-governo-diz-ciro-ao-stf\/\" target=\"_blank\" rel=\"noopener\">cabe ao Bolsonaro<\/a>&nbsp;e ele contar\u00e1 conosco nesse apoio.&#8221;<\/p>\n\n\n\n<p>Ainda de acordo com o deputado, as elei\u00e7\u00f5es de 2026 s\u00e3o uma oportunidade de agir como os Estados Unidos. &#8220;Para que a gente possa fazer o que aconteceu nos EUA. Em que a popula\u00e7\u00e3o se arrependeu de ter acreditado no [Joe] Biden e&nbsp;<a href=\"https:\/\/www.cnnbrasil.com.br\/internacional\/eleicoes-nos-eua-2024\/donald-trump-toma-posse-como-presidente-dos-estados-unidos\/\" target=\"_blank\" rel=\"noopener\">devolveu o comando do pa\u00eds ao [Donald] Trump<\/a>.&#8221;<\/p>\n\n\n\n<h2 class=\"wp-block-heading\">Orlando Silva<\/h2>\n\n\n\n<p>J\u00e1 o deputado afirmou que as elei\u00e7\u00f5es&nbsp;<strong>&#8220;est\u00e3o muito longe&#8221;<\/strong>, e exp\u00f4s confian\u00e7a para o pr\u00f3ximo ano. &#8220;Primeiro que est\u00e1 muito longe, daqui at\u00e9 a elei\u00e7\u00e3o n\u00f3s temos uma eternidade.&#8221;<\/p>\n\n\n\n<p>&#8220;N\u00f3s temos tempo de projetar a melhoria de vida da popula\u00e7\u00e3o. Estou muito confiante com o resultado. N\u00e3o tenho a menor d\u00favida que vamos construir uma alian\u00e7a pol\u00edtica ampla que d\u00ea suporte a esse esfor\u00e7o de reconstru\u00e7\u00e3o do Brasil&#8221;, comentou.<\/p>\n\n\n\n<p>Segundo Orlando, quando se trata da concorr\u00eancia n\u00e3o existe afli\u00e7\u00e3o. &#8220;Veja quem compete com o Lula \u00e9 ineleg\u00edvel&#8221;, disse, em refer\u00eancia a Bolsonaro.<\/p>\n\n\n\n<p>Orlando avalia as cr\u00edticas ao governo como algo&nbsp;<strong>&#8220;natural&#8221;<\/strong>.<\/p>\n\n\n\n<p>&#8220;\u00c9 natural que a imprensa critique o governo. N\u00e3o me surpreende que o governo n\u00e3o consiga capitalizar tudo que tenha realizado&#8221;, citou.<\/p>\n\n\n\n<p>&#8220;Se as pesquisas apontam insatisfa\u00e7\u00e3o por parte da popula\u00e7\u00e3o \u00e9 necess\u00e1rio que haja humildade por parte do governo&#8221;, acrescentou.<\/p>\n\n\n\n<p><em>*Sob supervis\u00e3o de Douglas Porto<\/em><\/p>\n","protected":false},"excerpt":{"rendered":"<p>\u200b Instituto Paran\u00e1 Pesquisas realizou simula\u00e7\u00f5es de segundo turno para as pr\u00f3ximas elei\u00e7\u00f5es 24\/06\/25 \u00e0s 22:39&nbsp;|&nbsp;Atualizado&nbsp;24\/06\/25 \u00e0s 22:44 ouvir not\u00edcia [&hellip;]<\/p>\n","protected":false},"author":1,"featured_media":0,"comment_status":"closed","ping_status":"","sticky":false,"template":"","format":"image","meta":{"site-sidebar-layout":"default","site-content-layout":"","ast-site-content-layout":"default","site-content-style":"default","site-sidebar-style":"default","ast-global-header-display":"","ast-banner-title-visibility":"","ast-main-header-display":"","ast-hfb-above-header-display":"","ast-hfb-below-header-display":"","ast-hfb-mobile-header-display":"","site-post-title":"","ast-breadcrumbs-content":"","ast-featured-img":"","footer-sml-layout":"","ast-disable-related-posts":"","theme-transparent-header-meta":"","adv-header-id-meta":"","stick-header-meta":"","header-above-stick-meta":"","header-main-stick-meta":"","header-below-stick-meta":"","astra-migrate-meta-layouts":"default","ast-page-background-enabled":"default","ast-page-background-meta":{"desktop":{"background-color":"var(--ast-global-color-4)","background-image":"","background-repeat":"repeat","background-position":"center center","background-size":"auto","background-attachment":"scroll","background-type":"","background-media":"","overlay-type":"","overlay-color":"","overlay-opacity":"","overlay-gradient":""},"tablet":{"background-color":"","background-image":"","background-repeat":"repeat","background-position":"center center","background-size":"auto","background-attachment":"scroll","background-type":"","background-media":"","overlay-type":"","overlay-color":"","overlay-opacity":"","overlay-gradient":""},"mobile":{"background-color":"","background-image":"","background-repeat":"repeat","background-position":"center center","background-size":"auto","background-attachment":"scroll","background-type":"","background-media":"","overlay-type":"","overlay-color":"","overlay-opacity":"","overlay-gradient":""}},"ast-content-background-meta":{"desktop":{"background-color":"var(--ast-global-color-5)","background-image":"","background-repeat":"repeat","background-position":"center center","background-size":"auto","background-attachment":"scroll","background-type":"","background-media":"","overlay-type":"","overlay-color":"","overlay-opacity":"","overlay-gradient":""},"tablet":{"background-color":"var(--ast-global-color-5)","background-image":"","background-repeat":"repeat","background-position":"center center","background-size":"auto","background-attachment":"scroll","background-type":"","background-media":"","overlay-type":"","overlay-color":"","overlay-opacity":"","overlay-gradient":""},"mobile":{"background-color":"var(--ast-global-color-5)","background-image":"","background-repeat":"repeat","background-position":"center center","background-size":"auto","background-attachment":"scroll","background-type":"","background-media":"","overlay-type":"","overlay-color":"","overlay-opacity":"","overlay-gradient":""}},"footnotes":""},"categories":[517],"tags":[],"class_list":["post-28706","post","type-post","status-publish","format-image","hentry","category-aconteceu","post_format-post-format-image"],"_links":{"self":[{"href":"https:\/\/noticiasnoface.com.br\/index.php\/wp-json\/wp\/v2\/posts\/28706","targetHints":{"allow":["GET"]}}],"collection":[{"href":"https:\/\/noticiasnoface.com.br\/index.php\/wp-json\/wp\/v2\/posts"}],"about":[{"href":"https:\/\/noticiasnoface.com.br\/index.php\/wp-json\/wp\/v2\/types\/post"}],"author":[{"embeddable":true,"href":"https:\/\/noticiasnoface.com.br\/index.php\/wp-json\/wp\/v2\/users\/1"}],"replies":[{"embeddable":true,"href":"https:\/\/noticiasnoface.com.br\/index.php\/wp-json\/wp\/v2\/comments?post=28706"}],"version-history":[{"count":1,"href":"https:\/\/noticiasnoface.com.br\/index.php\/wp-json\/wp\/v2\/posts\/28706\/revisions"}],"predecessor-version":[{"id":28707,"href":"https:\/\/noticiasnoface.com.br\/index.php\/wp-json\/wp\/v2\/posts\/28706\/revisions\/28707"}],"wp:attachment":[{"href":"https:\/\/noticiasnoface.com.br\/index.php\/wp-json\/wp\/v2\/media?parent=28706"}],"wp:term":[{"taxonomy":"category","embeddable":true,"href":"https:\/\/noticiasnoface.com.br\/index.php\/wp-json\/wp\/v2\/categories?post=28706"},{"taxonomy":"post_tag","embeddable":true,"href":"https:\/\/noticiasnoface.com.br\/index.php\/wp-json\/wp\/v2\/tags?post=28706"}],"curies":[{"name":"wp","href":"https:\/\/api.w.org\/{rel}","templated":true}]}}