{"id":28716,"date":"2025-06-25T22:55:09","date_gmt":"2025-06-26T01:55:09","guid":{"rendered":"https:\/\/noticiasnoface.com.br\/?p=28716"},"modified":"2025-06-25T22:55:09","modified_gmt":"2025-06-26T01:55:09","slug":"ldo-2026-e-aprovada-em-reuniao-conjunta-das-comissoes-de-justica-e-financas","status":"publish","type":"post","link":"https:\/\/noticiasnoface.com.br\/index.php\/2025\/06\/25\/ldo-2026-e-aprovada-em-reuniao-conjunta-das-comissoes-de-justica-e-financas\/","title":{"rendered":"LDO 2026 \u00e9 aprovada em reuni\u00e3o conjunta das comiss\u00f5es de Justi\u00e7a e Finan\u00e7as&nbsp;"},"content":{"rendered":"\n<figure class=\"wp-block-image foto-noticia\"><img data-opt-id=705233923  fetchpriority=\"high\" decoding=\"async\" src=\"https:\/\/www.cmnat.rn.gov.br\/_ups\/noticias\/2025\/06\/25\/a6e4b239a8fe228e14375f6b71808475.jpeg\" alt=\"\"\/><\/figure>\n\n\n\n<p>Nesta quarta-feira (25), as comiss\u00f5es de Legisla\u00e7\u00e3o, Justi\u00e7a e Reda\u00e7\u00e3o Final e de Finan\u00e7as, Or\u00e7amento, Controle e Fiscaliza\u00e7\u00e3o da C\u00e2mara Municipal de Natal realizaram uma reuni\u00e3o conjunta nesta para apreciar e votar projetos de lei encaminhados pelo Executivo e os parlamentares da Casa. A inten\u00e7\u00e3o da iniciativa foi oferecer celeridade ao tr\u00e2mite das proposi\u00e7\u00f5es, fazendo com que todas as mat\u00e9rias aprovadas nas duas comiss\u00f5es estejam aptas para vota\u00e7\u00e3o no plen\u00e1rio.<\/p>\n\n\n\n<p>Ao todo, dez projetos de lei receberam parecer favor\u00e1vel dos dois colegiados. Destaque para o PL 278\/2025 do Executivo sobre a Lei de Diretrizes Or\u00e7ament\u00e1rias (LDO 2026), aprovado com 23 emendas parlamentares apresentadas \u00e0 reda\u00e7\u00e3o final da mat\u00e9ria. &#8220;O pr\u00f3ximo passo \u00e9 a an\u00e1lise do aspecto constitucional das emendas. J\u00e1 a tarefa de consensualizar essas propostas ser\u00e1 feita pelo governo. Dito isso, votaremos amanh\u00e3 a LDO com as emendas encartadas deliberadas pelas comiss\u00f5es&#8221;, informou o presidente da Comiss\u00e3o de Justi\u00e7a, vereador Aldo Clemente (PSDB).<\/p>\n\n\n\n<p>A Lei de Diretrizes Or\u00e7ament\u00e1rias estabelece quais ser\u00e3o as prioridades para o or\u00e7amento do ano seguinte, tendo como principal objetivo a orienta\u00e7\u00e3o e a elabora\u00e7\u00e3o da Lei Or\u00e7ament\u00e1ria Anual (LOA). Ela garante que as despesas estejam alinhadas com as metas do governo. A LDO tamb\u00e9m define as regras para a gest\u00e3o or\u00e7ament\u00e1ria e financeira, incluindo limites para gastos, crit\u00e9rios para distribui\u00e7\u00e3o dos recursos entre as diferentes \u00e1reas e a forma de controle dos gastos p\u00fablicos. Sua import\u00e2ncia \u00e9 garantir transpar\u00eancia e efici\u00eancia na utiliza\u00e7\u00e3o dos recursos, al\u00e9m de assegurar que as a\u00e7\u00f5es governamentais atendam \u00e0s necessidades da popula\u00e7\u00e3o de maneira eficaz e respons\u00e1vel.<\/p>\n\n\n\n<p>Por sua vez, a vereadora Brisa Bracchi (PT) ressaltou a aprova\u00e7\u00e3o do PL 479\/2025 de sua autoria que denomina de \u201cJacqueline Brasil\u201d o Centro Municipal de Cidadania LGBT de Natal. &#8220;Jaqueline Brasil fez sua passagem ontem e recebemos essa not\u00edcia com muita tristeza. Foi uma pioneira incans\u00e1vel, uma militante hist\u00f3rica cuja vida se traduziu em resist\u00eancia e transforma\u00e7\u00e3o. Enfrentou o preconceito, a exclus\u00e3o e o silenciamento com coragem e dignidade inabal\u00e1veis. Diante de uma perda t\u00e3o significativa, resta necess\u00e1rio que sua mem\u00f3ria, hist\u00f3ria e lutas sejam eternizadas em um dos equipamentos p\u00fablicos que foi idealizado e criado para promover a cidadania e os direitos humanos dos LGBTI+&#8221;.<\/p>\n\n\n\n<p>Outra mat\u00e9ria aprovada foi o PL 165\/2025, de autoria da vereadora Thabatta Pimenta (PSOL), que institui no Calend\u00e1rio Oficial de Eventos do Munic\u00edpio o Dia Municipal de Enfrentamento ao Transfeminic\u00eddio &#8211; in memorian \u00e0 travesti Fl\u00e1via Big Big, a ser celebrado em 8 de maio. &#8220;O transfeminic\u00eddio precisa ser combatido com urg\u00eancia e agora teremos uma iniciativa de conscientiza\u00e7\u00e3o social e de defesa desses corpos t\u00e3o vulner\u00e1veis em nossa cidade&#8221;, concluiu Thabatta.<\/p>\n\n\n\n<p><strong><em>Texto: Junior Martins \/ Lorena Ver\u00edssimo<br \/>Fotos: Ot\u00e1vio Augusto<\/em><\/strong><\/p>\n\n\n\n<p><\/p>\n","protected":false},"excerpt":{"rendered":"<p>Nesta quarta-feira (25), as comiss\u00f5es de Legisla\u00e7\u00e3o, Justi\u00e7a e Reda\u00e7\u00e3o Final e de Finan\u00e7as, Or\u00e7amento, Controle e Fiscaliza\u00e7\u00e3o da C\u00e2mara [&hellip;]<\/p>\n","protected":false},"author":1,"featured_media":0,"comment_status":"closed","ping_status":"","sticky":false,"template":"","format":"image","meta":{"site-sidebar-layout":"default","site-content-layout":"","ast-site-content-layout":"default","site-content-style":"default","site-sidebar-style":"default","ast-global-header-display":"","ast-banner-title-visibility":"","ast-main-header-display":"","ast-hfb-above-header-display":"","ast-hfb-below-header-display":"","ast-hfb-mobile-header-display":"","site-post-title":"","ast-breadcrumbs-content":"","ast-featured-img":"","footer-sml-layout":"","ast-disable-related-posts":"","theme-transparent-header-meta":"","adv-header-id-meta":"","stick-header-meta":"","header-above-stick-meta":"","header-main-stick-meta":"","header-below-stick-meta":"","astra-migrate-meta-layouts":"default","ast-page-background-enabled":"default","ast-page-background-meta":{"desktop":{"background-color":"var(--ast-global-color-4)","background-image":"","background-repeat":"repeat","background-position":"center center","background-size":"auto","background-attachment":"scroll","background-type":"","background-media":"","overlay-type":"","overlay-color":"","overlay-opacity":"","overlay-gradient":""},"tablet":{"background-color":"","background-image":"","background-repeat":"repeat","background-position":"center center","background-size":"auto","background-attachment":"scroll","background-type":"","background-media":"","overlay-type":"","overlay-color":"","overlay-opacity":"","overlay-gradient":""},"mobile":{"background-color":"","background-image":"","background-repeat":"repeat","background-position":"center center","background-size":"auto","background-attachment":"scroll","background-type":"","background-media":"","overlay-type":"","overlay-color":"","overlay-opacity":"","overlay-gradient":""}},"ast-content-background-meta":{"desktop":{"background-color":"var(--ast-global-color-5)","background-image":"","background-repeat":"repeat","background-position":"center center","background-size":"auto","background-attachment":"scroll","background-type":"","background-media":"","overlay-type":"","overlay-color":"","overlay-opacity":"","overlay-gradient":""},"tablet":{"background-color":"var(--ast-global-color-5)","background-image":"","background-repeat":"repeat","background-position":"center center","background-size":"auto","background-attachment":"scroll","background-type":"","background-media":"","overlay-type":"","overlay-color":"","overlay-opacity":"","overlay-gradient":""},"mobile":{"background-color":"var(--ast-global-color-5)","background-image":"","background-repeat":"repeat","background-position":"center center","background-size":"auto","background-attachment":"scroll","background-type":"","background-media":"","overlay-type":"","overlay-color":"","overlay-opacity":"","overlay-gradient":""}},"footnotes":""},"categories":[3816],"tags":[],"class_list":["post-28716","post","type-post","status-publish","format-image","hentry","category-camara-municipal-de-natal","post_format-post-format-image"],"_links":{"self":[{"href":"https:\/\/noticiasnoface.com.br\/index.php\/wp-json\/wp\/v2\/posts\/28716","targetHints":{"allow":["GET"]}}],"collection":[{"href":"https:\/\/noticiasnoface.com.br\/index.php\/wp-json\/wp\/v2\/posts"}],"about":[{"href":"https:\/\/noticiasnoface.com.br\/index.php\/wp-json\/wp\/v2\/types\/post"}],"author":[{"embeddable":true,"href":"https:\/\/noticiasnoface.com.br\/index.php\/wp-json\/wp\/v2\/users\/1"}],"replies":[{"embeddable":true,"href":"https:\/\/noticiasnoface.com.br\/index.php\/wp-json\/wp\/v2\/comments?post=28716"}],"version-history":[{"count":1,"href":"https:\/\/noticiasnoface.com.br\/index.php\/wp-json\/wp\/v2\/posts\/28716\/revisions"}],"predecessor-version":[{"id":28717,"href":"https:\/\/noticiasnoface.com.br\/index.php\/wp-json\/wp\/v2\/posts\/28716\/revisions\/28717"}],"wp:attachment":[{"href":"https:\/\/noticiasnoface.com.br\/index.php\/wp-json\/wp\/v2\/media?parent=28716"}],"wp:term":[{"taxonomy":"category","embeddable":true,"href":"https:\/\/noticiasnoface.com.br\/index.php\/wp-json\/wp\/v2\/categories?post=28716"},{"taxonomy":"post_tag","embeddable":true,"href":"https:\/\/noticiasnoface.com.br\/index.php\/wp-json\/wp\/v2\/tags?post=28716"}],"curies":[{"name":"wp","href":"https:\/\/api.w.org\/{rel}","templated":true}]}}