{"id":28725,"date":"2025-06-26T15:38:35","date_gmt":"2025-06-26T18:38:35","guid":{"rendered":"https:\/\/noticiasnoface.com.br\/?p=28725"},"modified":"2025-06-26T15:38:35","modified_gmt":"2025-06-26T18:38:35","slug":"dr-cesar-maia-esta-entre-os-citados-para-deputado-estadual-no-rn","status":"publish","type":"post","link":"https:\/\/noticiasnoface.com.br\/index.php\/2025\/06\/26\/dr-cesar-maia-esta-entre-os-citados-para-deputado-estadual-no-rn\/","title":{"rendered":"DR. C\u00c9SAR MAIA EST\u00c1 ENTRE OS CITADOS PARA DEPUTADO ESTADUAL NO RN"},"content":{"rendered":"\n<figure class=\"wp-block-image size-large\"><img data-opt-id=268787314  fetchpriority=\"high\" decoding=\"async\" width=\"1024\" height=\"708\" src=\"https:\/\/mlbfrsat7ahr.i.optimole.com\/w:1024\/h:708\/q:mauto\/ig:avif\/https:\/\/noticiasnoface.com.br\/wp-content\/uploads\/2025\/06\/img_8303-1.jpg\" class=\"wp-image-28724\" srcset=\"https:\/\/mlbfrsat7ahr.i.optimole.com\/w:1024\/h:708\/q:mauto\/ig:avif\/https:\/\/noticiasnoface.com.br\/wp-content\/uploads\/2025\/06\/img_8303-1.jpg 1024w, https:\/\/mlbfrsat7ahr.i.optimole.com\/w:300\/h:207\/q:mauto\/ig:avif\/https:\/\/noticiasnoface.com.br\/wp-content\/uploads\/2025\/06\/img_8303-1.jpg 300w, https:\/\/mlbfrsat7ahr.i.optimole.com\/w:768\/h:531\/q:mauto\/ig:avif\/https:\/\/noticiasnoface.com.br\/wp-content\/uploads\/2025\/06\/img_8303-1.jpg 768w, https:\/\/mlbfrsat7ahr.i.optimole.com\/w:1195\/h:826\/q:mauto\/ig:avif\/https:\/\/noticiasnoface.com.br\/wp-content\/uploads\/2025\/06\/img_8303-1.jpg 1195w\" sizes=\"(max-width: 1000px) 100vw, 1000px\" \/><\/figure>\n\n\n\n<p>O nome do vereador e m\u00e9dico Dr. C\u00e9sar Maia tem ganhado destaque no cen\u00e1rio pol\u00edtico do Rio Grande do Norte, sendo citado em uma pesquisa recente como uma das poss\u00edveis apostas para a Assembleia Legislativa do estado nas elei\u00e7\u00f5es de 2026. A pesquisa foi realizada pelo Instituto Seta, em parceria com a 94FM, entre os dias 14 e 17 de junho, com o objetivo de avaliar a corrida eleitoral no RN, al\u00e9m da aprova\u00e7\u00e3o da governadora F\u00e1tima Bezerra e do presidente Lula.<\/p>\n\n\n\n<p>Durante o levantamento, foram aplicados 1500 question\u00e1rios em diversas cidades do estado, com uma margem de erro de 2,53% e um intervalo de confian\u00e7a de 95%. Dr. C\u00e9sar Maia, conhecido por seu trabalho na \u00e1rea da sa\u00fade e sua atua\u00e7\u00e3o como vereador e Presidente da C\u00e2mara Municipal em Parnamirim, vem conquistando a simpatia de eleitores, o que o coloca como uma op\u00e7\u00e3o forte para disputar uma cadeira na Assembleia Legislativa nas pr\u00f3ximas elei\u00e7\u00f5es.<\/p>\n\n\n\n<p>A pesquisa tamb\u00e9m analisou outros aspectos do cen\u00e1rio eleitoral, como a avalia\u00e7\u00e3o das gest\u00f5es estaduais e federais, mas o destaque para Dr. C\u00e9sar Maia, que j\u00e1 demonstrou potencial pol\u00edtico, revela um cen\u00e1rio de expectativa crescente em torno de sua candidatura a deputado estadual. O nome do m\u00e9dico e pol\u00edtico segue sendo visto como uma op\u00e7\u00e3o vi\u00e1vel para representar a popula\u00e7\u00e3o potiguar na Assembleia.<\/p>\n","protected":false},"excerpt":{"rendered":"<p>O nome do vereador e m\u00e9dico Dr. C\u00e9sar Maia tem ganhado destaque no cen\u00e1rio pol\u00edtico do Rio Grande do Norte, [&hellip;]<\/p>\n","protected":false},"author":1,"featured_media":0,"comment_status":"closed","ping_status":"","sticky":false,"template":"","format":"image","meta":{"site-sidebar-layout":"default","site-content-layout":"","ast-site-content-layout":"default","site-content-style":"default","site-sidebar-style":"default","ast-global-header-display":"","ast-banner-title-visibility":"","ast-main-header-display":"","ast-hfb-above-header-display":"","ast-hfb-below-header-display":"","ast-hfb-mobile-header-display":"","site-post-title":"","ast-breadcrumbs-content":"","ast-featured-img":"","footer-sml-layout":"","ast-disable-related-posts":"","theme-transparent-header-meta":"","adv-header-id-meta":"","stick-header-meta":"","header-above-stick-meta":"","header-main-stick-meta":"","header-below-stick-meta":"","astra-migrate-meta-layouts":"default","ast-page-background-enabled":"default","ast-page-background-meta":{"desktop":{"background-color":"var(--ast-global-color-4)","background-image":"","background-repeat":"repeat","background-position":"center center","background-size":"auto","background-attachment":"scroll","background-type":"","background-media":"","overlay-type":"","overlay-color":"","overlay-opacity":"","overlay-gradient":""},"tablet":{"background-color":"","background-image":"","background-repeat":"repeat","background-position":"center center","background-size":"auto","background-attachment":"scroll","background-type":"","background-media":"","overlay-type":"","overlay-color":"","overlay-opacity":"","overlay-gradient":""},"mobile":{"background-color":"","background-image":"","background-repeat":"repeat","background-position":"center center","background-size":"auto","background-attachment":"scroll","background-type":"","background-media":"","overlay-type":"","overlay-color":"","overlay-opacity":"","overlay-gradient":""}},"ast-content-background-meta":{"desktop":{"background-color":"var(--ast-global-color-5)","background-image":"","background-repeat":"repeat","background-position":"center center","background-size":"auto","background-attachment":"scroll","background-type":"","background-media":"","overlay-type":"","overlay-color":"","overlay-opacity":"","overlay-gradient":""},"tablet":{"background-color":"var(--ast-global-color-5)","background-image":"","background-repeat":"repeat","background-position":"center center","background-size":"auto","background-attachment":"scroll","background-type":"","background-media":"","overlay-type":"","overlay-color":"","overlay-opacity":"","overlay-gradient":""},"mobile":{"background-color":"var(--ast-global-color-5)","background-image":"","background-repeat":"repeat","background-position":"center center","background-size":"auto","background-attachment":"scroll","background-type":"","background-media":"","overlay-type":"","overlay-color":"","overlay-opacity":"","overlay-gradient":""}},"footnotes":""},"categories":[3817],"tags":[],"class_list":["post-28725","post","type-post","status-publish","format-image","hentry","category-camara-municipal-de-parnamirim","post_format-post-format-image"],"_links":{"self":[{"href":"https:\/\/noticiasnoface.com.br\/index.php\/wp-json\/wp\/v2\/posts\/28725","targetHints":{"allow":["GET"]}}],"collection":[{"href":"https:\/\/noticiasnoface.com.br\/index.php\/wp-json\/wp\/v2\/posts"}],"about":[{"href":"https:\/\/noticiasnoface.com.br\/index.php\/wp-json\/wp\/v2\/types\/post"}],"author":[{"embeddable":true,"href":"https:\/\/noticiasnoface.com.br\/index.php\/wp-json\/wp\/v2\/users\/1"}],"replies":[{"embeddable":true,"href":"https:\/\/noticiasnoface.com.br\/index.php\/wp-json\/wp\/v2\/comments?post=28725"}],"version-history":[{"count":1,"href":"https:\/\/noticiasnoface.com.br\/index.php\/wp-json\/wp\/v2\/posts\/28725\/revisions"}],"predecessor-version":[{"id":28726,"href":"https:\/\/noticiasnoface.com.br\/index.php\/wp-json\/wp\/v2\/posts\/28725\/revisions\/28726"}],"wp:attachment":[{"href":"https:\/\/noticiasnoface.com.br\/index.php\/wp-json\/wp\/v2\/media?parent=28725"}],"wp:term":[{"taxonomy":"category","embeddable":true,"href":"https:\/\/noticiasnoface.com.br\/index.php\/wp-json\/wp\/v2\/categories?post=28725"},{"taxonomy":"post_tag","embeddable":true,"href":"https:\/\/noticiasnoface.com.br\/index.php\/wp-json\/wp\/v2\/tags?post=28725"}],"curies":[{"name":"wp","href":"https:\/\/api.w.org\/{rel}","templated":true}]}}