{"id":28736,"date":"2025-06-26T21:49:39","date_gmt":"2025-06-27T00:49:39","guid":{"rendered":"https:\/\/noticiasnoface.com.br\/?p=28736"},"modified":"2025-06-26T21:49:39","modified_gmt":"2025-06-27T00:49:39","slug":"falta-de-bibliotecarios-nas-escolas-e-debatida-em-audiencia-publica-na-cmn","status":"publish","type":"post","link":"https:\/\/noticiasnoface.com.br\/index.php\/2025\/06\/26\/falta-de-bibliotecarios-nas-escolas-e-debatida-em-audiencia-publica-na-cmn\/","title":{"rendered":"Falta de bibliotec\u00e1rios nas escolas \u00e9 debatida em audi\u00eancia p\u00fablica na CMN&nbsp;"},"content":{"rendered":"\n<figure class=\"wp-block-image foto-noticia\"><img data-opt-id=1034288772  fetchpriority=\"high\" decoding=\"async\" src=\"https:\/\/www.cmnat.rn.gov.br\/_ups\/noticias\/2025\/06\/26\/ad761449709b99d7526d6ff1bb41fcda.jpg\" alt=\"\"\/><\/figure>\n\n\n\n<p>1\u00b0 de julho \u00e9 o Dia Mundial das Bibliotecas: espa\u00e7os de democratiza\u00e7\u00e3o do conhecimento. Para lembrar a data e discutir os desafios do setor, a C\u00e2mara Municipal de Natal realizou uma audi\u00eancia p\u00fablica, nesta quinta-feira (26), refor\u00e7ando a necessidade de valorizar n\u00e3o apenas dos acervos, mas tamb\u00e9m dos profissionais que os mant\u00eam vivos: os bibliotec\u00e1rios. A iniciativa foi proposta pelo vereador Cl\u00e1udio Cust\u00f3dio (PP) e contou com a presen\u00e7a de representantes da Prefeitura de Natal e da Universidade Federal do Rio Grande do Norte, gestores escolares, professores e estudantes. Na ocasi\u00e3o, os participantes do encontro pleitearam um concurso p\u00fablico para suprir as bibliotecas das escolas municipais com bibliotec\u00e1rios.<\/p>\n\n\n\n<p>Segundo o Censo Escolar de 2022, apenas 31% das escolas p\u00fablicas brasileiras possuem biblioteca e, desses espa\u00e7os, somente 45% contam com bibliotec\u00e1rio. Estudo do INEP aponta que 55% das escolas ainda n\u00e3o t\u00eam nem mesmo uma sala de leitura. Isso afeta diretamente milh\u00f5es de crian\u00e7as e jovens e coloca em risco o desenvolvimento da alfabetiza\u00e7\u00e3o cr\u00edtica e cidad\u00e3.<\/p>\n\n\n\n<p>A leitura \u00e9 outro ponto alarmante: no Brasil, 48% da popula\u00e7\u00e3o com mais de 5 anos n\u00e3o leu sequer um trecho de livro nos tr\u00eas meses anteriores \u00e0 pesquisa; e apenas 52% s\u00e3o considerados leitores regulares. Al\u00e9m disso, 27% dos brasileiros s\u00e3o analfabetos funcionais, com dificuldade para compreender textos do dia a dia. Diante desse cen\u00e1rio, torna-se urgente apoiar as bibliotecas e fortalecer os profissionais que as animam.<\/p>\n\n\n\n<p>&#8220;Trata-se de uma data muito relevante para o universo da educa\u00e7\u00e3o. Entre os objetivos desta audi\u00eancia est\u00e1 a busca para aproximar a universidade e os estudantes de Biblioteconomia da C\u00e2mara Municipal de Natal, no sentido de construir coletivamente pol\u00edticas p\u00fablicas que incentivem a leitura em nossa cidade. As escolas municipais precisam de concursos para ocupar as bibliotecas com bibliotec\u00e1rios, que s\u00e3o profissionais preparados para fazer a media\u00e7\u00e3o entre alunos e livros, e parar de recorrer a readapta\u00e7\u00e3o de professores nesses espa\u00e7os. Portanto, vamos trabalhar junto ao Executivo para que os concursos aconte\u00e7am e a categoria seja valorizada e inserida na rede municipal de ensino&#8221;, defendeu o vereador Cl\u00e1udio Cust\u00f3dio.<\/p>\n\n\n\n<p>O secret\u00e1rio adjunto de Gest\u00e3o Escolar de Natal, Adson Soares, disse que a Secretaria Municipal de Educa\u00e7\u00e3o j\u00e1 tem uma comiss\u00e3o formada para discutir a necessidade dos bibliotec\u00e1rios nas escolas municipais. &#8220;Esta audi\u00eancia foi produtiva porque forneceu informa\u00e7\u00f5es e gerou encaminhamentos importantes para avan\u00e7armos no processo de trazer os profissionais de biblioteconomia para o corpo t\u00e9cnico das unidades de ensino. O concurso p\u00fablico que a categoria almeja precisa passar por um amplo debate com a participa\u00e7\u00e3o de todos os atores envolvidos no processo, que n\u00f3s j\u00e1 iniciamos e levaremos ao prefeito. A expectativa \u00e9 que a gente consiga chegar a um consenso e que tudo isso que estamos fazendo culmine num certame p\u00fablico para que bibliotec\u00e1rios passem a integrar os quadros da educa\u00e7\u00e3o de Natal&#8221;.<\/p>\n\n\n\n<p>Gabrielle Tanus, professora do Curso de Biblioteconomia da UFRN, informou que a gradua\u00e7\u00e3o ofertada pela institui\u00e7\u00e3o desde 1996 forma profissionais para atuar em bibliotecas p\u00fablicas, escolares, universit\u00e1rias e especializadas, centros de documenta\u00e7\u00e3o, arquivos, editoras e empresas de comunica\u00e7\u00e3o, al\u00e9m de consultoria, pesquisa, educa\u00e7\u00e3o (ensino de biblioteconomia e apoio a pesquisadores), e em \u00e1reas como tecnologia da informa\u00e7\u00e3o. &#8220;A educa\u00e7\u00e3o \u00e9 um direito p\u00fablico e a biblioteca faz parte desse contexto. Ent\u00e3o, a crise das bibliotecas \u00e9 uma crise da educa\u00e7\u00e3o e do estado. A sociedade precisa tomar consci\u00eancia que do mesmo jeito que se luta por hospitais com m\u00e9dicos e enfermeiros e escolas com professores, tem que lutar por bibliotecas com bibliotec\u00e1rios, para que essas bibliotecas funcionem de verdade&#8221;, concluiu.<\/p>\n\n\n\n<p><em><strong>Texto: Junior Martins<br \/>Fotos: Elp\u00eddio J\u00fanior<\/strong><\/em><\/p>\n","protected":false},"excerpt":{"rendered":"<p>1\u00b0 de julho \u00e9 o Dia Mundial das Bibliotecas: espa\u00e7os de democratiza\u00e7\u00e3o do conhecimento. Para lembrar a data e discutir [&hellip;]<\/p>\n","protected":false},"author":1,"featured_media":0,"comment_status":"closed","ping_status":"","sticky":false,"template":"","format":"image","meta":{"site-sidebar-layout":"default","site-content-layout":"","ast-site-content-layout":"default","site-content-style":"default","site-sidebar-style":"default","ast-global-header-display":"","ast-banner-title-visibility":"","ast-main-header-display":"","ast-hfb-above-header-display":"","ast-hfb-below-header-display":"","ast-hfb-mobile-header-display":"","site-post-title":"","ast-breadcrumbs-content":"","ast-featured-img":"","footer-sml-layout":"","ast-disable-related-posts":"","theme-transparent-header-meta":"","adv-header-id-meta":"","stick-header-meta":"","header-above-stick-meta":"","header-main-stick-meta":"","header-below-stick-meta":"","astra-migrate-meta-layouts":"default","ast-page-background-enabled":"default","ast-page-background-meta":{"desktop":{"background-color":"var(--ast-global-color-4)","background-image":"","background-repeat":"repeat","background-position":"center center","background-size":"auto","background-attachment":"scroll","background-type":"","background-media":"","overlay-type":"","overlay-color":"","overlay-opacity":"","overlay-gradient":""},"tablet":{"background-color":"","background-image":"","background-repeat":"repeat","background-position":"center center","background-size":"auto","background-attachment":"scroll","background-type":"","background-media":"","overlay-type":"","overlay-color":"","overlay-opacity":"","overlay-gradient":""},"mobile":{"background-color":"","background-image":"","background-repeat":"repeat","background-position":"center center","background-size":"auto","background-attachment":"scroll","background-type":"","background-media":"","overlay-type":"","overlay-color":"","overlay-opacity":"","overlay-gradient":""}},"ast-content-background-meta":{"desktop":{"background-color":"var(--ast-global-color-5)","background-image":"","background-repeat":"repeat","background-position":"center center","background-size":"auto","background-attachment":"scroll","background-type":"","background-media":"","overlay-type":"","overlay-color":"","overlay-opacity":"","overlay-gradient":""},"tablet":{"background-color":"var(--ast-global-color-5)","background-image":"","background-repeat":"repeat","background-position":"center center","background-size":"auto","background-attachment":"scroll","background-type":"","background-media":"","overlay-type":"","overlay-color":"","overlay-opacity":"","overlay-gradient":""},"mobile":{"background-color":"var(--ast-global-color-5)","background-image":"","background-repeat":"repeat","background-position":"center center","background-size":"auto","background-attachment":"scroll","background-type":"","background-media":"","overlay-type":"","overlay-color":"","overlay-opacity":"","overlay-gradient":""}},"footnotes":""},"categories":[3816],"tags":[],"class_list":["post-28736","post","type-post","status-publish","format-image","hentry","category-camara-municipal-de-natal","post_format-post-format-image"],"_links":{"self":[{"href":"https:\/\/noticiasnoface.com.br\/index.php\/wp-json\/wp\/v2\/posts\/28736","targetHints":{"allow":["GET"]}}],"collection":[{"href":"https:\/\/noticiasnoface.com.br\/index.php\/wp-json\/wp\/v2\/posts"}],"about":[{"href":"https:\/\/noticiasnoface.com.br\/index.php\/wp-json\/wp\/v2\/types\/post"}],"author":[{"embeddable":true,"href":"https:\/\/noticiasnoface.com.br\/index.php\/wp-json\/wp\/v2\/users\/1"}],"replies":[{"embeddable":true,"href":"https:\/\/noticiasnoface.com.br\/index.php\/wp-json\/wp\/v2\/comments?post=28736"}],"version-history":[{"count":1,"href":"https:\/\/noticiasnoface.com.br\/index.php\/wp-json\/wp\/v2\/posts\/28736\/revisions"}],"predecessor-version":[{"id":28737,"href":"https:\/\/noticiasnoface.com.br\/index.php\/wp-json\/wp\/v2\/posts\/28736\/revisions\/28737"}],"wp:attachment":[{"href":"https:\/\/noticiasnoface.com.br\/index.php\/wp-json\/wp\/v2\/media?parent=28736"}],"wp:term":[{"taxonomy":"category","embeddable":true,"href":"https:\/\/noticiasnoface.com.br\/index.php\/wp-json\/wp\/v2\/categories?post=28736"},{"taxonomy":"post_tag","embeddable":true,"href":"https:\/\/noticiasnoface.com.br\/index.php\/wp-json\/wp\/v2\/tags?post=28736"}],"curies":[{"name":"wp","href":"https:\/\/api.w.org\/{rel}","templated":true}]}}