{"id":28751,"date":"2025-06-28T22:10:57","date_gmt":"2025-06-29T01:10:57","guid":{"rendered":"https:\/\/noticiasnoface.com.br\/?p=28751"},"modified":"2025-06-28T22:10:57","modified_gmt":"2025-06-29T01:10:57","slug":"mentirosos-tera-2a-temporada-trama-possui-continuacao-publicada-em-livro","status":"publish","type":"post","link":"https:\/\/noticiasnoface.com.br\/index.php\/2025\/06\/28\/mentirosos-tera-2a-temporada-trama-possui-continuacao-publicada-em-livro\/","title":{"rendered":"&#8220;Mentirosos&#8221; ter\u00e1 2\u00aa temporada? Trama possui continua\u00e7\u00e3o publicada em livro"},"content":{"rendered":"\n<p>&nbsp;<\/p>\n\n\n\n<p>\u200b<\/p>\n\n\n\n<h2 class=\"wp-block-heading subhead\">S\u00e9rie de oito epis\u00f3dios foi disponibilizada no Prime Video em 18 de junho e segue entre as mais assistidas do streaming<\/h2>\n\n\n\n<p>28\/06\/25 \u00e0s 20:53&nbsp;|&nbsp;Atualizado&nbsp;28\/06\/25 \u00e0s 20:53<\/p>\n\n\n\n<figure class=\"wp-block-image\"><img data-opt-id=1931241055  fetchpriority=\"high\" decoding=\"async\" src=\"https:\/\/admin.cnnbrasil.com.br\/wp-content\/uploads\/sites\/12\/2025\/04\/mentirosos-serie.png?w=419&amp;h=283&amp;crop=0\" alt=\"\"\/><figcaption class=\"wp-element-caption\">&#8220;Mentirosos&#8221; \u00e9 estrelado por Emily Alyn Lind&nbsp;&nbsp;&nbsp;\u2022&nbsp;&nbsp;Divulga\u00e7\u00e3o\/ Prime Video<\/figcaption><\/figure>\n\n\n\n<p>ouvir not\u00edcia<\/p>\n\n\n\n<p>0:00&nbsp;1.0x<\/p>\n\n\n\n<p>A primeira temporada da s\u00e9rie&nbsp;<strong>&#8220;Mentirosos&#8221;<\/strong>&nbsp;foi disponibilizada no&nbsp;<strong>Prime Video<\/strong>&nbsp;em 18 de junho e segue no Top 10 das s\u00e9ries mais assistidas no Brasil. Ap\u00f3s um final que surpreendeu os f\u00e3s e uma cena p\u00f3s-cr\u00e9dito, surge a d\u00favida: a produ\u00e7\u00e3o ter\u00e1 uma segunda temporada?<\/p>\n\n\n\n<p>A produ\u00e7\u00e3o \u00e9<a href=\"https:\/\/www.cnnbrasil.com.br\/entretenimento\/mentirosos-e-baseado-em-best-seller-conheca-a-obra-de-e-lockhart\/\" target=\"_blank\" rel=\"noopener\">&nbsp;uma adapta\u00e7\u00e3o do livro viral de E. Lockhart<\/a>, de 2014 e \u00e9 estrelada por&nbsp;<strong>Emily Alyn Lind<\/strong>&nbsp;(reboot de &#8220;Gossip Girl&#8221;) e ainda conta a filha de<strong>&nbsp;Meryl Streep,&nbsp;<a href=\"https:\/\/www.cnnbrasil.com.br\/entretenimento\/mentirosos-e-uma-historia-de-sobrevivencia-emocional-diz-mamie-gummer\/\" target=\"_blank\" rel=\"noopener\">Mamie Gummer<\/a><\/strong>&nbsp;(\u201cA Salva-Vidas\u201d), no elenco.<\/p>\n\n\n\n<p>A trama \u00e9 um&nbsp;<a href=\"https:\/\/www.cnnbrasil.com.br\/entretenimento\/mentirosos-serie-baseada-no-best-seller-ganha-novo-trailer-oficial\/\" target=\"_blank\" rel=\"noopener\">thriller<\/a>&nbsp;envolvendo diversos membros da fam\u00edlia Sinclair durante as f\u00e9rias de ver\u00e3o em uma ilha particular. A hist\u00f3ria ainda ganhou uma continua\u00e7\u00e3o com um livro prequel,&nbsp;<strong>&#8220;Fam\u00edlia de Mentirosos&#8221;<\/strong>, que foi lan\u00e7ado em 2022, 8 anos ap\u00f3s o lan\u00e7amento do primeiro livro, que deu origem a s\u00e9rie hom\u00f4nima.<\/p>\n\n\n\n<p>No entanto, ainda n\u00e3o h\u00e1 confirma\u00e7\u00f5es do Prime Video em rela\u00e7\u00e3o a uma 2\u00aa temporada. Lockhart, que tamb\u00e9m atuou como roteirista e produtora da s\u00e9rie, disse ao The Hollywood Reporter neste m\u00eas que, embora ainda n\u00e3o haja not\u00edcias sobre uma segunda temporada, &#8220;Mentirosos&#8221; &#8220;n\u00e3o \u00e9 uma s\u00e9rie limitada&#8221;.<\/p>\n\n\n\n<p>Em entrevista ao portal, a escritora ainda falou sobre a jornada de Cadence, que poderia ser explorada em uma nova leva de epis\u00f3dios. \u201cEla est\u00e1 indo embora da ilha, tendo se libertado da rigidez, das regras, dos preconceitos e das besteiras da fam\u00edlia. Todos sabemos que essa pode ser uma jornada constante para se separar da fam\u00edlia de origem. E n\u00e3o \u00e9 nada simples. Ent\u00e3o, voc\u00ea sabe, veremos.\u201d<\/p>\n\n\n\n<p>O segundo livro da trama se passa em 1987 e acompanha a gera\u00e7\u00e3o mais velha das irm\u00e3s Sinclair, quando elas eram adolescentes.<\/p>\n","protected":false},"excerpt":{"rendered":"<p>&nbsp; \u200b S\u00e9rie de oito epis\u00f3dios foi disponibilizada no Prime Video em 18 de junho e segue entre as mais [&hellip;]<\/p>\n","protected":false},"author":1,"featured_media":0,"comment_status":"closed","ping_status":"","sticky":false,"template":"","format":"image","meta":{"site-sidebar-layout":"default","site-content-layout":"","ast-site-content-layout":"default","site-content-style":"default","site-sidebar-style":"default","ast-global-header-display":"","ast-banner-title-visibility":"","ast-main-header-display":"","ast-hfb-above-header-display":"","ast-hfb-below-header-display":"","ast-hfb-mobile-header-display":"","site-post-title":"","ast-breadcrumbs-content":"","ast-featured-img":"","footer-sml-layout":"","ast-disable-related-posts":"","theme-transparent-header-meta":"","adv-header-id-meta":"","stick-header-meta":"","header-above-stick-meta":"","header-main-stick-meta":"","header-below-stick-meta":"","astra-migrate-meta-layouts":"default","ast-page-background-enabled":"default","ast-page-background-meta":{"desktop":{"background-color":"var(--ast-global-color-4)","background-image":"","background-repeat":"repeat","background-position":"center center","background-size":"auto","background-attachment":"scroll","background-type":"","background-media":"","overlay-type":"","overlay-color":"","overlay-opacity":"","overlay-gradient":""},"tablet":{"background-color":"","background-image":"","background-repeat":"repeat","background-position":"center center","background-size":"auto","background-attachment":"scroll","background-type":"","background-media":"","overlay-type":"","overlay-color":"","overlay-opacity":"","overlay-gradient":""},"mobile":{"background-color":"","background-image":"","background-repeat":"repeat","background-position":"center center","background-size":"auto","background-attachment":"scroll","background-type":"","background-media":"","overlay-type":"","overlay-color":"","overlay-opacity":"","overlay-gradient":""}},"ast-content-background-meta":{"desktop":{"background-color":"var(--ast-global-color-5)","background-image":"","background-repeat":"repeat","background-position":"center center","background-size":"auto","background-attachment":"scroll","background-type":"","background-media":"","overlay-type":"","overlay-color":"","overlay-opacity":"","overlay-gradient":""},"tablet":{"background-color":"var(--ast-global-color-5)","background-image":"","background-repeat":"repeat","background-position":"center center","background-size":"auto","background-attachment":"scroll","background-type":"","background-media":"","overlay-type":"","overlay-color":"","overlay-opacity":"","overlay-gradient":""},"mobile":{"background-color":"var(--ast-global-color-5)","background-image":"","background-repeat":"repeat","background-position":"center center","background-size":"auto","background-attachment":"scroll","background-type":"","background-media":"","overlay-type":"","overlay-color":"","overlay-opacity":"","overlay-gradient":""}},"footnotes":""},"categories":[517],"tags":[],"class_list":["post-28751","post","type-post","status-publish","format-image","hentry","category-aconteceu","post_format-post-format-image"],"_links":{"self":[{"href":"https:\/\/noticiasnoface.com.br\/index.php\/wp-json\/wp\/v2\/posts\/28751","targetHints":{"allow":["GET"]}}],"collection":[{"href":"https:\/\/noticiasnoface.com.br\/index.php\/wp-json\/wp\/v2\/posts"}],"about":[{"href":"https:\/\/noticiasnoface.com.br\/index.php\/wp-json\/wp\/v2\/types\/post"}],"author":[{"embeddable":true,"href":"https:\/\/noticiasnoface.com.br\/index.php\/wp-json\/wp\/v2\/users\/1"}],"replies":[{"embeddable":true,"href":"https:\/\/noticiasnoface.com.br\/index.php\/wp-json\/wp\/v2\/comments?post=28751"}],"version-history":[{"count":1,"href":"https:\/\/noticiasnoface.com.br\/index.php\/wp-json\/wp\/v2\/posts\/28751\/revisions"}],"predecessor-version":[{"id":28752,"href":"https:\/\/noticiasnoface.com.br\/index.php\/wp-json\/wp\/v2\/posts\/28751\/revisions\/28752"}],"wp:attachment":[{"href":"https:\/\/noticiasnoface.com.br\/index.php\/wp-json\/wp\/v2\/media?parent=28751"}],"wp:term":[{"taxonomy":"category","embeddable":true,"href":"https:\/\/noticiasnoface.com.br\/index.php\/wp-json\/wp\/v2\/categories?post=28751"},{"taxonomy":"post_tag","embeddable":true,"href":"https:\/\/noticiasnoface.com.br\/index.php\/wp-json\/wp\/v2\/tags?post=28751"}],"curies":[{"name":"wp","href":"https:\/\/api.w.org\/{rel}","templated":true}]}}