{"id":28759,"date":"2025-06-29T21:58:43","date_gmt":"2025-06-30T00:58:43","guid":{"rendered":"https:\/\/noticiasnoface.com.br\/?p=28759"},"modified":"2025-06-29T21:58:43","modified_gmt":"2025-06-30T00:58:43","slug":"michelle-e-nikolas-nao-marcam-presenca-em-ato-de-bolsonaro-entenda-por-que","status":"publish","type":"post","link":"https:\/\/noticiasnoface.com.br\/index.php\/2025\/06\/29\/michelle-e-nikolas-nao-marcam-presenca-em-ato-de-bolsonaro-entenda-por-que\/","title":{"rendered":"Michelle e Nikolas n\u00e3o marcam presen\u00e7a em ato de Bolsonaro; entenda por que"},"content":{"rendered":"\n<p><\/p>\n\n\n\n<p>\u200b<\/p>\n\n\n\n<h2 class=\"wp-block-heading subhead\">Ex-primeira-dama e deputado mineiro j\u00e1 tinham compromissos confirmados antes da convoca\u00e7\u00e3o da manifesta\u00e7\u00e3o na avenida Paulista, neste domingo (29)<\/h2>\n\n\n\n<p>29\/06\/25 \u00e0s 21:38&nbsp;|&nbsp;Atualizado&nbsp;29\/06\/25 \u00e0s 21:38<\/p>\n\n\n\n<figure class=\"wp-block-image\"><img data-opt-id=849506933  fetchpriority=\"high\" decoding=\"async\" src=\"https:\/\/admin.cnnbrasil.com.br\/wp-content\/uploads\/sites\/12\/2025\/06\/Bolsonaro_af28ce.png?w=419&amp;h=283&amp;crop=0\" alt=\"\"\/><figcaption class=\"wp-element-caption\">Bolsonaro em ato na Paulista&nbsp; \u2022&nbsp;Reprodu\u00e7\u00e3o: Youtube\/Silas Malafaia<\/figcaption><\/figure>\n\n\n\n<p><a href=\"https:\/\/www.cnnbrasil.com.br\/blogs\" target=\"_blank\" rel=\"noopener\">Blog<\/a><a href=\"https:\/\/www.cnnbrasil.com.br\/blogs\/jussara-soares\" target=\"_blank\" rel=\"noopener\">Jussara Soares<\/a><\/p>\n\n\n\n<p>Em Bras\u00edlia desde 2018, est\u00e1 sempre de olho nos bastidores do poder. Em seus 20 anos de estrada, passou por O Globo, Estad\u00e3o, \u00c9poca, Veja SP e UOL<\/p>\n\n\n\n<p>ouvir not\u00edcia<\/p>\n\n\n\n<p>0:00&nbsp;1.0x<\/p>\n\n\n\n<p>Duas das principais lideran\u00e7as do PL, a ex-primeira-dama&nbsp;<strong>Michelle Bolsonaro<\/strong>&nbsp;e o deputado federal&nbsp;<strong>Nikolas Ferreira<\/strong>&nbsp;(MG) n\u00e3o participaram do ato da direita na avenida Paulista (SP), ao lado de Jair Bolsonaro, neste domingo (29).<\/p>\n\n\n\n<p>Segundo apurou a&nbsp;<strong>CNN<\/strong>, ambos j\u00e1 tinham compromissos assumidos antes da convoca\u00e7\u00e3o para a manifesta\u00e7\u00e3o deste domingo.<\/p>\n\n\n\n<p>Presidente do PL Mulher, Michelle tinha um evento voltado para o p\u00fablico feminino em Roraima. &#8220;Estava agendado h\u00e1 dois meses&#8221;, disse \u00e0&nbsp;<strong>CNN<\/strong>&nbsp;o l\u00edder do PL na C\u00e2mara, S\u00f3stenes Cavalcante (PL-RJ).<\/p>\n\n\n\n<p>Michelle \u00e9 apontada como uma op\u00e7\u00e3o da direita para a disputa pelo Pal\u00e1cio do Planalto em 2026, substituindo Bolsonaro, que est\u00e1 ineleg\u00edvel at\u00e9 2030.<\/p>\n\n\n\n<p>J\u00e1 Nikolas Ferreira disse \u00e0 CNN que n\u00e3o compareceu porque j\u00e1 tinha um compromisso familiar assumido anteriormente. Em atos anteriores realizados na avenida Paulista, o parlamentar fez alguns dos discursos mais duros, todos com cr\u00edticas ao STF (Supremo Tribunal Federal).<\/p>\n\n\n\n<p>&#8220;Sou padrinho de casamento da minha prima aqui em Belo Horizonte. A log\u00edstica n\u00e3o permitia [ir ao ato]&#8221;, justificou Nikolas.<\/p>\n\n\n\n<p>Nas redes sociais, o deputado viraliza com cr\u00edticas ao governo Lula. Apenas no Instagram, ele soma 17,9 milh\u00f5es de seguidores e \u00e9 uma das apostas do presidente do PL, Valdemar Costa Neto, pela capacidade de difundir as ideias da direita.<\/p>\n\n\n\n<h2 class=\"wp-block-heading\">Como foi a mobiliza\u00e7\u00e3o bolsonarista<\/h2>\n\n\n\n<p>O ato, que ocorreu na reta final do processo que apura uma tentativa de golpe de Estado no pa\u00eds, focou em refor\u00e7ar o discurso de que h\u00e1 uma &#8220;persegui\u00e7\u00e3o&#8221; contra o ex-presidente e subiu o tom contra ministros do STF..<\/p>\n\n\n\n<p>A manifesta\u00e7\u00e3o deste domingo&nbsp;<a href=\"https:\/\/www.cnnbrasil.com.br\/politica\/ato-bolsonaro-paulista-estimativas-pessoas\/\" target=\"_blank\" rel=\"noopener\">teve menor ades\u00e3o que as edi\u00e7\u00f5es anteriores<\/a>. Uma das justificativas de parlamentares do PL \u00e9 justamente que a convoca\u00e7\u00e3o foi feita com um tempo muito curto e, por isso, levou menos apoiadores \u00e0s ruas.<\/p>\n\n\n\n<p>\u00c0&nbsp;<strong>CNN<\/strong>, o l\u00edder do PL na C\u00e2mara, S\u00f3stenes Cavalcante (PL-RJ), citou que o ato foi convocado com 14 dias de anteced\u00eancia. Ele disse que uma nova convoca\u00e7\u00e3o de bolsonaristas ser\u00e1 marcada para 7 de Setembro.<\/p>\n\n\n\n<p>O entorno do ex-presidente argumenta que a repeti\u00e7\u00e3o da mensagem de que h\u00e1 uma persegui\u00e7\u00e3o contra a direita \u00e9 mais importante que a imagem da avenida Paulista lotada.<\/p>\n\n\n\n<p>A aposta bolsonarista \u00e9&nbsp;<a href=\"https:\/\/www.cnnbrasil.com.br\/blogs\/jussara-soares\/politica\/sp-bolsonaristas-minimizam-ato-menor-e-focam-em-recado-para-as-redes\/\" target=\"_blank\" rel=\"noopener\">explorar trechos dos discursos para engajamento nas redes sociais<\/a>&nbsp;e manter a milit\u00e2ncia engajada na reta final do processo da trama golpista no STF. A previs\u00e3o \u00e9 que o ex-presidente e outros sete r\u00e9us do chamado n\u00facleo crucial sejam julgados at\u00e9 setembro.<\/p>\n\n\n\n<p><\/p>\n","protected":false},"excerpt":{"rendered":"<p>\u200b Ex-primeira-dama e deputado mineiro j\u00e1 tinham compromissos confirmados antes da convoca\u00e7\u00e3o da manifesta\u00e7\u00e3o na avenida Paulista, neste domingo (29) [&hellip;]<\/p>\n","protected":false},"author":1,"featured_media":0,"comment_status":"closed","ping_status":"","sticky":false,"template":"","format":"image","meta":{"site-sidebar-layout":"default","site-content-layout":"","ast-site-content-layout":"default","site-content-style":"default","site-sidebar-style":"default","ast-global-header-display":"","ast-banner-title-visibility":"","ast-main-header-display":"","ast-hfb-above-header-display":"","ast-hfb-below-header-display":"","ast-hfb-mobile-header-display":"","site-post-title":"","ast-breadcrumbs-content":"","ast-featured-img":"","footer-sml-layout":"","ast-disable-related-posts":"","theme-transparent-header-meta":"","adv-header-id-meta":"","stick-header-meta":"","header-above-stick-meta":"","header-main-stick-meta":"","header-below-stick-meta":"","astra-migrate-meta-layouts":"default","ast-page-background-enabled":"default","ast-page-background-meta":{"desktop":{"background-color":"var(--ast-global-color-4)","background-image":"","background-repeat":"repeat","background-position":"center center","background-size":"auto","background-attachment":"scroll","background-type":"","background-media":"","overlay-type":"","overlay-color":"","overlay-opacity":"","overlay-gradient":""},"tablet":{"background-color":"","background-image":"","background-repeat":"repeat","background-position":"center center","background-size":"auto","background-attachment":"scroll","background-type":"","background-media":"","overlay-type":"","overlay-color":"","overlay-opacity":"","overlay-gradient":""},"mobile":{"background-color":"","background-image":"","background-repeat":"repeat","background-position":"center center","background-size":"auto","background-attachment":"scroll","background-type":"","background-media":"","overlay-type":"","overlay-color":"","overlay-opacity":"","overlay-gradient":""}},"ast-content-background-meta":{"desktop":{"background-color":"var(--ast-global-color-5)","background-image":"","background-repeat":"repeat","background-position":"center center","background-size":"auto","background-attachment":"scroll","background-type":"","background-media":"","overlay-type":"","overlay-color":"","overlay-opacity":"","overlay-gradient":""},"tablet":{"background-color":"var(--ast-global-color-5)","background-image":"","background-repeat":"repeat","background-position":"center center","background-size":"auto","background-attachment":"scroll","background-type":"","background-media":"","overlay-type":"","overlay-color":"","overlay-opacity":"","overlay-gradient":""},"mobile":{"background-color":"var(--ast-global-color-5)","background-image":"","background-repeat":"repeat","background-position":"center center","background-size":"auto","background-attachment":"scroll","background-type":"","background-media":"","overlay-type":"","overlay-color":"","overlay-opacity":"","overlay-gradient":""}},"footnotes":""},"categories":[517],"tags":[],"class_list":["post-28759","post","type-post","status-publish","format-image","hentry","category-aconteceu","post_format-post-format-image"],"_links":{"self":[{"href":"https:\/\/noticiasnoface.com.br\/index.php\/wp-json\/wp\/v2\/posts\/28759","targetHints":{"allow":["GET"]}}],"collection":[{"href":"https:\/\/noticiasnoface.com.br\/index.php\/wp-json\/wp\/v2\/posts"}],"about":[{"href":"https:\/\/noticiasnoface.com.br\/index.php\/wp-json\/wp\/v2\/types\/post"}],"author":[{"embeddable":true,"href":"https:\/\/noticiasnoface.com.br\/index.php\/wp-json\/wp\/v2\/users\/1"}],"replies":[{"embeddable":true,"href":"https:\/\/noticiasnoface.com.br\/index.php\/wp-json\/wp\/v2\/comments?post=28759"}],"version-history":[{"count":1,"href":"https:\/\/noticiasnoface.com.br\/index.php\/wp-json\/wp\/v2\/posts\/28759\/revisions"}],"predecessor-version":[{"id":28760,"href":"https:\/\/noticiasnoface.com.br\/index.php\/wp-json\/wp\/v2\/posts\/28759\/revisions\/28760"}],"wp:attachment":[{"href":"https:\/\/noticiasnoface.com.br\/index.php\/wp-json\/wp\/v2\/media?parent=28759"}],"wp:term":[{"taxonomy":"category","embeddable":true,"href":"https:\/\/noticiasnoface.com.br\/index.php\/wp-json\/wp\/v2\/categories?post=28759"},{"taxonomy":"post_tag","embeddable":true,"href":"https:\/\/noticiasnoface.com.br\/index.php\/wp-json\/wp\/v2\/tags?post=28759"}],"curies":[{"name":"wp","href":"https:\/\/api.w.org\/{rel}","templated":true}]}}