{"id":28764,"date":"2025-06-29T22:01:21","date_gmt":"2025-06-30T01:01:21","guid":{"rendered":"https:\/\/noticiasnoface.com.br\/?p=28764"},"modified":"2025-06-29T22:01:21","modified_gmt":"2025-06-30T01:01:21","slug":"malafaia-chama-moraes-de-ditador-e-diz-que-parte-da-direita-e-prostituta","status":"publish","type":"post","link":"https:\/\/noticiasnoface.com.br\/index.php\/2025\/06\/29\/malafaia-chama-moraes-de-ditador-e-diz-que-parte-da-direita-e-prostituta\/","title":{"rendered":"Malafaia chama Moraes de ditador e diz que parte da direita \u00e9 &#8220;prostituta&#8221;"},"content":{"rendered":"\n<p>&nbsp;<\/p>\n\n\n\n<p>\u200b<\/p>\n\n\n\n<h2 class=\"wp-block-heading subhead\">Pastor fez cr\u00edticas ao ministro do STF durante manifesta\u00e7\u00e3o com Jair Bolsonaro na avenida Paulista neste domingo (29)<\/h2>\n\n\n\n<p>29\/06\/25 \u00e0s 15:53&nbsp;|&nbsp;Atualizado&nbsp;29\/06\/25 \u00e0s 16:07<\/p>\n\n\n\n<figure class=\"wp-block-image\"><img data-opt-id=1312131788  fetchpriority=\"high\" decoding=\"async\" src=\"https:\/\/admin.cnnbrasil.com.br\/wp-content\/uploads\/sites\/12\/2025\/06\/WhatsApp-Image-2025-06-29-at-14.13.54.jpeg?w=419&amp;h=283&amp;crop=0\" alt=\"\"\/><figcaption class=\"wp-element-caption\">Ato na Avenida Paulista convocada por Bolsonaro&nbsp;&nbsp;&nbsp;\u2022&nbsp;&nbsp;Thiago F\u00e9lix\/CNN<\/figcaption><\/figure>\n\n\n\n<p>ouvir not\u00edcia<\/p>\n\n\n\n<p>0:00&nbsp;1.0x<\/p>\n\n\n\n<p>O pastor Silas Malafaia afirmou, neste domingo (29), que o ministro do STF (Supremo Tribunal Federal) Alexandre de Moraes \u00e9 um &#8220;ditador&#8221;, e que parte da ala de direita no Brasil \u00e9 &#8220;prostituta&#8221;.<\/p>\n\n\n\n<p>As falas foram feitas durante uma manifesta\u00e7\u00e3o na avenida Paulista, em S\u00e3o Paulo, ao lado do ex-presidente Jair Bolsonaro.<\/p>\n\n\n\n<p>Falando aos apoiadores, Malafaia criticou pris\u00f5es determinadas por Moraes \u2013 embasadas, segundo o pastor, por opini\u00e3o pessoal do juiz \u2013 e acusou o ministro, pelo adjetivo de &#8220;ditador&#8221;, de &#8220;desviar aten\u00e7\u00e3o da sociedade brasileira e da imprensa&#8221;.<\/p>\n\n\n\n<p>\u201cEle [Moraes] pensou r\u00e1pido: se eu prender o coronel [Mauro] Cid, a dela\u00e7\u00e3o dele cai, e se a dela\u00e7\u00e3o dele cai, toda a sustenta\u00e7\u00e3o da den\u00fancia do PGR [Procurador-Geral da Rep\u00fablica] Paulo Gonet, que est\u00e1 jogando a reputa\u00e7\u00e3o dele na lata do lixo, est\u00e1 sustentada na dela\u00e7\u00e3o fajuta do coronel Cid&#8221;, disse o pastor, complementando que Moraes iria ent\u00e3o cancelar a pris\u00e3o de Mauro Cid e convoc\u00e1-lo para prestar depoimento.<\/p>\n\n\n\n<p>O ex-ajudante de ordens de Bolsonaro tem um acordo de colabora\u00e7\u00e3o premiada no processo que investiga um poss\u00edvel golpe de Estado.<\/p>\n\n\n\n<p>Malafaia questionou o motivo pelo qual Alexandre de Moraes n\u00e3o \u00e9 retirado do cargo via impeachment, j\u00e1 que &#8220;quem tem o poder para isso \u00e9 o Senado&#8221;, e disse que o motivo \u00e9 a &#8220;direita prostituta e vagabunda, que se vende&#8221;.<\/p>\n\n\n\n<p>&#8220;N\u00f3s temos uma direita s\u00e9ria e verdadeira, mas grande parte dela \u00e9 um monte de vagabundo vendilh\u00e3o, por isso que na elei\u00e7\u00e3o de 2026 n\u00f3s n\u00e3o podemos errar o voto dos senadores.&#8221;<\/p>\n\n\n\n<p>Bolsonaro desembarcou em S\u00e3o Paulo neste s\u00e1bado (28) para se dedicar ao ato e ficou hospedado na ala residencial do Pal\u00e1cio dos Bandeirantes.<\/p>\n\n\n\n<p>Ap\u00f3s o evento, que marca o 7\u00ba ato convocado pelo ex-presidente desde que deixou o Pal\u00e1cio do Planalto, a previs\u00e3o \u00e9 que ele retorne para Bras\u00edlia.<\/p>\n\n\n\n<p>O l\u00edder do PL na C\u00e2mara, S\u00f3stenes Cavalcante (RJ) divulgou uma lista de presen\u00e7a no ato na avenida Paulista com 4 governadores, 7 senadores e 39 deputados federais, al\u00e9m de 5 estaduais.<\/p>\n\n\n\n<p>O chefe do executivo paulista, Tarc\u00edsio de Freitas (Republicanos), recebeu parte dos pol\u00edticos no Pal\u00e1cio dos Bandeirantes e publicou uma foto nas redes sociais.<\/p>\n\n\n\n<p>Os governadores Jorginho Mello (SC) e Romeu Zema (MG) est\u00e3o na sede do governo com Bolsonaro e o governador do Rio de Janeiro, Cl\u00e1udio Castro (RJ), \u00e9 esperado na manifesta\u00e7\u00e3o.<\/p>\n","protected":false},"excerpt":{"rendered":"<p>&nbsp; \u200b Pastor fez cr\u00edticas ao ministro do STF durante manifesta\u00e7\u00e3o com Jair Bolsonaro na avenida Paulista neste domingo (29) [&hellip;]<\/p>\n","protected":false},"author":1,"featured_media":0,"comment_status":"closed","ping_status":"","sticky":false,"template":"","format":"image","meta":{"site-sidebar-layout":"default","site-content-layout":"","ast-site-content-layout":"default","site-content-style":"default","site-sidebar-style":"default","ast-global-header-display":"","ast-banner-title-visibility":"","ast-main-header-display":"","ast-hfb-above-header-display":"","ast-hfb-below-header-display":"","ast-hfb-mobile-header-display":"","site-post-title":"","ast-breadcrumbs-content":"","ast-featured-img":"","footer-sml-layout":"","ast-disable-related-posts":"","theme-transparent-header-meta":"","adv-header-id-meta":"","stick-header-meta":"","header-above-stick-meta":"","header-main-stick-meta":"","header-below-stick-meta":"","astra-migrate-meta-layouts":"default","ast-page-background-enabled":"default","ast-page-background-meta":{"desktop":{"background-color":"var(--ast-global-color-4)","background-image":"","background-repeat":"repeat","background-position":"center center","background-size":"auto","background-attachment":"scroll","background-type":"","background-media":"","overlay-type":"","overlay-color":"","overlay-opacity":"","overlay-gradient":""},"tablet":{"background-color":"","background-image":"","background-repeat":"repeat","background-position":"center center","background-size":"auto","background-attachment":"scroll","background-type":"","background-media":"","overlay-type":"","overlay-color":"","overlay-opacity":"","overlay-gradient":""},"mobile":{"background-color":"","background-image":"","background-repeat":"repeat","background-position":"center center","background-size":"auto","background-attachment":"scroll","background-type":"","background-media":"","overlay-type":"","overlay-color":"","overlay-opacity":"","overlay-gradient":""}},"ast-content-background-meta":{"desktop":{"background-color":"var(--ast-global-color-5)","background-image":"","background-repeat":"repeat","background-position":"center center","background-size":"auto","background-attachment":"scroll","background-type":"","background-media":"","overlay-type":"","overlay-color":"","overlay-opacity":"","overlay-gradient":""},"tablet":{"background-color":"var(--ast-global-color-5)","background-image":"","background-repeat":"repeat","background-position":"center center","background-size":"auto","background-attachment":"scroll","background-type":"","background-media":"","overlay-type":"","overlay-color":"","overlay-opacity":"","overlay-gradient":""},"mobile":{"background-color":"var(--ast-global-color-5)","background-image":"","background-repeat":"repeat","background-position":"center center","background-size":"auto","background-attachment":"scroll","background-type":"","background-media":"","overlay-type":"","overlay-color":"","overlay-opacity":"","overlay-gradient":""}},"footnotes":""},"categories":[517],"tags":[],"class_list":["post-28764","post","type-post","status-publish","format-image","hentry","category-aconteceu","post_format-post-format-image"],"_links":{"self":[{"href":"https:\/\/noticiasnoface.com.br\/index.php\/wp-json\/wp\/v2\/posts\/28764","targetHints":{"allow":["GET"]}}],"collection":[{"href":"https:\/\/noticiasnoface.com.br\/index.php\/wp-json\/wp\/v2\/posts"}],"about":[{"href":"https:\/\/noticiasnoface.com.br\/index.php\/wp-json\/wp\/v2\/types\/post"}],"author":[{"embeddable":true,"href":"https:\/\/noticiasnoface.com.br\/index.php\/wp-json\/wp\/v2\/users\/1"}],"replies":[{"embeddable":true,"href":"https:\/\/noticiasnoface.com.br\/index.php\/wp-json\/wp\/v2\/comments?post=28764"}],"version-history":[{"count":1,"href":"https:\/\/noticiasnoface.com.br\/index.php\/wp-json\/wp\/v2\/posts\/28764\/revisions"}],"predecessor-version":[{"id":28765,"href":"https:\/\/noticiasnoface.com.br\/index.php\/wp-json\/wp\/v2\/posts\/28764\/revisions\/28765"}],"wp:attachment":[{"href":"https:\/\/noticiasnoface.com.br\/index.php\/wp-json\/wp\/v2\/media?parent=28764"}],"wp:term":[{"taxonomy":"category","embeddable":true,"href":"https:\/\/noticiasnoface.com.br\/index.php\/wp-json\/wp\/v2\/categories?post=28764"},{"taxonomy":"post_tag","embeddable":true,"href":"https:\/\/noticiasnoface.com.br\/index.php\/wp-json\/wp\/v2\/tags?post=28764"}],"curies":[{"name":"wp","href":"https:\/\/api.w.org\/{rel}","templated":true}]}}