{"id":28784,"date":"2025-07-02T09:32:34","date_gmt":"2025-07-02T12:32:34","guid":{"rendered":"https:\/\/noticiasnoface.com.br\/?p=28784"},"modified":"2025-07-02T09:32:34","modified_gmt":"2025-07-02T12:32:34","slug":"tangara-acolhe-novo-ciclo-de-palestras-do-projeto-rota-22","status":"publish","type":"post","link":"https:\/\/noticiasnoface.com.br\/index.php\/2025\/07\/02\/tangara-acolhe-novo-ciclo-de-palestras-do-projeto-rota-22\/","title":{"rendered":"Tangar\u00e1 acolhe novo ciclo de palestras do Projeto Rota 22"},"content":{"rendered":"\n<figure class=\"wp-block-image size-large\"><img data-opt-id=24247245  fetchpriority=\"high\" decoding=\"async\" width=\"1024\" height=\"767\" src=\"https:\/\/mlbfrsat7ahr.i.optimole.com\/w:1024\/h:767\/q:mauto\/ig:avif\/https:\/\/noticiasnoface.com.br\/wp-content\/uploads\/2025\/07\/44d5524b-005d-488b-9850-ab6e5b626693-1.jpg\" class=\"wp-image-28782\" srcset=\"https:\/\/mlbfrsat7ahr.i.optimole.com\/w:1024\/h:767\/q:mauto\/ig:avif\/https:\/\/noticiasnoface.com.br\/wp-content\/uploads\/2025\/07\/44d5524b-005d-488b-9850-ab6e5b626693-1.jpg 1024w, https:\/\/mlbfrsat7ahr.i.optimole.com\/w:300\/h:225\/q:mauto\/ig:avif\/https:\/\/noticiasnoface.com.br\/wp-content\/uploads\/2025\/07\/44d5524b-005d-488b-9850-ab6e5b626693-1.jpg 300w, https:\/\/mlbfrsat7ahr.i.optimole.com\/w:768\/h:576\/q:mauto\/ig:avif\/https:\/\/noticiasnoface.com.br\/wp-content\/uploads\/2025\/07\/44d5524b-005d-488b-9850-ab6e5b626693-1.jpg 768w, https:\/\/mlbfrsat7ahr.i.optimole.com\/w:1441\/h:1080\/q:mauto\/ig:avif\/https:\/\/noticiasnoface.com.br\/wp-content\/uploads\/2025\/07\/44d5524b-005d-488b-9850-ab6e5b626693-1.jpg 1536w, https:\/\/mlbfrsat7ahr.i.optimole.com\/w:1441\/h:1080\/q:mauto\/ig:avif\/https:\/\/noticiasnoface.com.br\/wp-content\/uploads\/2025\/07\/44d5524b-005d-488b-9850-ab6e5b626693-1.jpg 1600w\" sizes=\"(max-width: 1000px) 100vw, 1000px\" \/><\/figure>\n\n\n\n<p>Na ter\u00e7a-feira (1\u00ba) o Rota 22 promoveu oficina na cidade de Tangar\u00e1, regi\u00e3o do Trairi do Estado, onde novos momentos de escuta e di\u00e1logo aconteceram, na sede da Nova Pastelaria, para a compreens\u00e3o das necessidades locais e fortalecimento do compromisso do Partido Liberal (PL) em continuar destinando recursos para obras estruturantes na regi\u00e3o.<\/p>\n\n\n\n<p>Ex-prefeita da Santa Cruz, Fernanda Costa Bezerra, destacou a import\u00e2ncia de fomentar novos neg\u00f3cios na regi\u00e3o do Trair\u00ed para trazer dignidade para os que produzem. Edilson J\u00fanior, ex-prefeito de S\u00edtio Novo, cobrou suporte para o pecuarista da regi\u00e3o sugerindo a instala\u00e7\u00e3o de cooperativas que possam diminuir a dificuldade para o homem do campo.<\/p>\n\n\n\n<figure class=\"wp-block-image size-large\"><img data-opt-id=1284497784  fetchpriority=\"high\" decoding=\"async\" src=\"file:\/\/\/private\/var\/mobile\/Containers\/Data\/Application\/2B5F0EFA-9CD2-46DC-A2DC-74FE2949AB0E\/tmp\/org.automattic.MediaImageServiceSymlinks\/thumbnail-0846e645-e983-490e-a901-3c8ecaf2416d-1366x1024.jpeg\" class=\"wp-image--1708409264\"\/><\/figure>\n\n\n\n<p>Vanderley Silva, vice-prefeito de S\u00e3o Bento do Trair\u00ed, prop\u00f5e obras e reformas estruturantes para modificar a realidade no munic\u00edpio. George Justino, mostrou a realidade da dificuldade no setor educacional. &#8220;Em Japi temos 11 escola municipais e em apenas em tr\u00eas h\u00e1 internet. O que \u00e9 um atraso para a educa\u00e7\u00e3o em tempos atuais&#8221;, disse. Glauber Bezerra, vereador e presidente da C\u00e2mara Municipal de Santa Cruz, cobrou obras h\u00eddricas para manter o abastecimento das comunidades locais.<\/p>\n\n\n\n<p>O Rota 22 \u00e9 realizado em parceria com o Instituto \u00c1lvaro Valle e sob a lideran\u00e7a do ex-presidente Jair Bolsonaro e do senador Rog\u00e9rio Marinho. O Rota 22 promove oficinas e semin\u00e1rios com o objetivo de identificar demandas locais e fortalecer o compromisso do partido com a melhoria da qualidade de vida da popula\u00e7\u00e3o.<\/p>\n\n\n\n<p>Fique conectado com o Rota 22 \u2014 acesse o site plrota22.com.br e confira quando o projeto passar\u00e1 por sua regi\u00e3o. Mais informa\u00e7\u00f5es tamb\u00e9m est\u00e3o dispon\u00edveis nas redes sociais, pelos perfis @pl22rn e @plnacional22, e no canal de WhatsApp do Rota 22 no Rio Grande do Norte: canal.plrota22.com.br.<\/p>\n\n\n\n<p>Ainda neste m\u00eas de julho, ser\u00e3o realizadas as oficinas na regi\u00e3o Agreste no dia 22, em Passa e Fica, e no dia 23, em Goianinha. No dia 2 de agosto haver\u00e1 o grande Semin\u00e1rio, em Santo Ant\u00f4nio, reunindo lideran\u00e7as do Agreste, Trair\u00ed e Potengi.<\/p>\n\n\n\n<p>Na agenda do Projeto Rota 22, ainda tem oficina em Parnamirim, no dia 6 de agosto, em Extremoz, no dia 7 de agosto, e Semin\u00e1rio da Regi\u00e3o Metropolitana, em Natal, no dia 16 de agosto.<\/p>\n","protected":false},"excerpt":{"rendered":"<p>Na ter\u00e7a-feira (1\u00ba) o Rota 22 promoveu oficina na cidade de Tangar\u00e1, regi\u00e3o do Trairi do Estado, onde novos momentos [&hellip;]<\/p>\n","protected":false},"author":1,"featured_media":0,"comment_status":"closed","ping_status":"","sticky":false,"template":"","format":"image","meta":{"site-sidebar-layout":"default","site-content-layout":"","ast-site-content-layout":"default","site-content-style":"default","site-sidebar-style":"default","ast-global-header-display":"","ast-banner-title-visibility":"","ast-main-header-display":"","ast-hfb-above-header-display":"","ast-hfb-below-header-display":"","ast-hfb-mobile-header-display":"","site-post-title":"","ast-breadcrumbs-content":"","ast-featured-img":"","footer-sml-layout":"","ast-disable-related-posts":"","theme-transparent-header-meta":"","adv-header-id-meta":"","stick-header-meta":"","header-above-stick-meta":"","header-main-stick-meta":"","header-below-stick-meta":"","astra-migrate-meta-layouts":"default","ast-page-background-enabled":"default","ast-page-background-meta":{"desktop":{"background-color":"var(--ast-global-color-4)","background-image":"","background-repeat":"repeat","background-position":"center center","background-size":"auto","background-attachment":"scroll","background-type":"","background-media":"","overlay-type":"","overlay-color":"","overlay-opacity":"","overlay-gradient":""},"tablet":{"background-color":"","background-image":"","background-repeat":"repeat","background-position":"center center","background-size":"auto","background-attachment":"scroll","background-type":"","background-media":"","overlay-type":"","overlay-color":"","overlay-opacity":"","overlay-gradient":""},"mobile":{"background-color":"","background-image":"","background-repeat":"repeat","background-position":"center center","background-size":"auto","background-attachment":"scroll","background-type":"","background-media":"","overlay-type":"","overlay-color":"","overlay-opacity":"","overlay-gradient":""}},"ast-content-background-meta":{"desktop":{"background-color":"var(--ast-global-color-5)","background-image":"","background-repeat":"repeat","background-position":"center center","background-size":"auto","background-attachment":"scroll","background-type":"","background-media":"","overlay-type":"","overlay-color":"","overlay-opacity":"","overlay-gradient":""},"tablet":{"background-color":"var(--ast-global-color-5)","background-image":"","background-repeat":"repeat","background-position":"center center","background-size":"auto","background-attachment":"scroll","background-type":"","background-media":"","overlay-type":"","overlay-color":"","overlay-opacity":"","overlay-gradient":""},"mobile":{"background-color":"var(--ast-global-color-5)","background-image":"","background-repeat":"repeat","background-position":"center center","background-size":"auto","background-attachment":"scroll","background-type":"","background-media":"","overlay-type":"","overlay-color":"","overlay-opacity":"","overlay-gradient":""}},"footnotes":""},"categories":[517],"tags":[],"class_list":["post-28784","post","type-post","status-publish","format-image","hentry","category-aconteceu","post_format-post-format-image"],"_links":{"self":[{"href":"https:\/\/noticiasnoface.com.br\/index.php\/wp-json\/wp\/v2\/posts\/28784","targetHints":{"allow":["GET"]}}],"collection":[{"href":"https:\/\/noticiasnoface.com.br\/index.php\/wp-json\/wp\/v2\/posts"}],"about":[{"href":"https:\/\/noticiasnoface.com.br\/index.php\/wp-json\/wp\/v2\/types\/post"}],"author":[{"embeddable":true,"href":"https:\/\/noticiasnoface.com.br\/index.php\/wp-json\/wp\/v2\/users\/1"}],"replies":[{"embeddable":true,"href":"https:\/\/noticiasnoface.com.br\/index.php\/wp-json\/wp\/v2\/comments?post=28784"}],"version-history":[{"count":1,"href":"https:\/\/noticiasnoface.com.br\/index.php\/wp-json\/wp\/v2\/posts\/28784\/revisions"}],"predecessor-version":[{"id":28785,"href":"https:\/\/noticiasnoface.com.br\/index.php\/wp-json\/wp\/v2\/posts\/28784\/revisions\/28785"}],"wp:attachment":[{"href":"https:\/\/noticiasnoface.com.br\/index.php\/wp-json\/wp\/v2\/media?parent=28784"}],"wp:term":[{"taxonomy":"category","embeddable":true,"href":"https:\/\/noticiasnoface.com.br\/index.php\/wp-json\/wp\/v2\/categories?post=28784"},{"taxonomy":"post_tag","embeddable":true,"href":"https:\/\/noticiasnoface.com.br\/index.php\/wp-json\/wp\/v2\/tags?post=28784"}],"curies":[{"name":"wp","href":"https:\/\/api.w.org\/{rel}","templated":true}]}}