{"id":28806,"date":"2025-07-03T21:09:40","date_gmt":"2025-07-04T00:09:40","guid":{"rendered":"https:\/\/noticiasnoface.com.br\/?p=28806"},"modified":"2025-07-03T21:09:40","modified_gmt":"2025-07-04T00:09:40","slug":"presidente-eriko-jacome-destaca-avancos-e-alta-produtividade-da-camara-e-prefeitura-de-natal-no-primeiro-semestre","status":"publish","type":"post","link":"https:\/\/noticiasnoface.com.br\/index.php\/2025\/07\/03\/presidente-eriko-jacome-destaca-avancos-e-alta-produtividade-da-camara-e-prefeitura-de-natal-no-primeiro-semestre\/","title":{"rendered":"Presidente Eriko J\u00e1come destaca avan\u00e7os e alta produtividade da C\u00e2mara e prefeitura de Natal no primeiro semestre"},"content":{"rendered":"\n<figure class=\"wp-block-image size-large\"><img data-opt-id=1772689007  fetchpriority=\"high\" decoding=\"async\" width=\"1024\" height=\"768\" src=\"https:\/\/mlbfrsat7ahr.i.optimole.com\/w:1024\/h:768\/q:mauto\/ig:avif\/https:\/\/noticiasnoface.com.br\/wp-content\/uploads\/2025\/07\/e1d26318-cd5b-45c2-bf58-8305987eb06d-1.jpg\" class=\"wp-image-28805\" srcset=\"https:\/\/mlbfrsat7ahr.i.optimole.com\/w:1024\/h:768\/q:mauto\/ig:avif\/https:\/\/noticiasnoface.com.br\/wp-content\/uploads\/2025\/07\/e1d26318-cd5b-45c2-bf58-8305987eb06d-1.jpg 1024w, https:\/\/mlbfrsat7ahr.i.optimole.com\/w:300\/h:225\/q:mauto\/ig:avif\/https:\/\/noticiasnoface.com.br\/wp-content\/uploads\/2025\/07\/e1d26318-cd5b-45c2-bf58-8305987eb06d-1.jpg 300w, https:\/\/mlbfrsat7ahr.i.optimole.com\/w:768\/h:576\/q:mauto\/ig:avif\/https:\/\/noticiasnoface.com.br\/wp-content\/uploads\/2025\/07\/e1d26318-cd5b-45c2-bf58-8305987eb06d-1.jpg 768w, https:\/\/mlbfrsat7ahr.i.optimole.com\/w:1440\/h:1080\/q:mauto\/ig:avif\/https:\/\/noticiasnoface.com.br\/wp-content\/uploads\/2025\/07\/e1d26318-cd5b-45c2-bf58-8305987eb06d-1.jpg 1536w, https:\/\/mlbfrsat7ahr.i.optimole.com\/w:1440\/h:1080\/q:mauto\/ig:avif\/https:\/\/noticiasnoface.com.br\/wp-content\/uploads\/2025\/07\/e1d26318-cd5b-45c2-bf58-8305987eb06d-1.jpg 1600w\" sizes=\"(max-width: 1000px) 100vw, 1000px\" \/><\/figure>\n\n\n\n<p>O presidente da C\u00e2mara Municipal de Natal, vereador Eriko J\u00e1come, fez um balan\u00e7o do primeiro semestre de atividades legislativas da atual legislatura e destacou a forte produtividade do parlamento natalense. Segundo o presidente, a Casa cumpriu um papel fundamental ao aprovar mat\u00e9rias que impactam diretamente a vida da popula\u00e7\u00e3o, refor\u00e7ando o compromisso da C\u00e2mara com a cidade.<\/p>\n\n\n\n<p>&#8220;A C\u00e2mara de Natal vive um momento de protagonismo. Estamos pr\u00f3ximos da popula\u00e7\u00e3o, atentos \u00e0s suas necessidades e comprometidos com o desenvolvimento da cidade. Os n\u00fameros e os resultados concretos j\u00e1 s\u00e3o sentidos nas ruas e mostram que estamos no caminho certo. Cada decis\u00e3o tem sido fruto de um esfor\u00e7o coletivo, com di\u00e1logo e responsabilidade\u201d, disse.<\/p>\n\n\n\n<p>Entre janeiro e junho de 2025, foram mais de 2.300 requerimentos aprovados, al\u00e9m de 173 Projetos de Lei Ordin\u00e1ria, 6 Resolu\u00e7\u00f5es, 23 Decretos Legislativos e 5 Projetos de Lei Complementar. No total, 207 proposi\u00e7\u00f5es foram aprovadas neste primeiro semestre, consolidando um ritmo intenso de trabalho no plen\u00e1rio e nas comiss\u00f5es permanentes.<\/p>\n\n\n\n<p>Entre os principais projetos aprovados, destacam-se a vota\u00e7\u00e3o da Lei de Diretrizes Or\u00e7ament\u00e1rias (LDO), a quarta revis\u00e3o do Plano Plurianual (PPA) 2022-2025, que atualiza metas e programas da gest\u00e3o municipal conforme as novas necessidades da cidade, e a isen\u00e7\u00e3o do pagamento de IPTU para im\u00f3veis e com\u00e9rcios localizados pr\u00f3ximos a lagoas de capta\u00e7\u00e3o afetadas por enchentes.<\/p>\n\n\n\n<p>Outro ponto de destaque foi a aprova\u00e7\u00e3o da unifica\u00e7\u00e3o das prescri\u00e7\u00f5es urban\u00edsticas e ambientais das Zonas de Prote\u00e7\u00e3o Ambiental (ZPAs) da capital, modernizando o regramento urban\u00edstico com vistas \u00e0 sustentabilidade e ao desenvolvimento ordenado. Al\u00e9m disso, duas Comiss\u00f5es Especiais de Inqu\u00e9rito (CEIs) foram criadas para investigar e propor solu\u00e7\u00f5es em \u00e1reas estrat\u00e9gicas, refor\u00e7ando a fun\u00e7\u00e3o fiscalizadora do legislativo.<\/p>\n\n\n\n<p>Em sua fala, Eriko tamb\u00e9m fez quest\u00e3o de ressaltar a parceria com o Executivo Municipal: &#8220;Temos uma sintonia muito positiva com a gest\u00e3o do prefeito Paulinho Freire, que tem mostrado um comprometimento real com a cidade. As pra\u00e7as est\u00e3o sendo revitalizadas, a cidade est\u00e1 praticamente toda iluminada com l\u00e2mpadas de LED, o que aumenta a sensa\u00e7\u00e3o de seguran\u00e7a e incentiva a popula\u00e7\u00e3o a ocupar mais os espa\u00e7os p\u00fablicos, algo que inclusive, j\u00e1 tem reflexo na redu\u00e7\u00e3o de crimes em \u00e1reas mais iluminadas. Isso \u00e9 pol\u00edtica p\u00fablica funcionando de verdade&#8221;, destacou.<\/p>\n\n\n\n<p>O presidente da C\u00e2mara tamb\u00e9m destacou o sucesso do S\u00e3o Jo\u00e3o de Natal, que ganhou destaque no calend\u00e1rio nacional das grandes festividades. &#8220;Foi uma festa que colocou Natal no mapa das maiores festas juninas do Brasil. Um evento que mostra nossa cultura e que ainda gera renda, turismo e, al\u00e9m de tudo, a arrecada\u00e7\u00e3o de mais de 5 toneladas de alimentos para doa\u00e7\u00e3o. Uma festa linda que tamb\u00e9m cumpre um papel social&#8221;.<\/p>\n\n\n\n<p>Na \u00e1rea econ\u00f4mica, a capital potiguar tamb\u00e9m tem se destacado. Segundo Eriko, Natal vive um momento promissor de gera\u00e7\u00e3o de empregos, crescimento econ\u00f4mico e avan\u00e7os na educa\u00e7\u00e3o municipal. &#8220;Se em apenas seis meses j\u00e1 conseguimos avan\u00e7ar tanto, imagine o que vir\u00e1 at\u00e9 o fim desta legislatura. Estamos apenas come\u00e7ando e Natal j\u00e1 est\u00e1 colhendo os frutos de um trabalho s\u00e9rio, coletivo e voltado para todos&#8221;, concluiu.<\/p>\n","protected":false},"excerpt":{"rendered":"<p>O presidente da C\u00e2mara Municipal de Natal, vereador Eriko J\u00e1come, fez um balan\u00e7o do primeiro semestre de atividades legislativas da [&hellip;]<\/p>\n","protected":false},"author":1,"featured_media":0,"comment_status":"closed","ping_status":"","sticky":false,"template":"","format":"image","meta":{"site-sidebar-layout":"default","site-content-layout":"","ast-site-content-layout":"default","site-content-style":"default","site-sidebar-style":"default","ast-global-header-display":"","ast-banner-title-visibility":"","ast-main-header-display":"","ast-hfb-above-header-display":"","ast-hfb-below-header-display":"","ast-hfb-mobile-header-display":"","site-post-title":"","ast-breadcrumbs-content":"","ast-featured-img":"","footer-sml-layout":"","ast-disable-related-posts":"","theme-transparent-header-meta":"","adv-header-id-meta":"","stick-header-meta":"","header-above-stick-meta":"","header-main-stick-meta":"","header-below-stick-meta":"","astra-migrate-meta-layouts":"default","ast-page-background-enabled":"default","ast-page-background-meta":{"desktop":{"background-color":"var(--ast-global-color-4)","background-image":"","background-repeat":"repeat","background-position":"center center","background-size":"auto","background-attachment":"scroll","background-type":"","background-media":"","overlay-type":"","overlay-color":"","overlay-opacity":"","overlay-gradient":""},"tablet":{"background-color":"","background-image":"","background-repeat":"repeat","background-position":"center center","background-size":"auto","background-attachment":"scroll","background-type":"","background-media":"","overlay-type":"","overlay-color":"","overlay-opacity":"","overlay-gradient":""},"mobile":{"background-color":"","background-image":"","background-repeat":"repeat","background-position":"center center","background-size":"auto","background-attachment":"scroll","background-type":"","background-media":"","overlay-type":"","overlay-color":"","overlay-opacity":"","overlay-gradient":""}},"ast-content-background-meta":{"desktop":{"background-color":"var(--ast-global-color-5)","background-image":"","background-repeat":"repeat","background-position":"center center","background-size":"auto","background-attachment":"scroll","background-type":"","background-media":"","overlay-type":"","overlay-color":"","overlay-opacity":"","overlay-gradient":""},"tablet":{"background-color":"var(--ast-global-color-5)","background-image":"","background-repeat":"repeat","background-position":"center center","background-size":"auto","background-attachment":"scroll","background-type":"","background-media":"","overlay-type":"","overlay-color":"","overlay-opacity":"","overlay-gradient":""},"mobile":{"background-color":"var(--ast-global-color-5)","background-image":"","background-repeat":"repeat","background-position":"center center","background-size":"auto","background-attachment":"scroll","background-type":"","background-media":"","overlay-type":"","overlay-color":"","overlay-opacity":"","overlay-gradient":""}},"footnotes":""},"categories":[3816],"tags":[],"class_list":["post-28806","post","type-post","status-publish","format-image","hentry","category-camara-municipal-de-natal","post_format-post-format-image"],"_links":{"self":[{"href":"https:\/\/noticiasnoface.com.br\/index.php\/wp-json\/wp\/v2\/posts\/28806","targetHints":{"allow":["GET"]}}],"collection":[{"href":"https:\/\/noticiasnoface.com.br\/index.php\/wp-json\/wp\/v2\/posts"}],"about":[{"href":"https:\/\/noticiasnoface.com.br\/index.php\/wp-json\/wp\/v2\/types\/post"}],"author":[{"embeddable":true,"href":"https:\/\/noticiasnoface.com.br\/index.php\/wp-json\/wp\/v2\/users\/1"}],"replies":[{"embeddable":true,"href":"https:\/\/noticiasnoface.com.br\/index.php\/wp-json\/wp\/v2\/comments?post=28806"}],"version-history":[{"count":1,"href":"https:\/\/noticiasnoface.com.br\/index.php\/wp-json\/wp\/v2\/posts\/28806\/revisions"}],"predecessor-version":[{"id":28807,"href":"https:\/\/noticiasnoface.com.br\/index.php\/wp-json\/wp\/v2\/posts\/28806\/revisions\/28807"}],"wp:attachment":[{"href":"https:\/\/noticiasnoface.com.br\/index.php\/wp-json\/wp\/v2\/media?parent=28806"}],"wp:term":[{"taxonomy":"category","embeddable":true,"href":"https:\/\/noticiasnoface.com.br\/index.php\/wp-json\/wp\/v2\/categories?post=28806"},{"taxonomy":"post_tag","embeddable":true,"href":"https:\/\/noticiasnoface.com.br\/index.php\/wp-json\/wp\/v2\/tags?post=28806"}],"curies":[{"name":"wp","href":"https:\/\/api.w.org\/{rel}","templated":true}]}}