{"id":28819,"date":"2025-07-04T19:28:24","date_gmt":"2025-07-04T22:28:24","guid":{"rendered":"https:\/\/noticiasnoface.com.br\/?p=28819"},"modified":"2025-07-04T19:28:24","modified_gmt":"2025-07-04T22:28:24","slug":"rogerio-marinho-aciona-tcu-por-convenios-de-r-191-milhoes-entre-governo-lula-e-ong-ligada-ao-pt","status":"publish","type":"post","link":"https:\/\/noticiasnoface.com.br\/index.php\/2025\/07\/04\/rogerio-marinho-aciona-tcu-por-convenios-de-r-191-milhoes-entre-governo-lula-e-ong-ligada-ao-pt\/","title":{"rendered":"Rog\u00e9rio Marinho aciona TCU por conv\u00eanios de R$ 19,1 milh\u00f5es entre governo Lula e ONG ligada ao PT"},"content":{"rendered":"\n<figure class=\"wp-block-image size-large\"><img data-opt-id=1748419325  fetchpriority=\"high\" decoding=\"async\" width=\"640\" height=\"427\" src=\"https:\/\/mlbfrsat7ahr.i.optimole.com\/w:auto\/h:auto\/q:mauto\/ig:avif\/https:\/\/noticiasnoface.com.br\/wp-content\/uploads\/2025\/07\/74f2d14c-45d4-4c85-a9dd-2b9af4210e25-1.jpg\" class=\"wp-image-28818\" srcset=\"https:\/\/mlbfrsat7ahr.i.optimole.com\/w:640\/h:427\/q:mauto\/ig:avif\/https:\/\/noticiasnoface.com.br\/wp-content\/uploads\/2025\/07\/74f2d14c-45d4-4c85-a9dd-2b9af4210e25-1.jpg 640w, https:\/\/mlbfrsat7ahr.i.optimole.com\/w:300\/h:200\/q:mauto\/ig:avif\/https:\/\/noticiasnoface.com.br\/wp-content\/uploads\/2025\/07\/74f2d14c-45d4-4c85-a9dd-2b9af4210e25-1.jpg 300w\" sizes=\"(max-width: 640px) 100vw, 640px\" \/><\/figure>\n\n\n\n<p>O senador Rog\u00e9rio Marinho (PL-RN), l\u00edder da oposi\u00e7\u00e3o no Senado, acionou o Tribunal de Contas da Uni\u00e3o (TCU) para que apure poss\u00edveis irregularidades em oito conv\u00eanios, no valor total de R$ 19,1 milh\u00f5es, firmados pelos Minist\u00e9rios do Trabalho, dos Direitos Humanos e da Cidadania, e do Desenvolvimento Agr\u00e1rio e Agricultura Familiar com a ONG Unisol (Central de Cooperativas e Empreendimentos Solid\u00e1rios do Brasil).<\/p>\n\n\n\n<p>A representa\u00e7\u00e3o denuncia ao TCU a suspeita de desvio de finalidade, vi\u00e9s ideol\u00f3gico e favorecimento pol\u00edtico. A Unisol, alerta Rog\u00e9rio Marinho, \u00e9 dirigida por militantes filiados ao PT e funciona em uma sala de apenas 40 m\u00b2 no pr\u00e9dio do Sindicato dos Metal\u00fargicos do ABC, conforme reportagem publicada pelo jornal O Estado de S. Paulo. Para o l\u00edder da oposi\u00e7\u00e3o, isso compromete a capacidade da ONG de executar contratos de grande porte.<\/p>\n\n\n\n<p>Entre os projetos questionados, Rog\u00e9rio Marinho destaca o pagamento de R$ 400 mil para um curso sobre o \u201cgolpe contra Dilma Rousseff\u201d, R$ 200 mil para apoiar a \u201cFeira Esquerda Livre\u201d e, sobretudo, um contrato de R$ 15,8 milh\u00f5es, quitado integralmente de forma antecipada em 31 de dezembro de 2024, para retirada de lixo na Terra Ind\u00edgena Yanomami. O senador tamb\u00e9m menciona outras capacita\u00e7\u00f5es com conte\u00fado pol\u00edtico-ideol\u00f3gico, financiadas por emendas parlamentares de deputados do PT.<\/p>\n\n\n\n<p>A den\u00fancia sustenta que a antecipa\u00e7\u00e3o total dos valores, a aus\u00eancia de chamamento p\u00fablico e a falta de comprova\u00e7\u00e3o da capacidade t\u00e9cnica da ONG violam os princ\u00edpios constitucionais da legalidade, impessoalidade e moralidade, al\u00e9m de contrariar a Lei 13.019\/2014, que regula parcerias com organiza\u00e7\u00f5es da sociedade civil.<\/p>\n\n\n\n<p>Rog\u00e9rio Marinho pede que o TCU adote medida cautelar para suspender os repasses, intime os respons\u00e1veis nos inist\u00e9rios envolvidos e apure eventuais danos ao er\u00e1rio. \u201cLula usa o dinheiro do povo para bancar milit\u00e2ncia ideol\u00f3gica em ONG ligada ao PT, sem estrutura nem crit\u00e9rio. Denunciamos ao TCU esse esc\u00e2ndalo. N\u00e3o podemos permitir que aparelhem o Estado para sustentar narrativa e o aparelhamento da m\u00e1quina com dinheiro p\u00fablico\u201d, destacou em publica\u00e7\u00e3o nas redes sociais. Rota 22<\/p>\n","protected":false},"excerpt":{"rendered":"<p>O senador Rog\u00e9rio Marinho (PL-RN), l\u00edder da oposi\u00e7\u00e3o no Senado, acionou o Tribunal de Contas da Uni\u00e3o (TCU) para que [&hellip;]<\/p>\n","protected":false},"author":1,"featured_media":0,"comment_status":"closed","ping_status":"","sticky":false,"template":"","format":"image","meta":{"site-sidebar-layout":"default","site-content-layout":"","ast-site-content-layout":"default","site-content-style":"default","site-sidebar-style":"default","ast-global-header-display":"","ast-banner-title-visibility":"","ast-main-header-display":"","ast-hfb-above-header-display":"","ast-hfb-below-header-display":"","ast-hfb-mobile-header-display":"","site-post-title":"","ast-breadcrumbs-content":"","ast-featured-img":"","footer-sml-layout":"","ast-disable-related-posts":"","theme-transparent-header-meta":"","adv-header-id-meta":"","stick-header-meta":"","header-above-stick-meta":"","header-main-stick-meta":"","header-below-stick-meta":"","astra-migrate-meta-layouts":"default","ast-page-background-enabled":"default","ast-page-background-meta":{"desktop":{"background-color":"var(--ast-global-color-4)","background-image":"","background-repeat":"repeat","background-position":"center center","background-size":"auto","background-attachment":"scroll","background-type":"","background-media":"","overlay-type":"","overlay-color":"","overlay-opacity":"","overlay-gradient":""},"tablet":{"background-color":"","background-image":"","background-repeat":"repeat","background-position":"center center","background-size":"auto","background-attachment":"scroll","background-type":"","background-media":"","overlay-type":"","overlay-color":"","overlay-opacity":"","overlay-gradient":""},"mobile":{"background-color":"","background-image":"","background-repeat":"repeat","background-position":"center center","background-size":"auto","background-attachment":"scroll","background-type":"","background-media":"","overlay-type":"","overlay-color":"","overlay-opacity":"","overlay-gradient":""}},"ast-content-background-meta":{"desktop":{"background-color":"var(--ast-global-color-5)","background-image":"","background-repeat":"repeat","background-position":"center center","background-size":"auto","background-attachment":"scroll","background-type":"","background-media":"","overlay-type":"","overlay-color":"","overlay-opacity":"","overlay-gradient":""},"tablet":{"background-color":"var(--ast-global-color-5)","background-image":"","background-repeat":"repeat","background-position":"center center","background-size":"auto","background-attachment":"scroll","background-type":"","background-media":"","overlay-type":"","overlay-color":"","overlay-opacity":"","overlay-gradient":""},"mobile":{"background-color":"var(--ast-global-color-5)","background-image":"","background-repeat":"repeat","background-position":"center center","background-size":"auto","background-attachment":"scroll","background-type":"","background-media":"","overlay-type":"","overlay-color":"","overlay-opacity":"","overlay-gradient":""}},"footnotes":""},"categories":[517],"tags":[],"class_list":["post-28819","post","type-post","status-publish","format-image","hentry","category-aconteceu","post_format-post-format-image"],"_links":{"self":[{"href":"https:\/\/noticiasnoface.com.br\/index.php\/wp-json\/wp\/v2\/posts\/28819","targetHints":{"allow":["GET"]}}],"collection":[{"href":"https:\/\/noticiasnoface.com.br\/index.php\/wp-json\/wp\/v2\/posts"}],"about":[{"href":"https:\/\/noticiasnoface.com.br\/index.php\/wp-json\/wp\/v2\/types\/post"}],"author":[{"embeddable":true,"href":"https:\/\/noticiasnoface.com.br\/index.php\/wp-json\/wp\/v2\/users\/1"}],"replies":[{"embeddable":true,"href":"https:\/\/noticiasnoface.com.br\/index.php\/wp-json\/wp\/v2\/comments?post=28819"}],"version-history":[{"count":1,"href":"https:\/\/noticiasnoface.com.br\/index.php\/wp-json\/wp\/v2\/posts\/28819\/revisions"}],"predecessor-version":[{"id":28820,"href":"https:\/\/noticiasnoface.com.br\/index.php\/wp-json\/wp\/v2\/posts\/28819\/revisions\/28820"}],"wp:attachment":[{"href":"https:\/\/noticiasnoface.com.br\/index.php\/wp-json\/wp\/v2\/media?parent=28819"}],"wp:term":[{"taxonomy":"category","embeddable":true,"href":"https:\/\/noticiasnoface.com.br\/index.php\/wp-json\/wp\/v2\/categories?post=28819"},{"taxonomy":"post_tag","embeddable":true,"href":"https:\/\/noticiasnoface.com.br\/index.php\/wp-json\/wp\/v2\/tags?post=28819"}],"curies":[{"name":"wp","href":"https:\/\/api.w.org\/{rel}","templated":true}]}}