{"id":28832,"date":"2025-07-06T19:55:56","date_gmt":"2025-07-06T22:55:56","guid":{"rendered":"https:\/\/noticiasnoface.com.br\/?p=28832"},"modified":"2025-07-06T19:55:56","modified_gmt":"2025-07-06T22:55:56","slug":"mulher-de-sp-que-morreu-em-queda-de-rapel-era-educadora-e-amava-montanhismo","status":"publish","type":"post","link":"https:\/\/noticiasnoface.com.br\/index.php\/2025\/07\/06\/mulher-de-sp-que-morreu-em-queda-de-rapel-era-educadora-e-amava-montanhismo\/","title":{"rendered":"Mulher de SP que morreu em queda de rapel era educadora e amava montanhismo"},"content":{"rendered":"\n<figure class=\"wp-block-image size-large\"><img data-opt-id=1827560469  fetchpriority=\"high\" decoding=\"async\" src=\"file:\/\/\/private\/var\/mobile\/Containers\/Data\/Application\/2B5F0EFA-9CD2-46DC-A2DC-74FE2949AB0E\/tmp\/org.automattic.MediaImageServiceSymlinks\/thumbnail-260808fb-cf26-4652-a140-211132275a86-330x220.jpeg\" class=\"wp-image--634667182\"\/><\/figure>\n\n\n\n<p>&nbsp;<\/p>\n\n\n\n<p>\u200b<\/p>\n\n\n\n<h2 class=\"wp-block-heading subhead\">A Prefeitura de Cordeir\u00f3polis decretou luto oficial de tr\u00eas dias pela morte de Daiane Marques, que morreu em queda durante rapel em Po\u00e7os de Caldas (MG)<\/h2>\n\n\n\n<p><a href=\"https:\/\/www.em.com.br\/gerais\/2025\/07\/7193693-mulher-de-sp-que-morreu-em-queda-de-rapel-era-educadora-e-amava-montanhismo.html\" class=\"byline\" target=\"_blank\" rel=\"noopener\">Giovanna de Souza<\/a><\/p>\n\n\n\n\n\n<p>Daiane Marques, de 36 anos,&nbsp;<a href=\"https:\/\/www.em.com.br\/gerais\/2025\/07\/7193365-rapelista-de-sp-morre-em-queda-na-pedra-do-elefante-mg.html\" target=\"_blank\" rel=\"noreferrer noopener\"><strong>morreu em uma queda<\/strong><\/a>&nbsp;no final da tarde desse s\u00e1bado (5\/7) durante a pr\u00e1tica de rapel na Pedra do Elefante, pr\u00f3ximo \u00e0 cidade de&nbsp;<a href=\"https:\/\/www.em.com.br\/tudo-sobre\/pocos-de-caldas\/\" target=\"_blank\" rel=\"noreferrer noopener\"><strong>Po\u00e7os de Caldas<\/strong><\/a>&nbsp;(MG), na Regi\u00e3o Sul do estado.&nbsp;<\/p>\n\n\n\n<ul class=\"wp-block-list\">\n<li><strong><a href=\"https:\/\/www.em.com.br\/gerais\/2025\/07\/7193611-bh-arvore-oca-e-seca-leva-pbh-a-acao-durante-o-domingo-no-belvedere.html\" target=\"_blank\" rel=\"noreferrer noopener\">BH: \u00e1rvore oca e seca leva PBH \u00e0 a\u00e7\u00e3o durante o domingo no Belvedere<\/a><\/strong><\/li>\n<\/ul>\n\n\n\n<p>Daiane era servidora da Secretaria de Meio Ambiente da Prefeitura de Cordeir\u00f3polis, Regi\u00e3o Central do estado de S\u00e3o Paulo, h\u00e1 mais de 10 anos. Segundo a prefeitura, ela era respons\u00e1vel pela educa\u00e7\u00e3o ambiental.<\/p>\n\n\n\n<h3 class=\"wp-block-heading\">Leia Mais<\/h3>\n\n\n\n<p><a href=\"https:\/\/www.em.com.br\/gerais\/2025\/07\/7193464-apontado-como-autor-de-assassinato-e-morto-a-tiros-na-grande-bh.html\" target=\"_blank\" rel=\"noopener\">Apontado como autor de assassinato \u00e9 morto a tiros na Grande BH<\/a><\/p>\n\n\n\n<p><a href=\"https:\/\/www.em.com.br\/gerais\/2025\/07\/7193449-homem-e-assassinado-a-tiros-dentro-de-salao-de-beleza-de-bh.html\" target=\"_blank\" rel=\"noopener\">Homem \u00e9 assassinado a tiros dentro de sal\u00e3o de beleza de BH<\/a><\/p>\n\n\n\n<p><a href=\"https:\/\/www.em.com.br\/gerais\/2025\/07\/7193429-bh-motorista-fica-preso-as-ferragens-ao-bater-em-poste-na-av-do-contorno.html\" target=\"_blank\" rel=\"noopener\">BH: motorista fica preso \u00e0s ferragens ao bater em poste na Av do Contorno<\/a><\/p>\n\n\n\n<p>Nas redes sociais, a Prefeitura de Cordeir\u00f3polis decretou luto oficial de tr\u00eas dias. \u201cA prefeita Cristina Saad, o vice-prefeito Anderson Hespanhol Pique e a secret\u00e1ria Bruna Vidoretti se solidarizam com a fam\u00edlia, amigos e colegas de trabalho de Daiane\u201d, afirma a nota.&nbsp;<\/p>\n\n\n\n<ul class=\"wp-block-list\">\n<li><strong><a href=\"https:\/\/www.em.com.br\/gerais\/2025\/07\/7193389-guincho-perde-o-freio-invade-garagem-e-joga-carro-para-fora.html\" target=\"_blank\" rel=\"noreferrer noopener\">Guincho perde o freio, invade garagem e joga carro para fora<\/a><\/strong><\/li>\n\n\n\n<li><strong><a href=\"https:\/\/www.em.com.br\/gerais\/2025\/07\/7189957-mg-neblina-pode-ter-causado-acidente-entre-van-e-dois-caminhoes-na-br-153.html\" target=\"_blank\" rel=\"noreferrer noopener\">MG: neblina pode ter causado acidente entre van e dois caminh\u00f5es na BR-153<\/a><\/strong><\/li>\n<\/ul>\n\n\n\n<p>Conhecidos lamentam a morte de \u201cDaia\u201d, como carinhosamente \u00e9 chamada a rapelista. \u201cQue tristeza! Uma mulher muito inteligente e alegre. Me acompanhou durante meu est\u00e1gio ambiental na secretaria\u201d, comentou uma pessoa nas redes sociais.<\/p>\n\n\n\n<p>\u201cN\u00e3o t\u00f4 acreditando nisso, gente. Uma pessoa t\u00e3o alegre, sempre sorrindo. Amava treinar\u201d, disse outra. \u201cUma perda irrepar\u00e1vel para todos os amigos, familiares e comunidade do montanhismo. Estou de cora\u00e7\u00e3o partido. V\u00e1 em paz, linda e doce Daia\u201d, comentou uma amiga.<\/p>\n\n\n\n<h2 class=\"wp-block-heading\">O acidente<\/h2>\n\n\n\n<p>O&nbsp;<a href=\"https:\/\/www.em.com.br\/gerais\/2025\/07\/7191372-cidade-historica-clama-por-batalhao-de-bombeiros-apos-incendio-em-banco.html\" target=\"_blank\" rel=\"noreferrer noopener\"><strong>Corpo de Bombeiros<\/strong><\/a>&nbsp;Militar de Minas Gerais (CBMMG) foi acionado depois que Daiane sofreu uma queda faltando menos de 100 metros para a base da montanha. Ela praticava o esporte com a Secret\u00e1ria de Meio Ambiente de Cordeir\u00f3polis, Bruna Vidoretti, e um homem de 31 anos, que n\u00e3o teve sua identidade divulgada.&nbsp;<\/p>\n\n\n\n<p>Na solicita\u00e7\u00e3o, foi informado que Daiane bateu o corpo contra o pared\u00e3o rochoso e a vegeta\u00e7\u00e3o da base da montanha. O grupo concluiu a descida e encontrou a v\u00edtima desacordada.&nbsp;<\/p>\n\n\n\n<ul class=\"wp-block-list\">\n<li><strong><a href=\"https:\/\/www.em.com.br\/gerais\/2025\/06\/7163558-duas-pessoas-ficaram-feridas-em-queda-de-carro-em-corrego-em-bh.html\" target=\"_blank\" rel=\"noreferrer noopener\">Duas pessoas ficaram feridas em queda de carro em c\u00f3rrego em BH<\/a><\/strong><\/li>\n<\/ul>\n\n\n\n<p>Os bombeiros seguiram por uma trilha de seis quil\u00f4metros em mata fechada at\u00e9 encontrar a v\u00edtima. Conforme a corpora\u00e7\u00e3o, ela foi encontrada sem sinais vitais, devido aos traumas da queda.&nbsp;<\/p>\n\n\n\n<p><\/p>\n","protected":false},"excerpt":{"rendered":"<p>&nbsp; \u200b A Prefeitura de Cordeir\u00f3polis decretou luto oficial de tr\u00eas dias pela morte de Daiane Marques, que morreu em [&hellip;]<\/p>\n","protected":false},"author":1,"featured_media":0,"comment_status":"closed","ping_status":"","sticky":false,"template":"","format":"image","meta":{"site-sidebar-layout":"default","site-content-layout":"","ast-site-content-layout":"default","site-content-style":"default","site-sidebar-style":"default","ast-global-header-display":"","ast-banner-title-visibility":"","ast-main-header-display":"","ast-hfb-above-header-display":"","ast-hfb-below-header-display":"","ast-hfb-mobile-header-display":"","site-post-title":"","ast-breadcrumbs-content":"","ast-featured-img":"","footer-sml-layout":"","ast-disable-related-posts":"","theme-transparent-header-meta":"","adv-header-id-meta":"","stick-header-meta":"","header-above-stick-meta":"","header-main-stick-meta":"","header-below-stick-meta":"","astra-migrate-meta-layouts":"default","ast-page-background-enabled":"default","ast-page-background-meta":{"desktop":{"background-color":"var(--ast-global-color-4)","background-image":"","background-repeat":"repeat","background-position":"center center","background-size":"auto","background-attachment":"scroll","background-type":"","background-media":"","overlay-type":"","overlay-color":"","overlay-opacity":"","overlay-gradient":""},"tablet":{"background-color":"","background-image":"","background-repeat":"repeat","background-position":"center center","background-size":"auto","background-attachment":"scroll","background-type":"","background-media":"","overlay-type":"","overlay-color":"","overlay-opacity":"","overlay-gradient":""},"mobile":{"background-color":"","background-image":"","background-repeat":"repeat","background-position":"center center","background-size":"auto","background-attachment":"scroll","background-type":"","background-media":"","overlay-type":"","overlay-color":"","overlay-opacity":"","overlay-gradient":""}},"ast-content-background-meta":{"desktop":{"background-color":"var(--ast-global-color-5)","background-image":"","background-repeat":"repeat","background-position":"center center","background-size":"auto","background-attachment":"scroll","background-type":"","background-media":"","overlay-type":"","overlay-color":"","overlay-opacity":"","overlay-gradient":""},"tablet":{"background-color":"var(--ast-global-color-5)","background-image":"","background-repeat":"repeat","background-position":"center center","background-size":"auto","background-attachment":"scroll","background-type":"","background-media":"","overlay-type":"","overlay-color":"","overlay-opacity":"","overlay-gradient":""},"mobile":{"background-color":"var(--ast-global-color-5)","background-image":"","background-repeat":"repeat","background-position":"center center","background-size":"auto","background-attachment":"scroll","background-type":"","background-media":"","overlay-type":"","overlay-color":"","overlay-opacity":"","overlay-gradient":""}},"footnotes":""},"categories":[517],"tags":[],"class_list":["post-28832","post","type-post","status-publish","format-image","hentry","category-aconteceu","post_format-post-format-image"],"_links":{"self":[{"href":"https:\/\/noticiasnoface.com.br\/index.php\/wp-json\/wp\/v2\/posts\/28832","targetHints":{"allow":["GET"]}}],"collection":[{"href":"https:\/\/noticiasnoface.com.br\/index.php\/wp-json\/wp\/v2\/posts"}],"about":[{"href":"https:\/\/noticiasnoface.com.br\/index.php\/wp-json\/wp\/v2\/types\/post"}],"author":[{"embeddable":true,"href":"https:\/\/noticiasnoface.com.br\/index.php\/wp-json\/wp\/v2\/users\/1"}],"replies":[{"embeddable":true,"href":"https:\/\/noticiasnoface.com.br\/index.php\/wp-json\/wp\/v2\/comments?post=28832"}],"version-history":[{"count":1,"href":"https:\/\/noticiasnoface.com.br\/index.php\/wp-json\/wp\/v2\/posts\/28832\/revisions"}],"predecessor-version":[{"id":28833,"href":"https:\/\/noticiasnoface.com.br\/index.php\/wp-json\/wp\/v2\/posts\/28832\/revisions\/28833"}],"wp:attachment":[{"href":"https:\/\/noticiasnoface.com.br\/index.php\/wp-json\/wp\/v2\/media?parent=28832"}],"wp:term":[{"taxonomy":"category","embeddable":true,"href":"https:\/\/noticiasnoface.com.br\/index.php\/wp-json\/wp\/v2\/categories?post=28832"},{"taxonomy":"post_tag","embeddable":true,"href":"https:\/\/noticiasnoface.com.br\/index.php\/wp-json\/wp\/v2\/tags?post=28832"}],"curies":[{"name":"wp","href":"https:\/\/api.w.org\/{rel}","templated":true}]}}