{"id":28865,"date":"2025-07-08T21:52:27","date_gmt":"2025-07-09T00:52:27","guid":{"rendered":"https:\/\/noticiasnoface.com.br\/?p=28865"},"modified":"2025-07-08T21:52:27","modified_gmt":"2025-07-09T00:52:27","slug":"monitor-diz-que-utilizou-pa-de-pedreiro-para-conter-ataque-em-escola-do-rs","status":"publish","type":"post","link":"https:\/\/noticiasnoface.com.br\/index.php\/2025\/07\/08\/monitor-diz-que-utilizou-pa-de-pedreiro-para-conter-ataque-em-escola-do-rs\/","title":{"rendered":"Monitor diz que utilizou p\u00e1 de pedreiro para conter ataque em escola do RS"},"content":{"rendered":"\n<h2 class=\"wp-block-heading subhead\">Adolescente matou menino de 9 anos e deixou uma menina e uma professora feridas<\/h2>\n\n\n\n<p>08\/07\/25 \u00e0s 21:47&nbsp;|&nbsp;Atualizado&nbsp;08\/07\/25 \u00e0s 21:47<\/p>\n\n\n\n<figure class=\"wp-block-image\"><img data-opt-id=798664385  fetchpriority=\"high\" decoding=\"async\" src=\"https:\/\/admin.cnnbrasil.com.br\/wp-content\/uploads\/sites\/12\/2025\/07\/ESCOLA-ESTACAO-RS-1.jpg?w=419&amp;h=283&amp;crop=0\" alt=\"Adolescente invadiu escola municipal em Esta\u00e7\u00e3o, no Norte do Rio Grande do Sul\"\/><figcaption class=\"wp-element-caption\">Adolescente invadiu escola municipal em Esta\u00e7\u00e3o, no Norte do Rio Grande do Sul&nbsp; \u2022&nbsp;Diego Camargo\/Portal&nbsp;Tch\u00ea<\/figcaption><\/figure>\n\n\n\n<p>O monitor da Escola Municipal Maria Nascimento Giacomazzi, em Esta\u00e7\u00e3o, no norte do Rio Grande do Sul, foi uma das testemunhas do ataque desta ter\u00e7a-feira (8). Luiz Carlos dos Santos contou \u00e0&nbsp;<strong>CNN<\/strong>&nbsp;que chegou a entrar em luta corporal com o adolescente de 16 anos que atacou duas crian\u00e7as e uma professora a facadas. Um menino de 9 anos morreu.<\/p>\n\n\n\n<p>De acordo com Luiz, por volta de 9h45, ele estava arrumando os brinquedos das crian\u00e7as, j\u00e1 que era quase hora do intervalo.<\/p>\n\n\n\n<p>Neste momento, o adolescente chegou \u00e0 escola e teria pedido para fazer xerox de um curr\u00edculo. Conforme o monitor, o jovem \u00e9 \u201cuma pessoa conhecida da cidade, um guri de boa fam\u00edlia\u201d.<\/p>\n\n\n\n<p><strong><a href=\"https:\/\/www.cnnbrasil.com.br\/nacional\/sul\/rs\/o-que-aconteceu-nao-pode-ser-naturalizado-diz-eduardo-leite-sobre-ataque\/\" target=\"_blank\" rel=\"noopener\">&#8220;O que aconteceu n\u00e3o pode ser naturalizado&#8221;, diz Eduardo Leite sobre ataque<\/a><\/strong><\/p>\n\n\n\n<p>Depois de pedir para ir ao banheiro, o menor foi em dire\u00e7\u00e3o a uma sala de aula.<\/p>\n\n\n\n<p>\u201cEle estava com uma mochila nas costas, mas tudo numa boa. Quando v\u00ea, ele enfezou para as salas. Ele chegou em uma sala de aula e arrancou uma faca\u201d.<\/p>\n\n\n\n<p>O monitor relata que, ao perceber a situa\u00e7\u00e3o, solicitou aos alunos, que eram da turma do 5\u00ba ano do ensino fundamental, para que sa\u00edssem do local.<\/p>\n\n\n\n<p>O adolescente, ent\u00e3o, foi para outra sala. Dessa vez, com alunos do 3\u00ba ano do fundamental. Luiz conta que entrou em luta corporal com o agressor.<\/p>\n\n\n\n<p>\u201cEu consegui pegar uma p\u00e1, aquelas de pedreiro, e comecei a tirar as crian\u00e7as da frente. Ele envolveu uma crian\u00e7a no fundo da sala, foi essa crian\u00e7a que ele acabou matando\u201d.<\/p>\n\n\n\n<p>O funcion\u00e1rio da escola conta que o adolescente ainda lan\u00e7ou bombinhas no ch\u00e3o.<\/p>\n\n\n\n<p>Luiz Carlos conseguiu ir ao p\u00e1tio da institui\u00e7\u00e3o e pedir ajuda. \u201cLogo encheu, tumultuou a frente da escola, foi onde conseguiram reter o cara n\u00e9\u201d.<\/p>\n\n\n\n<p>O monitor diz que toda a comunidade de Esta\u00e7\u00e3o est\u00e1 em choque: \u201c\u00e9 um momento triste para os pais, para as crian\u00e7as que estudam na escola, professores, trabalhadores. A comunidade jamais esperava, mas \u00e9 s\u00f3 Deus para nos dar for\u00e7a\u201d.<\/p>\n\n\n\n<h2 class=\"wp-block-heading\">Relembre o caso<\/h2>\n\n\n\n<p>Um&nbsp;<a href=\"https:\/\/www.cnnbrasil.com.br\/nacional\/sul\/rs\/adolescente-e-preso-por-realizar-ataque-a-escola-no-rio-grande-do-sul\/\" target=\"_blank\" rel=\"noopener\">adolescente de 16 anos foi apreendido&nbsp;<\/a>na manh\u00e3 desta ter\u00e7a-feira (8), ap\u00f3s realizar um<a href=\"https:\/\/www.cnnbrasil.com.br\/nacional\/sul\/rs\/ataque-a-escola-deixa-uma-crianca-morta-e-duas-feridas-no-rs\/\" target=\"_blank\" rel=\"noopener\">&nbsp;ataque a Escola Municipal de Ensino Fundamental Maria Nascimento Giacomazzi<\/a>, no munic\u00edpio de Esta\u00e7\u00e3o, Regi\u00e3o Norte do Rio Grande do Sul. Uma crian\u00e7a foi morta e outras duas pessoas ficaram feridas.<\/p>\n\n\n\n<p>As v\u00edtimas do ataque foram duas crian\u00e7as, uma de 8 anos e outra de 9 anos. Ambas foram socorridas, mas a mais velha n\u00e3o resistiu aos ferimentos e foi a \u00f3bito. Uma professora, de 34 anos, tamb\u00e9m foi atingida ao tentar intervir no ataque.<\/p>\n\n\n\n<p>Tanto a docente quanto a crian\u00e7a mais nova ferida est\u00e3o em estado est\u00e1vel.<\/p>\n\n\n\n<p>A Policia Civil do Estado do Rio Grande do Sul afirmou que est\u00e1 investigando as motiva\u00e7\u00f5es do delito, mas ainda n\u00e3o obteve elementos suficientes para esclarecer os fatos.<\/p>\n","protected":false},"excerpt":{"rendered":"<p>Adolescente matou menino de 9 anos e deixou uma menina e uma professora feridas 08\/07\/25 \u00e0s 21:47&nbsp;|&nbsp;Atualizado&nbsp;08\/07\/25 \u00e0s 21:47 O [&hellip;]<\/p>\n","protected":false},"author":1,"featured_media":0,"comment_status":"closed","ping_status":"","sticky":false,"template":"","format":"image","meta":{"site-sidebar-layout":"default","site-content-layout":"","ast-site-content-layout":"default","site-content-style":"default","site-sidebar-style":"default","ast-global-header-display":"","ast-banner-title-visibility":"","ast-main-header-display":"","ast-hfb-above-header-display":"","ast-hfb-below-header-display":"","ast-hfb-mobile-header-display":"","site-post-title":"","ast-breadcrumbs-content":"","ast-featured-img":"","footer-sml-layout":"","ast-disable-related-posts":"","theme-transparent-header-meta":"","adv-header-id-meta":"","stick-header-meta":"","header-above-stick-meta":"","header-main-stick-meta":"","header-below-stick-meta":"","astra-migrate-meta-layouts":"default","ast-page-background-enabled":"default","ast-page-background-meta":{"desktop":{"background-color":"var(--ast-global-color-4)","background-image":"","background-repeat":"repeat","background-position":"center center","background-size":"auto","background-attachment":"scroll","background-type":"","background-media":"","overlay-type":"","overlay-color":"","overlay-opacity":"","overlay-gradient":""},"tablet":{"background-color":"","background-image":"","background-repeat":"repeat","background-position":"center center","background-size":"auto","background-attachment":"scroll","background-type":"","background-media":"","overlay-type":"","overlay-color":"","overlay-opacity":"","overlay-gradient":""},"mobile":{"background-color":"","background-image":"","background-repeat":"repeat","background-position":"center center","background-size":"auto","background-attachment":"scroll","background-type":"","background-media":"","overlay-type":"","overlay-color":"","overlay-opacity":"","overlay-gradient":""}},"ast-content-background-meta":{"desktop":{"background-color":"var(--ast-global-color-5)","background-image":"","background-repeat":"repeat","background-position":"center center","background-size":"auto","background-attachment":"scroll","background-type":"","background-media":"","overlay-type":"","overlay-color":"","overlay-opacity":"","overlay-gradient":""},"tablet":{"background-color":"var(--ast-global-color-5)","background-image":"","background-repeat":"repeat","background-position":"center center","background-size":"auto","background-attachment":"scroll","background-type":"","background-media":"","overlay-type":"","overlay-color":"","overlay-opacity":"","overlay-gradient":""},"mobile":{"background-color":"var(--ast-global-color-5)","background-image":"","background-repeat":"repeat","background-position":"center center","background-size":"auto","background-attachment":"scroll","background-type":"","background-media":"","overlay-type":"","overlay-color":"","overlay-opacity":"","overlay-gradient":""}},"footnotes":""},"categories":[517],"tags":[],"class_list":["post-28865","post","type-post","status-publish","format-image","hentry","category-aconteceu","post_format-post-format-image"],"_links":{"self":[{"href":"https:\/\/noticiasnoface.com.br\/index.php\/wp-json\/wp\/v2\/posts\/28865","targetHints":{"allow":["GET"]}}],"collection":[{"href":"https:\/\/noticiasnoface.com.br\/index.php\/wp-json\/wp\/v2\/posts"}],"about":[{"href":"https:\/\/noticiasnoface.com.br\/index.php\/wp-json\/wp\/v2\/types\/post"}],"author":[{"embeddable":true,"href":"https:\/\/noticiasnoface.com.br\/index.php\/wp-json\/wp\/v2\/users\/1"}],"replies":[{"embeddable":true,"href":"https:\/\/noticiasnoface.com.br\/index.php\/wp-json\/wp\/v2\/comments?post=28865"}],"version-history":[{"count":1,"href":"https:\/\/noticiasnoface.com.br\/index.php\/wp-json\/wp\/v2\/posts\/28865\/revisions"}],"predecessor-version":[{"id":28866,"href":"https:\/\/noticiasnoface.com.br\/index.php\/wp-json\/wp\/v2\/posts\/28865\/revisions\/28866"}],"wp:attachment":[{"href":"https:\/\/noticiasnoface.com.br\/index.php\/wp-json\/wp\/v2\/media?parent=28865"}],"wp:term":[{"taxonomy":"category","embeddable":true,"href":"https:\/\/noticiasnoface.com.br\/index.php\/wp-json\/wp\/v2\/categories?post=28865"},{"taxonomy":"post_tag","embeddable":true,"href":"https:\/\/noticiasnoface.com.br\/index.php\/wp-json\/wp\/v2\/tags?post=28865"}],"curies":[{"name":"wp","href":"https:\/\/api.w.org\/{rel}","templated":true}]}}