{"id":28879,"date":"2025-07-10T21:48:29","date_gmt":"2025-07-11T00:48:29","guid":{"rendered":"https:\/\/noticiasnoface.com.br\/?p=28879"},"modified":"2025-07-10T21:48:29","modified_gmt":"2025-07-11T00:48:29","slug":"lula-cobra-acordo-sobre-iof-e-ameaca-cortar-emendas-parlamentares","status":"publish","type":"post","link":"https:\/\/noticiasnoface.com.br\/index.php\/2025\/07\/10\/lula-cobra-acordo-sobre-iof-e-ameaca-cortar-emendas-parlamentares\/","title":{"rendered":"Lula cobra acordo sobre IOF e amea\u00e7a cortar emendas parlamentares"},"content":{"rendered":"\n<p><\/p>\n\n\n\n<p>\u200b<\/p>\n\n\n\n<h2 class=\"wp-block-heading subhead\">Presidente garantiu que vai insistir no aumento do IOF e ressaltou que editar decretos \u00e9 de responsabilidade do presidente da Rep\u00fablica<\/h2>\n\n\n\n<p>10\/07\/25 \u00e0s 21:46&nbsp;|&nbsp;Atualizado&nbsp;10\/07\/25 \u00e0s 21:46<\/p>\n\n\n\n<figure class=\"wp-block-image\"><img data-opt-id=1680165380  fetchpriority=\"high\" decoding=\"async\" src=\"https:\/\/admin.cnnbrasil.com.br\/wp-content\/uploads\/sites\/12\/Reuters_Direct_Media\/BrazilOnlineReportDomesticNews\/tagreuters.com2025binary_LYNXNPEL520QM-BASEIMAGE.jpg?w=419&amp;h=283&amp;crop=0\" alt=\"\"\/><figcaption class=\"wp-element-caption\">Presidente Luiz In\u00e1cio Lula da Silva&nbsp; \u2022&nbsp;18\/03\/2025 &#8211; Reuters\/Adriano Machado\u2028<\/figcaption><\/figure>\n\n\n\n<p>ouvir not\u00edcia<\/p>\n\n\n\n<p>0:00&nbsp;1.0x<\/p>\n\n\n\n<p>O presidente<strong>&nbsp;Luiz In\u00e1cio Lula da Silva<\/strong>&nbsp;(PT) cobrou, nesta quinta-feira (10), que o Executivo e o Congresso cheguem a um acordo sobre o impasse envolvendo a revoga\u00e7\u00e3o do decreto que aumentava o<strong>&nbsp;IOF (Imposto sobre Opera\u00e7\u00f5es Financeiras)<\/strong>.<\/p>\n\n\n\n<p>Lula afirmou que, se for necess\u00e1rio cortar gastos para compensar a derrubada do decreto, as emendas parlamentares tamb\u00e9m ser\u00e3o afetadas.<\/p>\n\n\n\n<p>\u201cO deputado sabe que, se eu tiver que cortar R$10 bi, vou cortar das emendas dele tamb\u00e9m, ele sabe disso. Ent\u00e3o \u00e9 importante a gente chegar num ponto de acordo\u201d, disse em entrevista ao &#8220;<strong>Jornal da Record&#8221;<\/strong>.<\/p>\n\n\n\n<p>O presidente garantiu que vai insistir no aumento do IOF e ressaltou que editar decretos \u00e9 de responsabilidade do presidente da Rep\u00fablica.<\/p>\n\n\n\n<p>\u201cEu vou manter o IOF, se tiver um item no IOF que esteja errado, revemos aquele item, mas o IOF vai continuar\u201d, afirmou.;<\/p>\n\n\n\n<p>O imbr\u00f3glio que cerca a derrubada do decreto presidencial sobre o aumento do IOF (Imposto Sobre Opera\u00e7\u00f5es Financeiras) foi pauta da reuni\u00e3o de l\u00edderes da C\u00e2mara dos Deputados nesta semana.<\/p>\n\n\n\n<p>Ap\u00f3s o encontro, l\u00edderes do governo defenderam, em coletiva de imprensa, a constru\u00e7\u00e3o de um caminho para tampar o &#8220;buraco&#8221; do IOF e amea\u00e7aram a possibilidade de um corte em programas sociais para tentar contornar esse d\u00e9ficit.<\/p>\n\n\n\n<p>Na ter\u00e7a-feira passada (1\u00ba), o governo acionou o STF para tentar reverter a decis\u00e3o do Congresso que derrubou o decreto presidencial sobre o imposto.<\/p>\n\n\n\n<p>A a\u00e7\u00e3o pede que a Corte reconhe\u00e7a a constitucionalidade do decreto. Por meio da AGU, o governo argumenta que o Congresso extrapolou sua compet\u00eancia ao anular a medida.<\/p>\n\n\n\n<p>Na \u00faltima sexta-feira (4), o ministro do STF Alexandre de Moraes, relator do caso, suspendeu os efeitos de atos do Executivo e do Legislativo relacionados ao aumento do IOF e determinou a realiza\u00e7\u00e3o de uma audi\u00eancia de concilia\u00e7\u00e3o entre os Poderes. A audi\u00eancia est\u00e1 marcada para o dia 15 de julho.<\/p>\n\n\n\n<p>O conflito sobre o imposto teve in\u00edcio em maio, quando o governo editou o decreto buscando aumentar a arrecada\u00e7\u00e3o e cumprir as metas do arcabou\u00e7o fiscal.<\/p>\n\n\n\n<p>A medida provocou forte rea\u00e7\u00e3o no Congresso e no mercado financeiro. Semanas depois, C\u00e2mara e Senado aprovaram, no mesmo dia, um projeto de decreto legislativo (PDL) para derrubar o aumento do IOF.<\/p>\n\n\n\n<p>Com a revoga\u00e7\u00e3o do decreto, uma outra forma precisa ser encontrada para cumprir a meta.<\/p>\n","protected":false},"excerpt":{"rendered":"<p>\u200b Presidente garantiu que vai insistir no aumento do IOF e ressaltou que editar decretos \u00e9 de responsabilidade do presidente [&hellip;]<\/p>\n","protected":false},"author":1,"featured_media":0,"comment_status":"closed","ping_status":"","sticky":false,"template":"","format":"image","meta":{"site-sidebar-layout":"default","site-content-layout":"","ast-site-content-layout":"default","site-content-style":"default","site-sidebar-style":"default","ast-global-header-display":"","ast-banner-title-visibility":"","ast-main-header-display":"","ast-hfb-above-header-display":"","ast-hfb-below-header-display":"","ast-hfb-mobile-header-display":"","site-post-title":"","ast-breadcrumbs-content":"","ast-featured-img":"","footer-sml-layout":"","ast-disable-related-posts":"","theme-transparent-header-meta":"","adv-header-id-meta":"","stick-header-meta":"","header-above-stick-meta":"","header-main-stick-meta":"","header-below-stick-meta":"","astra-migrate-meta-layouts":"default","ast-page-background-enabled":"default","ast-page-background-meta":{"desktop":{"background-color":"var(--ast-global-color-4)","background-image":"","background-repeat":"repeat","background-position":"center center","background-size":"auto","background-attachment":"scroll","background-type":"","background-media":"","overlay-type":"","overlay-color":"","overlay-opacity":"","overlay-gradient":""},"tablet":{"background-color":"","background-image":"","background-repeat":"repeat","background-position":"center center","background-size":"auto","background-attachment":"scroll","background-type":"","background-media":"","overlay-type":"","overlay-color":"","overlay-opacity":"","overlay-gradient":""},"mobile":{"background-color":"","background-image":"","background-repeat":"repeat","background-position":"center center","background-size":"auto","background-attachment":"scroll","background-type":"","background-media":"","overlay-type":"","overlay-color":"","overlay-opacity":"","overlay-gradient":""}},"ast-content-background-meta":{"desktop":{"background-color":"var(--ast-global-color-5)","background-image":"","background-repeat":"repeat","background-position":"center center","background-size":"auto","background-attachment":"scroll","background-type":"","background-media":"","overlay-type":"","overlay-color":"","overlay-opacity":"","overlay-gradient":""},"tablet":{"background-color":"var(--ast-global-color-5)","background-image":"","background-repeat":"repeat","background-position":"center center","background-size":"auto","background-attachment":"scroll","background-type":"","background-media":"","overlay-type":"","overlay-color":"","overlay-opacity":"","overlay-gradient":""},"mobile":{"background-color":"var(--ast-global-color-5)","background-image":"","background-repeat":"repeat","background-position":"center center","background-size":"auto","background-attachment":"scroll","background-type":"","background-media":"","overlay-type":"","overlay-color":"","overlay-opacity":"","overlay-gradient":""}},"footnotes":""},"categories":[517],"tags":[],"class_list":["post-28879","post","type-post","status-publish","format-image","hentry","category-aconteceu","post_format-post-format-image"],"_links":{"self":[{"href":"https:\/\/noticiasnoface.com.br\/index.php\/wp-json\/wp\/v2\/posts\/28879","targetHints":{"allow":["GET"]}}],"collection":[{"href":"https:\/\/noticiasnoface.com.br\/index.php\/wp-json\/wp\/v2\/posts"}],"about":[{"href":"https:\/\/noticiasnoface.com.br\/index.php\/wp-json\/wp\/v2\/types\/post"}],"author":[{"embeddable":true,"href":"https:\/\/noticiasnoface.com.br\/index.php\/wp-json\/wp\/v2\/users\/1"}],"replies":[{"embeddable":true,"href":"https:\/\/noticiasnoface.com.br\/index.php\/wp-json\/wp\/v2\/comments?post=28879"}],"version-history":[{"count":1,"href":"https:\/\/noticiasnoface.com.br\/index.php\/wp-json\/wp\/v2\/posts\/28879\/revisions"}],"predecessor-version":[{"id":28880,"href":"https:\/\/noticiasnoface.com.br\/index.php\/wp-json\/wp\/v2\/posts\/28879\/revisions\/28880"}],"wp:attachment":[{"href":"https:\/\/noticiasnoface.com.br\/index.php\/wp-json\/wp\/v2\/media?parent=28879"}],"wp:term":[{"taxonomy":"category","embeddable":true,"href":"https:\/\/noticiasnoface.com.br\/index.php\/wp-json\/wp\/v2\/categories?post=28879"},{"taxonomy":"post_tag","embeddable":true,"href":"https:\/\/noticiasnoface.com.br\/index.php\/wp-json\/wp\/v2\/tags?post=28879"}],"curies":[{"name":"wp","href":"https:\/\/api.w.org\/{rel}","templated":true}]}}