{"id":28881,"date":"2025-07-10T21:49:15","date_gmt":"2025-07-11T00:49:15","guid":{"rendered":"https:\/\/noticiasnoface.com.br\/?p=28881"},"modified":"2025-07-10T21:49:15","modified_gmt":"2025-07-11T00:49:15","slug":"nunca-me-preocupei-que-o-trump-recebesse-bolsonaro-diz-lula","status":"publish","type":"post","link":"https:\/\/noticiasnoface.com.br\/index.php\/2025\/07\/10\/nunca-me-preocupei-que-o-trump-recebesse-bolsonaro-diz-lula\/","title":{"rendered":"Nunca me preocupei que o Trump recebesse Bolsonaro, diz Lula"},"content":{"rendered":"\n<p><\/p>\n\n\n\n<p>\u200b<\/p>\n\n\n\n<h2 class=\"wp-block-heading subhead\">Declara\u00e7\u00f5es foram dadas em meio \u00e0s rea\u00e7\u00f5es \u00e0 carta enviada pelo presidente norte-amerciano ao governo brasileiro<\/h2>\n\n\n\n<p>10\/07\/25 \u00e0s 21:43&nbsp;|&nbsp;Atualizado&nbsp;10\/07\/25 \u00e0s 21:43<\/p>\n\n\n\n<figure class=\"wp-block-image\"><img data-opt-id=1620839030  fetchpriority=\"high\" decoding=\"async\" src=\"https:\/\/admin.cnnbrasil.com.br\/wp-content\/uploads\/sites\/12\/2025\/06\/54585346121_ddccc9e7c6_o.jpg?w=419&amp;h=283&amp;crop=0\" alt=\"\"\/><figcaption class=\"wp-element-caption\">O presidente Luiz In\u00e1cio Lula da Silva (PT)&nbsp; \u2022&nbsp;12.06.2025 &#8211; Ricardo Stuckert\/PR<\/figcaption><\/figure>\n\n\n\n<p>ouvir not\u00edcia<\/p>\n\n\n\n<p>0:00&nbsp;1.0x<\/p>\n\n\n\n<p>O presidente<strong>&nbsp;Luiz In\u00e1cio Lula da Silva<\/strong>&nbsp;(PT) afirmou nesta quarta-feira (10) que n\u00e3o v\u00ea problema na rela\u00e7\u00e3o entre o ex-presidente&nbsp;<strong>Jair Bolsonaro<\/strong>&nbsp;(PL) e o presidente dos Estados Unidos,&nbsp;<strong>Donald Trump<\/strong>, destacando que encontros entre l\u00edderes fazem parte da liberdade de cada chefe de Estado.<\/p>\n\n\n\n<p>\u201cNunca me preocupei que o Trump recebesse o Bolsonaro, ou qualquer pessoa.&nbsp;<strong>\u00c9 direito de cada presidente fazer o que quiser<\/strong>\u201d, disse Lula ao &#8220;Jornal Nacional&#8221;, da TV Globo.<\/p>\n\n\n\n<p>As declara\u00e7\u00f5es foram dadas em meio \u00e0s rea\u00e7\u00f5es&nbsp;<a href=\"https:\/\/www.cnnbrasil.com.br\/economia\/macroeconomia\/leia-integra-da-carta-de-donald-trump-que-anuncia-taxa-de-50-para-o-brasil\/\" target=\"_blank\" rel=\"noopener\">\u00e0 carta enviada por Trump ao governo brasileiro<\/a>, na qual o presidente norte-americano criticou o julgamento de Bolsonaro no&nbsp;<strong>STF (Supremo Tribunal Federal)<\/strong>&nbsp;e anunciou uma tarifa de 50% sobre produtos brasileiros.<\/p>\n\n\n\n<p>Lula rebateu a postura do republicano, afirmando que&nbsp;<strong>\u201co que n\u00e3o \u00e9 direito \u00e9 um presidente querer dar palpite na Justi\u00e7a de outro pa\u00eds\u201d<\/strong>.<\/p>\n\n\n\n<p>Lula tamb\u00e9m citou o epis\u00f3dio em que visitou a&nbsp;<a href=\"https:\/\/www.cnnbrasil.com.br\/internacional\/cristina-kirchner-chama-visita-de-lula-de-ato-politico-de-solidariedade\/\" target=\"_blank\" rel=\"noopener\">ex-presidente argentina Cristina Kirchner<\/a>&nbsp;em pris\u00e3o domiciliar neste m\u00eas, enfatizando que a viagem ocorreu com autoriza\u00e7\u00e3o judicial.<\/p>\n\n\n\n<p>\u201cEu fui visitar a presidenta da Argentina com autoriza\u00e7\u00e3o da Justi\u00e7a argentina. Eu s\u00f3 fui l\u00e1 porque a Justi\u00e7a decidiu que eu fosse visitar, atendendo a um pedido da pr\u00f3pria Cristina&#8221;, declarou.<\/p>\n\n\n\n<p>O presidente da Rep\u00fablica ainda refor\u00e7ou a import\u00e2ncia de respeitar&nbsp;<a href=\"https:\/\/www.cnnbrasil.com.br\/internacional\/trump-media-busca-provar-violacao-de-soberania-por-moraes-diz-especialista\/\" target=\"_blank\" rel=\"noopener\">a soberania das decis\u00f5es judiciais<\/a>&nbsp;em cada pa\u00eds:<strong>&nbsp;\u201cPrecisamos aprender a respeitar. Voc\u00ea nunca me viu me meter numa decis\u00e3o da Justi\u00e7a americana.\u201d<\/strong><\/p>\n\n\n\n<p><em>*Publicado por Jo\u00e3o Scavacin e sob supervis\u00e3o de Douglas Porto<\/em><\/p>\n\n\n\n<p><\/p>\n","protected":false},"excerpt":{"rendered":"<p>\u200b Declara\u00e7\u00f5es foram dadas em meio \u00e0s rea\u00e7\u00f5es \u00e0 carta enviada pelo presidente norte-amerciano ao governo brasileiro 10\/07\/25 \u00e0s 21:43&nbsp;|&nbsp;Atualizado&nbsp;10\/07\/25 [&hellip;]<\/p>\n","protected":false},"author":1,"featured_media":0,"comment_status":"closed","ping_status":"","sticky":false,"template":"","format":"image","meta":{"site-sidebar-layout":"default","site-content-layout":"","ast-site-content-layout":"default","site-content-style":"default","site-sidebar-style":"default","ast-global-header-display":"","ast-banner-title-visibility":"","ast-main-header-display":"","ast-hfb-above-header-display":"","ast-hfb-below-header-display":"","ast-hfb-mobile-header-display":"","site-post-title":"","ast-breadcrumbs-content":"","ast-featured-img":"","footer-sml-layout":"","ast-disable-related-posts":"","theme-transparent-header-meta":"","adv-header-id-meta":"","stick-header-meta":"","header-above-stick-meta":"","header-main-stick-meta":"","header-below-stick-meta":"","astra-migrate-meta-layouts":"default","ast-page-background-enabled":"default","ast-page-background-meta":{"desktop":{"background-color":"var(--ast-global-color-4)","background-image":"","background-repeat":"repeat","background-position":"center center","background-size":"auto","background-attachment":"scroll","background-type":"","background-media":"","overlay-type":"","overlay-color":"","overlay-opacity":"","overlay-gradient":""},"tablet":{"background-color":"","background-image":"","background-repeat":"repeat","background-position":"center center","background-size":"auto","background-attachment":"scroll","background-type":"","background-media":"","overlay-type":"","overlay-color":"","overlay-opacity":"","overlay-gradient":""},"mobile":{"background-color":"","background-image":"","background-repeat":"repeat","background-position":"center center","background-size":"auto","background-attachment":"scroll","background-type":"","background-media":"","overlay-type":"","overlay-color":"","overlay-opacity":"","overlay-gradient":""}},"ast-content-background-meta":{"desktop":{"background-color":"var(--ast-global-color-5)","background-image":"","background-repeat":"repeat","background-position":"center center","background-size":"auto","background-attachment":"scroll","background-type":"","background-media":"","overlay-type":"","overlay-color":"","overlay-opacity":"","overlay-gradient":""},"tablet":{"background-color":"var(--ast-global-color-5)","background-image":"","background-repeat":"repeat","background-position":"center center","background-size":"auto","background-attachment":"scroll","background-type":"","background-media":"","overlay-type":"","overlay-color":"","overlay-opacity":"","overlay-gradient":""},"mobile":{"background-color":"var(--ast-global-color-5)","background-image":"","background-repeat":"repeat","background-position":"center center","background-size":"auto","background-attachment":"scroll","background-type":"","background-media":"","overlay-type":"","overlay-color":"","overlay-opacity":"","overlay-gradient":""}},"footnotes":""},"categories":[517],"tags":[],"class_list":["post-28881","post","type-post","status-publish","format-image","hentry","category-aconteceu","post_format-post-format-image"],"_links":{"self":[{"href":"https:\/\/noticiasnoface.com.br\/index.php\/wp-json\/wp\/v2\/posts\/28881","targetHints":{"allow":["GET"]}}],"collection":[{"href":"https:\/\/noticiasnoface.com.br\/index.php\/wp-json\/wp\/v2\/posts"}],"about":[{"href":"https:\/\/noticiasnoface.com.br\/index.php\/wp-json\/wp\/v2\/types\/post"}],"author":[{"embeddable":true,"href":"https:\/\/noticiasnoface.com.br\/index.php\/wp-json\/wp\/v2\/users\/1"}],"replies":[{"embeddable":true,"href":"https:\/\/noticiasnoface.com.br\/index.php\/wp-json\/wp\/v2\/comments?post=28881"}],"version-history":[{"count":1,"href":"https:\/\/noticiasnoface.com.br\/index.php\/wp-json\/wp\/v2\/posts\/28881\/revisions"}],"predecessor-version":[{"id":28882,"href":"https:\/\/noticiasnoface.com.br\/index.php\/wp-json\/wp\/v2\/posts\/28881\/revisions\/28882"}],"wp:attachment":[{"href":"https:\/\/noticiasnoface.com.br\/index.php\/wp-json\/wp\/v2\/media?parent=28881"}],"wp:term":[{"taxonomy":"category","embeddable":true,"href":"https:\/\/noticiasnoface.com.br\/index.php\/wp-json\/wp\/v2\/categories?post=28881"},{"taxonomy":"post_tag","embeddable":true,"href":"https:\/\/noticiasnoface.com.br\/index.php\/wp-json\/wp\/v2\/tags?post=28881"}],"curies":[{"name":"wp","href":"https:\/\/api.w.org\/{rel}","templated":true}]}}